{"id":41667,"date":"2022-09-27T08:43:03","date_gmt":"2022-09-27T12:43:03","guid":{"rendered":"https:\/\/archive.cafe.crea.ca\/?p=41667"},"modified":"2022-09-27T08:43:08","modified_gmt":"2022-09-27T12:43:08","slug":"les-ventes-residentielles-nationales-devraient-encore-reculer","status":"publish","type":"post","link":"https:\/\/archive.cafe.crea.ca\/fr\/les-ventes-residentielles-nationales-devraient-encore-reculer\/","title":{"rendered":"Les ventes r\u00e9sidentielles nationales devraient encore reculer"},"content":{"rendered":"\n<p>L\u2019Association canadienne de l\u2019immobilier (ACI) a r\u00e9vis\u00e9 ses <a href=\"https:\/\/www.crea.ca\/fr\/analyses-du-marche-de-lhabitation\/statistiques-sur-le-marche-de-lhabitation-canadien\/previsions-trimestrielles\/\" target=\"_blank\" rel=\"noreferrer noopener\">pr\u00e9visions<\/a> concernant les ventes r\u00e9sidentielles qui seront r\u00e9alis\u00e9es par l\u2019entremise des syst\u00e8mes MLS\u00ae des chambres et associations immobili\u00e8res canadiennes en 2022 et 2023.<\/p>\n\n\n\n<hr class=\"wp-block-separator has-alpha-channel-opacity is-style-wide\"\/>\n\n\n\n<p>La hausse des taux d\u2019int\u00e9r\u00eat continue d\u2019entra\u00eener un ralentissement des ventes r\u00e9sidentielles. Dans certaines r\u00e9gions du pays, les prix des propri\u00e9t\u00e9s ont chut\u00e9 par rapport aux sommets atteints plus t\u00f4t cette ann\u00e9e, tandis que d\u2019autres r\u00e9gions affichent des prix stables; dans certaines r\u00e9gions, les prix ne cessent de grimper. Le probl\u00e8me de l\u2019insuffisance de l\u2019offre est toujours bel et bien pr\u00e9sent.<br><br>Quelque 532 545 propri\u00e9t\u00e9s devraient changer de mains par l\u2019entremise des syst\u00e8mes MLS\u00ae du Canada en 2022, soit une baisse de 20 % par rapport au record de 2021. La r\u00e9vision \u00e0 la baisse des pr\u00e9visions de juin de l\u2019ACI est attribuable en grande partie \u00e0 une r\u00e9vision \u00e0 la baisse des ventes en Ontario, ainsi qu\u2019\u00e0 des r\u00e9visions de moindre importance en Colombie-Britannique, en Alberta et au Qu\u00e9bec.<br><br>Le prix moyen d\u2019une propri\u00e9t\u00e9 \u00e0 l\u2019\u00e9chelle nationale devrait augmenter de 4,7 % en 2022 pour atteindre 720 255 $. Cela dit, une grande partie de la hausse est attribuable aux prix \u00e9lev\u00e9s observ\u00e9s en d\u00e9but d\u2019ann\u00e9e. Les hausses des prix les plus importantes sur une base annuelle sont pr\u00e9vues au Qu\u00e9bec et dans les Maritimes.<\/p>\n\n\n\n<p>En 2023, les ventes r\u00e9sidentielles nationales devraient reculer d\u2019encore 2,3 %, pour atteindre environ 520 156 unit\u00e9s. Le prix moyen d\u2019une propri\u00e9t\u00e9 \u00e0 l\u2019\u00e9chelle nationale devrait demeurer stable dans la plupart des r\u00e9gions (+0,2 %) de 2022 \u00e0 2023, pour atteindre presque 722 000 $.<\/p>\n","protected":false},"excerpt":{"rendered":"<p>L\u2019Association canadienne de l\u2019immobilier (ACI) a r\u00e9vis\u00e9 ses pr\u00e9visions concernant les ventes r\u00e9sidentielles qui seront r\u00e9alis\u00e9es par l\u2019entremise des syst\u00e8mes MLS\u00ae des chambres et associations immobili\u00e8res canadiennes en 2022 et 2023.<\/p>\n","protected":false},"author":130,"featured_media":41665,"comment_status":"open","ping_status":"open","sticky":false,"template":"","format":"standard","meta":{"footnotes":""},"categories":[2367],"tags":[2380],"coauthors":[2388],"class_list":["post-41667","post","type-post","status-publish","format-standard","has-post-thumbnail","hentry","category-statistiques","tag-featured-fr-2"],"aioseo_notices":[],"_links":{"self":[{"href":"https:\/\/archive.cafe.crea.ca\/fr\/wp-json\/wp\/v2\/posts\/41667"}],"collection":[{"href":"https:\/\/archive.cafe.crea.ca\/fr\/wp-json\/wp\/v2\/posts"}],"about":[{"href":"https:\/\/archive.cafe.crea.ca\/fr\/wp-json\/wp\/v2\/types\/post"}],"author":[{"embeddable":true,"href":"https:\/\/archive.cafe.crea.ca\/fr\/wp-json\/wp\/v2\/users\/130"}],"replies":[{"embeddable":true,"href":"https:\/\/archive.cafe.crea.ca\/fr\/wp-json\/wp\/v2\/comments?post=41667"}],"version-history":[{"count":2,"href":"https:\/\/archive.cafe.crea.ca\/fr\/wp-json\/wp\/v2\/posts\/41667\/revisions"}],"predecessor-version":[{"id":41695,"href":"https:\/\/archive.cafe.crea.ca\/fr\/wp-json\/wp\/v2\/posts\/41667\/revisions\/41695"}],"wp:featuredmedia":[{"embeddable":true,"href":"https:\/\/archive.cafe.crea.ca\/fr\/wp-json\/wp\/v2\/media\/41665"}],"wp:attachment":[{"href":"https:\/\/archive.cafe.crea.ca\/fr\/wp-json\/wp\/v2\/media?parent=41667"}],"wp:term":[{"taxonomy":"category","embeddable":true,"href":"https:\/\/archive.cafe.crea.ca\/fr\/wp-json\/wp\/v2\/categories?post=41667"},{"taxonomy":"post_tag","embeddable":true,"href":"https:\/\/archive.cafe.crea.ca\/fr\/wp-json\/wp\/v2\/tags?post=41667"},{"taxonomy":"author","embeddable":true,"href":"https:\/\/archive.cafe.crea.ca\/fr\/wp-json\/wp\/v2\/coauthors?post=41667"}],"curies":[{"name":"wp","href":"https:\/\/api.w.org\/{rel}","templated":true}]}}