{"id":41205,"date":"2022-07-14T16:11:00","date_gmt":"2022-07-14T20:11:00","guid":{"rendered":"https:\/\/archive.cafe.crea.ca\/?p=41205"},"modified":"2022-07-14T16:13:02","modified_gmt":"2022-07-14T20:13:02","slug":"la-banque-du-canada-augmente-le-taux-cible-du-financement-a-un-jour-de-100-points-de-base-la-plus-forte-hausse-en-plus-de-20-ans","status":"publish","type":"post","link":"https:\/\/archive.cafe.crea.ca\/fr\/la-banque-du-canada-augmente-le-taux-cible-du-financement-a-un-jour-de-100-points-de-base-la-plus-forte-hausse-en-plus-de-20-ans\/","title":{"rendered":"La Banque du Canada augmente le taux cible du financement \u00e0 un jour de 100 points de base, la plus forte hausse en plus de 20 ans"},"content":{"rendered":"\n<p>La Banque du Canada a annonc\u00e9 une hausse plus \u00e9lev\u00e9e que pr\u00e9vu du taux cible du financement \u00e0 un jour, soit \u00e0\u00a02,5\u00a0%, tout en poursuivant sa politique de resserrement quantitatif.<\/p>\n\n\n\n<p>Puisque l\u2019inflation demeure bien sup\u00e9rieure aux attentes de la Banque et que la situation ne semble pas pr\u00e8s de changer \u00e0 court terme, la Banque a augment\u00e9 le taux directeur de\u00a0100\u00a0points de base. Selon le Conseil de direction, cette d\u00e9cision a \u00e9t\u00e9 prise dans le but \u00ab\u00a0d\u2019acc\u00e9l\u00e9rer sans tarder le rel\u00e8vement des taux d\u2019int\u00e9r\u00eat\u00a0\u00bb. Il s\u2019agit de la plus forte augmentation des taux depuis le\u00a027\u00a0ao\u00fbt\u00a01998.<\/p>\n\n\n\n<p>N\u00e9anmoins, la d\u00e9claration \u00ab\u00a0d\u2019acc\u00e9l\u00e9rer sans tarder le rel\u00e8vement des taux d\u2019int\u00e9r\u00eat\u00a0\u00bb sugg\u00e8re que la hausse des taux de juillet pourrait \u00eatre compens\u00e9e par des hausses moins importantes plus tard dans l\u2019ann\u00e9e. Sur les march\u00e9s financiers, il est pr\u00e9vu que la Banque annoncera d\u2019autres hausses des taux d\u2019int\u00e9r\u00eat au cours de\u00a02022, et que les taux atteindront\u00a03,5\u00a0% d\u2019ici la fin de l\u2019ann\u00e9e\u00a0\u2013\u00a0donc, pas de changements majeurs malgr\u00e9 l\u2019annonce d\u2019aujourd\u2019hui.<\/p>\n\n\n\n<p>La Banque a not\u00e9 plusieurs facteurs persistants qui contribuent au renforcement de l\u2019inflation, et a d\u00e9clar\u00e9\u00a0: \u00ab\u00a0M\u00eame si des facteurs mondiaux comme la guerre en Ukraine et les perturbations continues de l\u2019approvisionnement ont \u00e9t\u00e9 les principaux moteurs de l\u2019inflation, les pressions int\u00e9rieures sur les prix attribuables \u00e0 la demande exc\u00e9dentaire gagnent en importance.\u00a0\u00bb La Banque a soulign\u00e9 que la demande exc\u00e9dentaire dans l\u2019\u00e9conomie canadienne, le resserrement des march\u00e9s du travail, le taux de ch\u00f4mage qui n\u2019a jamais \u00e9t\u00e9 aussi bas, les p\u00e9nuries de main-d\u2019\u0153uvre et les pressions croissantes sur les salaires sont les moteurs de l\u2019inflation au pays. <\/p>\n\n\n\n<p>La Banque a \u00e9galement soulign\u00e9 que puisque les consommateurs et les entreprises s\u2019attendent \u00e0 ce que l\u2019inflation demeure \u00e9lev\u00e9e pendant encore longtemps, le risque que l\u2019inflation s\u2019enracine et devienne difficile \u00e0 combattre est \u00e9galement \u00e9lev\u00e9. La Banque ne pr\u00e9voit donc pas que le taux d\u2019inflation revienne \u00e0 sa cible de 2\u00a0% avant la fin de 2024.<\/p>\n\n\n\n<p>La Banque indique que la croissance de l\u2019\u00e9conomie canadienne a \u00e9t\u00e9 de 4\u00a0% au deuxi\u00e8me trimestre de\u00a02022, mais qu\u2019elle conna\u00eetra un ralentissement en raison d\u2019un repli de la consommation et des activit\u00e9s dans le secteur du logement. \u00c0 plus long terme, la Banque pr\u00e9voit maintenant que la croissance du PIB de l\u2019\u00e9conomie canadienne sera de\u00a03,5\u00a0% en\u00a02022, de\u00a01,75\u00a0% en\u00a02023 et de\u00a02,5\u00a0% en\u00a02024. Les pr\u00e9visions de croissance ont \u00e9t\u00e9 revues consid\u00e9rablement \u00e0 la baisse pour cette ann\u00e9e et l\u2019ann\u00e9e prochaine comparativement aux pr\u00e9visions ant\u00e9rieures de la Banque, publi\u00e9es dans son <em>Rapport sur la politique mon\u00e9taire<\/em> d\u2019avril.<\/p>\n\n\n\n<p>Les grandes banques \u00e0 charte canadiennes affichent actuellement des pr\u00eats hypoth\u00e9caires de\u00a0cinq\u00a0ans \u00e0 un taux fixe sp\u00e9cial d\u2019environ\u00a04,81\u00a0%. Les acheteurs peuvent souvent n\u00e9gocier le taux d\u2019int\u00e9r\u00eat de leur pr\u00eat hypoth\u00e9caire en fonction de leur solvabilit\u00e9 et des autres services bancaires que leur fournit le pr\u00eateur hypoth\u00e9caire.<\/p>\n\n\n\n<p>Le taux minimal d\u2019admissibilit\u00e9 pour tous les pr\u00eats hypoth\u00e9caires est le plus \u00e9lev\u00e9 entre le taux du contrat hypoth\u00e9caire\u00a0+\u00a02\u00a0% ou\u00a05,25\u00a0%, tel qu\u2019\u00e9tabli par le Bureau du surintendant des institutions financi\u00e8res (BSIF) et le minist\u00e8re des Finances. Le seuil du taux de la simulation de crise pour les taux d\u2019int\u00e9r\u00eat hypoth\u00e9caires fixes est donc maintenant pr\u00e8s de\u00a07\u00a0% pour les nouveaux emprunteurs. Tous les demandeurs de pr\u00eat hypoth\u00e9caire doivent \u00eatre admissibles \u00e0 un pr\u00eat assorti d\u2019un taux d\u2019int\u00e9r\u00eat \u00e9gal au taux de r\u00e9f\u00e9rence sur\u00a0cinq\u00a0ans, m\u00eame si la dur\u00e9e du pr\u00eat est inf\u00e9rieure \u00e0\u00a0cinq\u00a0ans.<\/p>\n\n\n\n<p>La prochaine annonce de la Banque du Canada sur le taux directeur est fix\u00e9e au\u00a07\u00a0septembre\u00a02022. La nouvelle projection pour l\u2019\u00e9conomie et l\u2019inflation ainsi qu\u2019une analyse des risques connexes seront publi\u00e9es dans le <em>Rapport sur la politique mon\u00e9taire<\/em>, que la Banque fera para\u00eetre le\u00a026\u00a0octobre\u00a02022.<\/p>\n","protected":false},"excerpt":{"rendered":"<p>La Banque du Canada a annonc\u00e9 une hausse plus \u00e9lev\u00e9e que pr\u00e9vu du taux cible du financement \u00e0 un jour, soit \u00e0\u00a02,5\u00a0%, tout en poursuivant sa politique de resserrement quantitatif. Puisque l\u2019inflation demeure bien sup\u00e9rieure aux attentes de la Banque et que la situation ne semble pas pr\u00e8s de changer \u00e0 court terme, la Banque &hellip; <a href=\"https:\/\/archive.cafe.crea.ca\/fr\/la-banque-du-canada-augmente-le-taux-cible-du-financement-a-un-jour-de-100-points-de-base-la-plus-forte-hausse-en-plus-de-20-ans\/\" class=\"more-link\">Continue reading <span class=\"screen-reader-text\">La Banque du Canada augmente le taux cible du financement \u00e0 un jour de 100 points de base, la plus forte hausse en plus de 20 ans<\/span><\/a><\/p>\n","protected":false},"author":130,"featured_media":41201,"comment_status":"open","ping_status":"open","sticky":false,"template":"","format":"standard","meta":{"footnotes":""},"categories":[2367],"tags":[2379,2380],"coauthors":[2388],"class_list":["post-41205","post","type-post","status-publish","format-standard","has-post-thumbnail","hentry","category-statistiques","tag-featured-fr","tag-featured-fr-2"],"aioseo_notices":[],"_links":{"self":[{"href":"https:\/\/archive.cafe.crea.ca\/fr\/wp-json\/wp\/v2\/posts\/41205"}],"collection":[{"href":"https:\/\/archive.cafe.crea.ca\/fr\/wp-json\/wp\/v2\/posts"}],"about":[{"href":"https:\/\/archive.cafe.crea.ca\/fr\/wp-json\/wp\/v2\/types\/post"}],"author":[{"embeddable":true,"href":"https:\/\/archive.cafe.crea.ca\/fr\/wp-json\/wp\/v2\/users\/130"}],"replies":[{"embeddable":true,"href":"https:\/\/archive.cafe.crea.ca\/fr\/wp-json\/wp\/v2\/comments?post=41205"}],"version-history":[{"count":1,"href":"https:\/\/archive.cafe.crea.ca\/fr\/wp-json\/wp\/v2\/posts\/41205\/revisions"}],"predecessor-version":[{"id":41206,"href":"https:\/\/archive.cafe.crea.ca\/fr\/wp-json\/wp\/v2\/posts\/41205\/revisions\/41206"}],"wp:featuredmedia":[{"embeddable":true,"href":"https:\/\/archive.cafe.crea.ca\/fr\/wp-json\/wp\/v2\/media\/41201"}],"wp:attachment":[{"href":"https:\/\/archive.cafe.crea.ca\/fr\/wp-json\/wp\/v2\/media?parent=41205"}],"wp:term":[{"taxonomy":"category","embeddable":true,"href":"https:\/\/archive.cafe.crea.ca\/fr\/wp-json\/wp\/v2\/categories?post=41205"},{"taxonomy":"post_tag","embeddable":true,"href":"https:\/\/archive.cafe.crea.ca\/fr\/wp-json\/wp\/v2\/tags?post=41205"},{"taxonomy":"author","embeddable":true,"href":"https:\/\/archive.cafe.crea.ca\/fr\/wp-json\/wp\/v2\/coauthors?post=41205"}],"curies":[{"name":"wp","href":"https:\/\/api.w.org\/{rel}","templated":true}]}}