{"id":41191,"date":"2022-07-12T11:57:24","date_gmt":"2022-07-12T15:57:24","guid":{"rendered":"https:\/\/archive.cafe.crea.ca\/?p=41191"},"modified":"2022-07-12T14:46:26","modified_gmt":"2022-07-12T18:46:26","slug":"mise-a-jour-de-laci-changements-apportes-au-logo-au-site-web-et-au-nom-en-francais","status":"publish","type":"post","link":"https:\/\/archive.cafe.crea.ca\/fr\/mise-a-jour-de-laci-changements-apportes-au-logo-au-site-web-et-au-nom-en-francais\/","title":{"rendered":"Mise \u00e0 jour de l\u2019ACI : changements apport\u00e9s au logo, au site Web et au nom en fran\u00e7ais"},"content":{"rendered":"\n<p>Nous sommes heureux d\u2019annoncer que le logo de l\u2019ACI et le site Web CREA.ca seront rafra\u00eechis et r\u00e9align\u00e9s.<\/p>\n\n\n\n<p>Bien que nous n\u2019ayons apport\u00e9 que de l\u00e9g\u00e8res modifications \u00e0 notre logo, nous avons am\u00e9lior\u00e9 la navigation et la pr\u00e9sentation du site Web CREA.ca de fa\u00e7on \u00e0 accro\u00eetre la convivialit\u00e9 et \u00e0 mieux r\u00e9pondre aux besoins des visiteurs.<\/p>\n\n\n\n<p>Depuis 2015, le site CREA.ca ressemble \u00e0 l\u2019image en haut \u00e0 gauche, mais nous mettrons \u00e0 jour le site Web afin de lui donner une allure plus moderne refl\u00e9tant notre mission et nos valeurs, comme vous pouvez le voir dans l\u2019image en bas \u00e0 droite. <\/p>\n\n\n\n<figure class=\"wp-block-image\"><img loading=\"lazy\" decoding=\"async\" width=\"550\" height=\"458\" src=\"https:\/\/archive.cafe.crea.ca\/wp-content\/uploads\/2022\/07\/french-name-1.jpg\" alt=\"Side by side of old and new CREA.ca websites.\" class=\"wp-image-41183\"\/><\/figure>\n\n\n\n<p>Les changements apport\u00e9s au logo de l\u2019ACI sont \u00e9galement pr\u00e9sent\u00e9s ci-dessous. Vous remarquerez le changement subtil \u00e0 la police de caract\u00e8res dans la comparaison c\u00f4te&nbsp;\u00e0&nbsp;c\u00f4te&nbsp;\u2012&nbsp;un clin d\u2019\u0153il au site REALTOR.ca (que nous utiliserons \u00e9galement sur le nouveau site Web CREA.ca)&nbsp;\u2013&nbsp;et un changement de nom en fran\u00e7ais. Le nouveau nom, approuv\u00e9 lors de l\u2019<a rel=\"noreferrer noopener\" aria-label=\" (opens in a new tab)\" href=\"https:\/\/archive.cafe.crea.ca\/fr\/premiere-edition-hybride-de-laga-du-sommet-des-dirigeants-dagence-et-du-sommet-de-la-direction-de-laci\/\" target=\"_blank\">Assembl\u00e9e g\u00e9n\u00e9rale annuelle de l\u2019ACI<\/a>, sera <strong>L\u2019Association canadienne de l\u2019immobilier<\/strong> et repr\u00e9sentera notre fonction op\u00e9rationnelle avec plus de pr\u00e9cision.<\/p>\n\n\n\n<figure class=\"wp-block-image\"><img loading=\"lazy\" decoding=\"async\" width=\"550\" height=\"278\" src=\"https:\/\/archive.cafe.crea.ca\/wp-content\/uploads\/2022\/07\/french-name-2.jpg\" alt=\"Old and new logos.\" class=\"wp-image-41185\"\/><\/figure>\n\n\n\n<h2 class=\"wp-block-heading\">Pourquoi ce changement \u00e9tait-il n\u00e9cessaire?<\/h2>\n\n\n\n<p>Au cours d\u2019une r\u00e9vision des R\u00e8glements de l\u2019ACI, nous avons constat\u00e9 que la version fran\u00e7aise du nom de l\u2019ACI, L\u2019Association canadienne de l\u2019immeuble, ne refl\u00e9tait pas exactement le nom en anglais. Comme ce changement exigeait \u00e9galement une modification des statuts constitutifs de l\u2019ACI, la motion n\u00e9cessitait un vote \u00e0 la majorit\u00e9 des deux&nbsp;tiers des d\u00e9l\u00e9gu\u00e9s ayant droit de vote.<\/p>\n\n\n\n<p>Si vous ou votre agence utilisez actuellement le nom ou le logo de l\u2019ACI sur votre site Web, dans du mat\u00e9riel promotionnel ou dans d\u2019autres ressources, vous devrez vous assurer d\u2019utiliser la version mise \u00e0 jour.<\/p>\n\n\n\n<div class=\"wp-block-button\"><a class=\"wp-block-button__link\" href=\"https:\/\/www.realtorlink.ca\/content\/realtorlink\/crea\/fr_CA\/resources---compliance\/legal-compliance---national-standards\/compliance-resources\/trademarks-and-logos.html\">Acc\u00e9der aux fichiers du logo mis \u00e0 jour<\/a><\/div>\n\n\n\n<h2 class=\"wp-block-heading\">Qu\u2019en est-il des\nchangements au site Web CREA.ca?<\/h2>\n\n\n\n<p>L\u2019aspect \u00e9pur\u00e9 et\nmoderne cr\u00e9e un parcours utilisateur plus naturel et coh\u00e9sif et aide \u00e0 mettre\nen \u00e9vidence le contenu apparaissant sous nos trois&nbsp;piliers&nbsp;: d\u00e9fense\ndes int\u00e9r\u00eats, r\u00e9putation, et technologie pour nos membres et les consommateurs.<\/p>\n\n\n\n<p>Vous pourrez toujours trouver toutes les\nressources dont vous avez besoin sur le nouveau site Web CREA.ca, y compris vos\noutils Web, vos \u00e9pisodes de baladodiffusion, vos applications et vos donn\u00e9es\npr\u00e9f\u00e9r\u00e9s. Vous aurez \u00e9galement acc\u00e8s aux derni\u00e8res nouvelles concernant nos\nefforts de d\u00e9fense des int\u00e9r\u00eats, REALTOR.ca, le programme des affili\u00e9s\ninternationaux de l\u2019ACI et les statistiques nationales sur l\u2019habitation.<\/p>\n\n\n\n<p>En plus d\u2019un aspect visuel rafra\u00eechi, nous avons introduit des \u00e9l\u00e9ments visant \u00e0 am\u00e9liorer l\u2019exp\u00e9rience utilisateur, comme une nouvelle fonction de recherche.<br> <br> Veuillez adresser toute question au Centre de l\u2019exp\u00e9rience des membres \u00e0 <a href=\"mailto:support@crea.ca\" target=\"_blank\" rel=\"noreferrer noopener\" aria-label=\" (opens in a new tab)\">support@crea.ca<\/a> ou au 1-888-237-7945.<\/p>\n","protected":false},"excerpt":{"rendered":"<p>Nous sommes heureux d\u2019annoncer que le logo de l\u2019ACI et le site Web CREA.ca seront rafra\u00eechis et r\u00e9align\u00e9s. Bien que nous n\u2019ayons apport\u00e9 que de l\u00e9g\u00e8res modifications \u00e0 notre logo, nous avons am\u00e9lior\u00e9 la navigation et la pr\u00e9sentation du site Web CREA.ca de fa\u00e7on \u00e0 accro\u00eetre la convivialit\u00e9 et \u00e0 mieux r\u00e9pondre aux besoins des &hellip; <a href=\"https:\/\/archive.cafe.crea.ca\/fr\/mise-a-jour-de-laci-changements-apportes-au-logo-au-site-web-et-au-nom-en-francais\/\" class=\"more-link\">Continue reading <span class=\"screen-reader-text\">Mise \u00e0 jour de l\u2019ACI : changements apport\u00e9s au logo, au site Web et au nom en fran\u00e7ais<\/span><\/a><\/p>\n","protected":false},"author":88,"featured_media":41192,"comment_status":"open","ping_status":"open","sticky":false,"template":"","format":"standard","meta":{"footnotes":""},"categories":[2366],"tags":[],"coauthors":[2218],"class_list":["post-41191","post","type-post","status-publish","format-standard","has-post-thumbnail","hentry","category-nouvelles-de-laci"],"aioseo_notices":[],"_links":{"self":[{"href":"https:\/\/archive.cafe.crea.ca\/fr\/wp-json\/wp\/v2\/posts\/41191"}],"collection":[{"href":"https:\/\/archive.cafe.crea.ca\/fr\/wp-json\/wp\/v2\/posts"}],"about":[{"href":"https:\/\/archive.cafe.crea.ca\/fr\/wp-json\/wp\/v2\/types\/post"}],"author":[{"embeddable":true,"href":"https:\/\/archive.cafe.crea.ca\/fr\/wp-json\/wp\/v2\/users\/88"}],"replies":[{"embeddable":true,"href":"https:\/\/archive.cafe.crea.ca\/fr\/wp-json\/wp\/v2\/comments?post=41191"}],"version-history":[{"count":3,"href":"https:\/\/archive.cafe.crea.ca\/fr\/wp-json\/wp\/v2\/posts\/41191\/revisions"}],"predecessor-version":[{"id":41198,"href":"https:\/\/archive.cafe.crea.ca\/fr\/wp-json\/wp\/v2\/posts\/41191\/revisions\/41198"}],"wp:featuredmedia":[{"embeddable":true,"href":"https:\/\/archive.cafe.crea.ca\/fr\/wp-json\/wp\/v2\/media\/41192"}],"wp:attachment":[{"href":"https:\/\/archive.cafe.crea.ca\/fr\/wp-json\/wp\/v2\/media?parent=41191"}],"wp:term":[{"taxonomy":"category","embeddable":true,"href":"https:\/\/archive.cafe.crea.ca\/fr\/wp-json\/wp\/v2\/categories?post=41191"},{"taxonomy":"post_tag","embeddable":true,"href":"https:\/\/archive.cafe.crea.ca\/fr\/wp-json\/wp\/v2\/tags?post=41191"},{"taxonomy":"author","embeddable":true,"href":"https:\/\/archive.cafe.crea.ca\/fr\/wp-json\/wp\/v2\/coauthors?post=41191"}],"curies":[{"name":"wp","href":"https:\/\/api.w.org\/{rel}","templated":true}]}}