{"id":40943,"date":"2022-06-02T09:00:54","date_gmt":"2022-06-02T13:00:54","guid":{"rendered":"https:\/\/archive.cafe.crea.ca\/?p=40943"},"modified":"2022-05-30T15:06:14","modified_gmt":"2022-05-30T19:06:14","slug":"portrait-de-la-nouvelle-presidente-de-laci-jill-oudil","status":"publish","type":"post","link":"https:\/\/archive.cafe.crea.ca\/fr\/portrait-de-la-nouvelle-presidente-de-laci-jill-oudil\/","title":{"rendered":"Portrait de la nouvelle pr\u00e9sidente de l\u2019ACI : Jill Oudil"},"content":{"rendered":"\n<p>Le\n5&nbsp;avril dernier, Jill&nbsp;Oudil, de Vancouver, en Colombie-Britannique, est\nofficiellement devenue la 77<sup>e<\/sup>&nbsp;pr\u00e9sidente de L\u2019Association\ncanadienne de l\u2019immeuble (ACI), et la 9<sup>e<\/sup>&nbsp;femme \u00e0 occuper ce\nposte. Nous nous sommes r\u00e9cemment entretenus avec M<sup>me&nbsp;<\/sup>Oudil,\nqui nous a parl\u00e9 d\u2019elle, de ses d\u00e9buts en immobilier et de ses objectifs en\ntant que pr\u00e9sidente. Elle nous a \u00e9galement fait part des philosophies qui\nguident tant sa vie professionnelle que personnelle. <\/p>\n\n\n\n<p>M<sup>me<\/sup>&nbsp;Oudil\nnous a parl\u00e9 de sa jeunesse, et nous a confi\u00e9 que l\u2019immobilier a toujours jou\u00e9\nun r\u00f4le important dans sa vie et qu\u2019elle a d\u00e9velopp\u00e9, et conserv\u00e9, une passion pour le secteur. <\/p>\n\n\n\n<p>\u00ab&nbsp;\u00c0 l\u2019\u00e2ge de 9&nbsp;ans, j\u2019ai commenc\u00e9 \u00e0 accompagner mon p\u00e8re \u00e0 son\ntravail. Il \u00e9tait agent immobilier membre de l\u2019ACI. Lors des visites libres,\nc\u2019est moi qui distribuais les fiches descriptives&nbsp;\u2013&nbsp;l\u2019ambiance \u00e9tait un\npeu plus d\u00e9contract\u00e9e \u00e0 l\u2019\u00e9poque&nbsp;\u2013&nbsp;et je suis tomb\u00e9e en amour avec\nl\u2019immobilier. Un amour qui n\u2019a cess\u00e9 de me motiver toutes ces ann\u00e9es! Trente\nans consacr\u00e9s au m\u00eame travail, c\u2019est beaucoup, et \u00e7a peut sembler encore plus\nlong si la passion n\u2019y est pas. Pour ma part, je ne peux m\u2019imaginer faire autre\nchose; l\u2019immobilier \u00e9tanche ma soif d\u2019apprendre! Je n\u2019ai jamais ressenti le\nbesoin de quitter mon emploi que j\u2019adore pour embrasser une nouvelle carri\u00e8re puisque\nj\u2019ai toujours eu la possibilit\u00e9 de m\u2019\u00e9panouir, de redonner \u00e0 ma communaut\u00e9 et\nde m\u2019adapter aux changements. Pour moi, le changement est un cadeau; tout est\ndans la fa\u00e7on d\u2019aborder les nouveaux d\u00e9fis. Le secteur de l\u2019immobilier vit une\ntransformation profonde, plus particuli\u00e8rement depuis les deux derni\u00e8res\nann\u00e9es, et nous force, les courtiers et agents immobiliers, \u00e0 nous adapter. Mais\nsi nous parvenons \u00e0 garder l\u2019apprentissage au c\u0153ur de notre m\u00e9tier, je crois\nque nous en sortirons tous gagnants. Mon conjoint, Terry, est agent\nimmobilier depuis 35&nbsp;ans et comprend aussi tr\u00e8s bien le d\u00e9vouement\nn\u00e9cessaire \u00e0 la profession. Il m\u2019a beaucoup soutenue cette ann\u00e9e et les ann\u00e9es\nant\u00e9rieures alors que je travaillais au sein du secteur structur\u00e9 de\nl\u2019immobilier. \u00bb<\/p>\n\n\n\n<p>La\ncollaboration et le respect \u00e9taient des th\u00e8mes r\u00e9currents dans notre\nconversation. M<sup>me<\/sup>&nbsp;Oudil a soulign\u00e9 l\u2019importance qu\u2019elle accorde\n\u00e0 tisser des liens dans la communaut\u00e9 immobili\u00e8re. Elle nous a expliqu\u00e9 avec\npassion son engagement \u00e0 rallier toute la communaut\u00e9 \u00e0 un objectif commun et sa\ncroyance selon laquelle&nbsp;: \u00ab&nbsp;nous avons tous un r\u00f4le \u00e0 jouer pour r\u00e9agir\naux perturbateurs du secteur avec un message coh\u00e9sif qui repr\u00e9sente\nv\u00e9ritablement nos valeurs.&nbsp;\u00bb <\/p>\n\n\n\n<p>\u00ab&nbsp;L\u2019objectif global consiste \u00e0 collaborer le plus possible avec nos\nchambres et associations pour mieux nous comprendre les unes les autres et\ncr\u00e9er des partenariats communs. L\u2019\u00e9volution du secteur fera \u00e9merger de nouveaux\nd\u00e9fis, et si nous continuons de solidifier nos liens, nous b\u00e9n\u00e9ficierons d\u2019une\npluralit\u00e9 de perspectives, que ce soit sur le plan g\u00e9ographique ou gr\u00e2ce \u00e0 la\ndiversit\u00e9 de la communaut\u00e9 immobili\u00e8re.&nbsp;\u00bb<\/p>\n\n\n\n<p>Durant sa\ncarri\u00e8re, Jill&nbsp;Oudil a accompli plusieurs choses dont elle est fi\u00e8re. Elle\nsemblait ne pas vouloir s\u2019\u00e9tendre trop longuement sur ses r\u00e9alisations, mais\nnous avons tout de m\u00eame discut\u00e9 des moments forts de sa carri\u00e8re.<\/p>\n\n\n\n<p>\u00ab&nbsp;J\u2019ai pr\u00e9sid\u00e9 la Real Estate Board of Greater Vancouver, une\nchambre qui me tient \u00e0 c\u0153ur puisque j\u2019en ai \u00e9t\u00e9 membre et que je la connais\ndepuis que je suis toute petite. En revanche, je pr\u00e9f\u00e8re avoir la chance de\ntravailler avec des clients au quotidien. C\u2019est tr\u00e8s important pour moi de\nfaire tout ce que je peux pour les aider \u00e0 trouver la maison de leur r\u00eave,\nsachant \u00e0 quel point \u00e7a transforme leur vie. Je suis \u00e9galement tr\u00e8s fi\u00e8re de\ntravailler avec tant de gens bienveillants qui veulent changer les choses. En\ntant que courtiers et agents immobiliers, nous sommes t\u00e9moins des effets\npositifs lorsque les gens trouvent la maison id\u00e9ale. Nous sommes si chanceux de\npouvoir vivre cela dans notre travail. Je crois que c\u2019est pour cette raison que\nde nombreux courtiers et agents immobiliers choisissent de s\u2019impliquer\nactivement dans des projets de construction locaux. C\u2019est l\u2019un des points forts\nde notre communaut\u00e9.&nbsp;\u00bb<\/p>\n\n\n\n<p>Lorsque\nnous lui avons demand\u00e9 comment elle se sentait d\u2019avoir \u00e9t\u00e9 \u00e9lue la neuvi\u00e8me femme\n\u00e0 pr\u00e9sider l\u2019ACI, M<sup>me<\/sup>&nbsp;Oudil nous a confi\u00e9 que c\u2019\u00e9tait son fils\nqui lui \u00ab&nbsp;avait v\u00e9ritablement fait prendre conscience de toute la port\u00e9e\nde cette nomination.&nbsp;\u00bb Lorsqu\u2019elle jette un regard r\u00e9trospectif sur sa\ncarri\u00e8re, Jill&nbsp;Oudil est tr\u00e8s reconnaissante de ce qu\u2019elle a accompli,\nmais elle ne peut passer sous silence le dur labeur, les situations difficiles\net les pr\u00e9jug\u00e9s auxquels elle a \u00e9t\u00e9 confront\u00e9e en tant que femme dans un\nsecteur hautement comp\u00e9titif. Elle ajoute&nbsp;: \u00ab&nbsp;pourvu que les\ncourtiers et agents immobiliers se soutiennent entre eux, donnent au suivant et\ncollaborent pour faire en sorte que le secteur soit repr\u00e9sent\u00e9 de la fa\u00e7on la\nplus juste et positive possible, je crois que nous continuerons de faire des\nprogr\u00e8s.&nbsp;\u00bb<\/p>\n\n\n\n<h2 class=\"wp-block-heading\"><strong>Quelques\nquestions en rafale<\/strong><\/h2>\n\n\n\n<p><strong>Quel est votre repas pr\u00e9f\u00e9r\u00e9?<\/strong><\/p>\n\n\n\n<p>\u00ab&nbsp;Difficile \u00e0 dire! J\u2019adore manger et cuisiner, mais je dirais une\nbonne pizza. J\u2019aime bien les faire maison dans notre four \u00e0 pizza.&nbsp;\u00bb<\/p>\n\n\n\n<p><strong>Que faites-vous pour vous d\u00e9tendre?<\/strong><\/p>\n\n\n\n<p>\u00ab&nbsp;Je cuisine, parfois avec un verre de vin \u00e0 la main, au son de la\nmusique et entour\u00e9e de mes amis et de ma famille.&nbsp;\u00bb<\/p>\n\n\n\n<p><strong>Si vous n\u2019\u00e9tiez pas dans le domaine de l\u2019immobilier, que feriez-vous comme m\u00e9tier?<\/strong><\/p>\n\n\n\n<p>\u00ab&nbsp;L\u2019immobilier est ma v\u00e9ritable passion, mais j\u2019adore apprendre\ncomment fonctionne l\u2019esprit humain, alors probablement psychologue, th\u00e9rapeute\nou m\u00eame avocate!&nbsp;\u00bb<\/p>\n\n\n\n<p><strong>Sur quoi ou sur qui pouvez-vous compter pour vous faire sourire?<\/strong><\/p>\n\n\n\n<p>\u00ab&nbsp;Ma famille, et surtout mon conjoint et mes trois enfants. Je ris aussi de moi-m\u00eame\nparfois!&nbsp;\u00bb<\/p>\n\n\n\n<p><strong>Qu\u2019aimez-vous faire dans vos temps libres?<\/strong><\/p>\n\n\n\n<p>\u00ab&nbsp;Il y a quelque temps, nous nous sommes procur\u00e9 un Peloton, et\nc\u2019est mon nouveau dada. Mais je reviens toujours \u00e0 mes premi\u00e8res amours&nbsp;:\ncuisiner et recevoir.&nbsp;\u00bb<\/p>\n\n\n\n<p><strong>Auriez-vous une s\u00e9rie t\u00e9l\u00e9 \u00e0 nous recommander?<\/strong><\/p>\n\n\n\n<p>\u00ab&nbsp;Ma s\u00e9rie pr\u00e9f\u00e9r\u00e9e (qui date un peu) est <em>Homeland. <\/em>J\u2019aime\n\u00e9galement beaucoup <em>The Good&nbsp;Wife<\/em> et <em>Billions.<\/em> Je viens\n\u00e9galement de terminer <em>Ozark,<\/em> une s\u00e9rie g\u00e9niale!&nbsp;\u00bb<\/p>\n","protected":false},"excerpt":{"rendered":"<p>Le 5&nbsp;avril dernier, Jill&nbsp;Oudil, de Vancouver, en Colombie-Britannique, est officiellement devenue la 77e&nbsp;pr\u00e9sidente de L\u2019Association canadienne de l\u2019immeuble (ACI), et la 9e&nbsp;femme \u00e0 occuper ce poste. Nous nous sommes r\u00e9cemment entretenus avec Mme&nbsp;Oudil, qui nous a parl\u00e9 d\u2019elle, de ses d\u00e9buts en immobilier et de ses objectifs en tant que pr\u00e9sidente. Elle nous a \u00e9galement &hellip; <a href=\"https:\/\/archive.cafe.crea.ca\/fr\/portrait-de-la-nouvelle-presidente-de-laci-jill-oudil\/\" class=\"more-link\">Continue reading <span class=\"screen-reader-text\">Portrait de la nouvelle pr\u00e9sidente de l\u2019ACI : Jill Oudil<\/span><\/a><\/p>\n","protected":false},"author":166,"featured_media":40903,"comment_status":"open","ping_status":"open","sticky":false,"template":"","format":"standard","meta":{"footnotes":""},"categories":[2366],"tags":[],"coauthors":[2432],"class_list":["post-40943","post","type-post","status-publish","format-standard","has-post-thumbnail","hentry","category-nouvelles-de-laci"],"aioseo_notices":[],"_links":{"self":[{"href":"https:\/\/archive.cafe.crea.ca\/fr\/wp-json\/wp\/v2\/posts\/40943"}],"collection":[{"href":"https:\/\/archive.cafe.crea.ca\/fr\/wp-json\/wp\/v2\/posts"}],"about":[{"href":"https:\/\/archive.cafe.crea.ca\/fr\/wp-json\/wp\/v2\/types\/post"}],"author":[{"embeddable":true,"href":"https:\/\/archive.cafe.crea.ca\/fr\/wp-json\/wp\/v2\/users\/166"}],"replies":[{"embeddable":true,"href":"https:\/\/archive.cafe.crea.ca\/fr\/wp-json\/wp\/v2\/comments?post=40943"}],"version-history":[{"count":1,"href":"https:\/\/archive.cafe.crea.ca\/fr\/wp-json\/wp\/v2\/posts\/40943\/revisions"}],"predecessor-version":[{"id":40944,"href":"https:\/\/archive.cafe.crea.ca\/fr\/wp-json\/wp\/v2\/posts\/40943\/revisions\/40944"}],"wp:featuredmedia":[{"embeddable":true,"href":"https:\/\/archive.cafe.crea.ca\/fr\/wp-json\/wp\/v2\/media\/40903"}],"wp:attachment":[{"href":"https:\/\/archive.cafe.crea.ca\/fr\/wp-json\/wp\/v2\/media?parent=40943"}],"wp:term":[{"taxonomy":"category","embeddable":true,"href":"https:\/\/archive.cafe.crea.ca\/fr\/wp-json\/wp\/v2\/categories?post=40943"},{"taxonomy":"post_tag","embeddable":true,"href":"https:\/\/archive.cafe.crea.ca\/fr\/wp-json\/wp\/v2\/tags?post=40943"},{"taxonomy":"author","embeddable":true,"href":"https:\/\/archive.cafe.crea.ca\/fr\/wp-json\/wp\/v2\/coauthors?post=40943"}],"curies":[{"name":"wp","href":"https:\/\/api.w.org\/{rel}","templated":true}]}}