{"id":40823,"date":"2022-05-12T09:46:03","date_gmt":"2022-05-12T13:46:03","guid":{"rendered":"https:\/\/archive.cafe.crea.ca\/?p=40823"},"modified":"2022-05-12T09:55:31","modified_gmt":"2022-05-12T13:55:31","slug":"trois-tendances-de-limmobilier-commercial-a-surveiller-en-2022","status":"publish","type":"post","link":"https:\/\/archive.cafe.crea.ca\/fr\/trois-tendances-de-limmobilier-commercial-a-surveiller-en-2022\/","title":{"rendered":"Trois tendances de l\u2019immobilier commercial \u00e0 surveiller en 2022"},"content":{"rendered":"\n<p>Que signifie la lev\u00e9e des restrictions sanitaires pour l\u2019immobilier commercial? Y aura-t-il un retour massif au bureau, ou est-ce que le t\u00e9l\u00e9travail est l\u00e0 pour de bon? Et quel r\u00f4le la technologie et le d\u00e9veloppement durable joueront-ils dans tout \u00e7a?<\/p>\n\n\n\n<p>Plus t\u00f4t cette ann\u00e9e, <a rel=\"noreferrer noopener\" aria-label=\" (opens in a new tab)\" href=\"https:\/\/www.creaglobal.ca\/\" target=\"_blank\">ACI\u00a0\u2013\u00a0International<\/a> a accueilli Ted\u00a0Davis, directeur g\u00e9n\u00e9ral, associ\u00e9 et courtier pour l\u2019ouest de Toronto et le sud-ouest de l\u2019Ontario chez <a href=\"https:\/\/www.avisonyoung.ca\/fr\/\" target=\"_blank\" rel=\"noreferrer noopener\" aria-label=\" (opens in a new tab)\">Avison\u00a0Young<\/a>, pour un webinaire portant sur les tendances en immobilier commercial. <\/p>\n\n\n\n<p>Vous avez manqu\u00e9 le webinaire? Ne vous en faites pas\u00a0\u2013\u00a0il est sur notre <a href=\"https:\/\/www.youtube.com\/watch?v=Db3q3XQnsrU\" target=\"_blank\" rel=\"noreferrer noopener\" aria-label=\" (opens in a new tab)\">cha\u00eene YouTube<\/a>! Ou poursuivez votre lecture pour en d\u00e9couvrir les points importants.<\/p>\n\n\n\n<div class=\"wp-block-button\"><a class=\"wp-block-button__link\" href=\"https:\/\/www.youtube.com\/watch?v=Db3q3XQnsrU\">Visionner le webinaire <\/a><\/div>\n\n\n\n<ul class=\"wp-block-list\"><li><strong><a rel=\"noreferrer noopener\" aria-label=\" (opens in a new tab)\" href=\"https:\/\/archive.cafe.crea.ca\/fr\/les-tendances-du-secteur-de-limmobilier-commercial-en-temps-de-pandemie\/\" target=\"_blank\">Les tendances du secteur de l\u2019immobilier commercial en temps de pand\u00e9mie<\/a><\/strong><\/li><li><strong><a rel=\"noreferrer noopener\" aria-label=\" (opens in a new tab)\" href=\"https:\/\/archive.cafe.crea.ca\/fr\/limmobilier-international-au-canada-pendant-la-pandemie-de-la-covid-19\/\" target=\"_blank\">L\u2019immobilier international au Canada pendant la pand\u00e9mie de la COVID-19<\/a><\/strong><\/li><li><strong><a rel=\"noreferrer noopener\" aria-label=\" (opens in a new tab)\" href=\"https:\/\/archive.cafe.crea.ca\/fr\/immobilier-commercial-des-ressources-pour-faire-fructifier-vos-affaires\/\" target=\"_blank\">Immobilier commercial\u00a0: des ressources pour faire fructifier vos affaires<\/a><\/strong><\/li><li><strong><a href=\"https:\/\/archive.cafe.crea.ca\/fr\/developper-des-relations-daffaires-internationales-dans-un-monde-virtuel\/\" target=\"_blank\" rel=\"noreferrer noopener\" aria-label=\" (opens in a new tab)\">D\u00e9velopper des relations d\u2019affaires internationales dans un monde virtuel<\/a><\/strong><\/li><\/ul>\n\n\n\n<h2 class=\"wp-block-heading\">Aussi au Caf\u00e9 ACI&nbsp;:<\/h2>\n\n\n\n<figure class=\"wp-block-image\"><img loading=\"lazy\" decoding=\"async\" width=\"896\" height=\"518\" src=\"https:\/\/archive.cafe.crea.ca\/wp-content\/uploads\/2021\/09\/commercial_resources_inside_blog_896X518.jpg\" alt=\"\" class=\"wp-image-39108\" srcset=\"https:\/\/archive.cafe.crea.ca\/wp-content\/uploads\/2021\/09\/commercial_resources_inside_blog_896X518.jpg 896w, https:\/\/archive.cafe.crea.ca\/wp-content\/uploads\/2021\/09\/commercial_resources_inside_blog_896X518-768x444.jpg 768w\" sizes=\"(max-width: 896px) 100vw, 896px\" \/><\/figure>\n\n\n\n<h2 class=\"wp-block-heading\"><strong>Tendance\nn<sup>o<\/sup>&nbsp;1&nbsp;\u2013&nbsp;La carboneutralit\u00e9, en fonction des crit\u00e8res\nESG (facteurs environnementaux, sociaux et de gouvernance)<\/strong><\/h2>\n\n\n\n<p>Selon M.\u00a0Davis, les investissements verts ont la cote. Comme le souligne le rapport <em><a href=\"https:\/\/avison-young.foleon.com\/ten-trends\/a-zero-carbon-world\/home\/\" target=\"_blank\" rel=\"noreferrer noopener\" aria-label=\" (opens in a new tab)\">10\u00a0Trends for a Zero Carbon World<\/a><\/em> d\u2019Avison\u00a0Young, de nombreuses entreprises du palmar\u00e8s mondial Fortune\u00a0500 ont pris des engagements en la mati\u00e8re\u00a0: \u00ab\u00a0le tiers des entreprises du palmar\u00e8s Fortune\u00a0500, y compris les quatre plus grandes entreprises am\u00e9ricaines qui y figurent, se sont volontairement et publiquement fix\u00e9 des objectifs de carboneutralit\u00e9 et d\u2019\u00e9nergie renouvelable, \u00e0 100\u00a0%, ou se sont engag\u00e9es \u00e0 atteindre des niveaux d\u2019\u00e9missions qui, selon les scientifiques, permettraient de limiter le r\u00e9chauffement climatique \u00e0 moins de 2\u00a0\u00b0C.\u00a0\u00bb Ce n\u2019est pas pass\u00e9 inaper\u00e7u; et, toujours selon M.\u00a0Davis, les regards se tournent maintenant vers l\u2019immobilier, un secteur qui g\u00e9n\u00e8re beaucoup d\u2019\u00e9missions. Il faut s\u2019attendre \u00e0 ce que les b\u00e2timents soient affect\u00e9s, et les march\u00e9s devront s\u2019adapter.<\/p>\n\n\n\n<p>Les\ncrit\u00e8res ESG toucheront pratiquement tout le monde, des simples propri\u00e9taires\naux investisseurs institutionnels qui d\u00e9tiennent un grand portefeuille\nimmobilier. Les urbanistes, les investisseurs, les entreprises immobili\u00e8res et\nles locataires de bureaux m\u00e8neront des \u00e9valuations environnementales en\nfonction des crit\u00e8res ESG pour mieux atteindre la carboneutralit\u00e9, explique\nM.&nbsp;Davis. <\/p>\n\n\n\n<p>Pour le\nsecteur de l\u2019immobilier, les enjeux environnementaux n\u2019ont rien de\nnouveau&nbsp;: il y a des politiques en la mati\u00e8re depuis une bonne vingtaine\nd\u2019ann\u00e9es. \u00c0 l\u2019\u00e9poque, les pr\u00eateurs n\u2019accordaient pas d\u2019importance aux\n\u00e9valuations environnementales, mais de nos jours, le caract\u00e8re\n\u00ab&nbsp;\u00e9cologique&nbsp;\u00bb des propri\u00e9t\u00e9s, en fonction des crit\u00e8res ESG,\ncontribue \u00e0 d\u00e9terminer leur viabilit\u00e9 financi\u00e8re, puisqu\u2019il affecte la valeur\net donc le potentiel de revente.&nbsp; <\/p>\n\n\n\n<p>Le Canada\nest en avance sur ses pairs lorsqu\u2019il s\u2019agit d\u2019int\u00e9grer les crit\u00e8res ESG \u00e0 la\ngestion de portefeuille&nbsp;: environ 50&nbsp;% des soci\u00e9t\u00e9s en tiennent\ncompte, et la tendance est \u00e0 la hausse, indique M.&nbsp;Davis. <\/p>\n\n\n\n<p>Les\ninvestisseurs se serviront aussi de ces crit\u00e8res pour comparer diff\u00e9rents\ninvestissements, par exemple&nbsp;: puisque les engagements en la mati\u00e8re\npeuvent influer sur les ententes \u00e0 long terme, le taux de capitalisation et le\ntype de locataires et, ultimement, sur la valeur nette r\u00e9elle et l\u2019attrait pour\nles acheteurs.&nbsp; <\/p>\n\n\n\n<h2 class=\"wp-block-heading\"><strong>Tendance\nn<sup>o<\/sup>&nbsp;2&nbsp;\u2013&nbsp;Les espaces de travail apr\u00e8s la pand\u00e9mie&nbsp; <\/strong><\/h2>\n\n\n\n<p>Quelles seront les cons\u00e9quences \u00e0 long terme de la COVID-19 pour le <a href=\"https:\/\/archive.cafe.crea.ca\/fr\/les-politiques-de-teletravail-bousculent-les-secteurs-de-limmobilier-residentiel-et-de-limmobilier-commercial\/\" target=\"_blank\" rel=\"noreferrer noopener\" aria-label=\" (opens in a new tab)\">march\u00e9 des espaces de travail<\/a>? <\/p>\n\n\n\n<p>Les experts\net les groupes immobiliers ont eu le temps d\u2019analyser les chiffres et\nd\u2019explorer les r\u00e9percussions. Aux dires de M.&nbsp;Davis, ce march\u00e9 a \u00e9t\u00e9\nfortement secou\u00e9. <\/p>\n\n\n\n<p>Les\nemployeurs et les travailleurs ont eu le temps de revoir leurs attentes envers les\nespaces de travail et le monde entier a d\u00e9couvert que le t\u00e9l\u00e9travail ne nuisait\npas forc\u00e9ment \u00e0 la productivit\u00e9.&nbsp; <\/p>\n\n\n\n<p>Fait int\u00e9ressant\u00a0: dans un <a href=\"https:\/\/www.leesmanindex.com\/media\/Leesman-Workplace-2021-Report-1.pdf\" target=\"_blank\" rel=\"noreferrer noopener\" aria-label=\" (opens in a new tab)\">sondage international<\/a> r\u00e9alis\u00e9 par Leesman, seuls 15\u00a0% des r\u00e9pondants ont indiqu\u00e9 vouloir retourner au bureau \u00e0 temps plein (cinq jours\/semaine). Autrement dit, 85\u00a0% des travailleurs pr\u00e9f\u00e8rent les modalit\u00e9s hybrides et la flexibilit\u00e9. <\/p>\n\n\n\n<p>N\u00e9anmoins,\nles \u00e9tudes d\u2019Avison&nbsp;Young montrent que les employ\u00e9s, m\u00eame s\u2019ils pr\u00e9f\u00e8rent\nle travail en mode hybride, ont aussi h\u00e2te de retourner au bureau pour\nsocialiser avec leurs coll\u00e8gues, ce qui est beaucoup plus facile \u00e0 faire en\npersonne qu\u2019en vid\u00e9oconf\u00e9rence. Quelles en sont les cons\u00e9quences sur les\nespaces de bureau? M.&nbsp;Davis et Avison&nbsp;Young pr\u00e9voient que la mode\nsera aux campus adaptables et flexibles. Les milieux de travail de demain\nseront grands, fluides et vari\u00e9s; aussi, ils faciliteront la conciliation\ntravail-vie personnelle, un atout important pour le recrutement et la\nr\u00e9tention.<\/p>\n\n\n\n<h2 class=\"wp-block-heading\"><strong>Tendance\nn<sup>o<\/sup>&nbsp;3&nbsp;\u2013&nbsp;Les technologies<\/strong><\/h2>\n\n\n\n<p>M.\u00a0Davis estime que l\u2019immobilier commercial est en pleine <a href=\"https:\/\/www.crea.ca\/podcast\/\" target=\"_blank\" rel=\"noreferrer noopener\" aria-label=\" (opens in a new tab)\">r\u00e9volution technologique<\/a>\u00a0: \u00ab\u00a0Les questions de co\u00fbts et des crit\u00e8res environnementaux, sociaux et de gouvernance, ainsi que les nouvelles attentes envers les bureaux, incitent les occupants \u00e0 se tourner vers les technologies pour optimiser l\u2019espace.\u00a0\u00bb\u00a0 <\/p>\n\n\n\n<p>Les\nlocataires cherchent \u00e0 faire des \u00e9conomies en repensant strat\u00e9giquement la\nr\u00e9partition de leurs espaces. Par exemple, les centres de distribution et les\nsi\u00e8ges sociaux n\u2019ont plus forc\u00e9ment besoin d\u2019\u00eatre situ\u00e9s au m\u00eame endroit&nbsp;:\ngr\u00e2ce \u00e0 l\u2019infonuagique et au travail \u00e0 distance, on peut d\u00e9placer le centre de\ndistribution dans un march\u00e9 tertiaire et ouvrir un petit bureau satellite dans\nun grand centre urbain, ce qui all\u00e9gerait le budget immobilier.&nbsp; <\/p>\n\n\n\n<p>La\nrobotique, les palettiers mobiles, les grues automatis\u00e9es et autres\ntechnologies du genre aideront aussi \u00e0 rendre les lieux plus compacts et plus\ns\u00e9curitaires, souligne M.&nbsp;Davis, qui ajoute que la domotique, \u00e0 savoir les\nb\u00e2timents intelligents, aura un r\u00f4le important \u00e0 jouer dans tous les\nsous-secteurs de l\u2019immobilier commercial. <\/p>\n\n\n\n<p>Les technologies humaines continueront de faire \u00e9voluer les activit\u00e9s des courtiers et agents en immobilier commercial, et <a href=\"https:\/\/rapport.realtor.ca\/#insights\" target=\"_blank\" rel=\"noreferrer noopener\" aria-label=\" (opens in a new tab)\">nos conseils<\/a> seront de plus en plus pr\u00e9cieux pour les clients qui veulent prendre des d\u00e9cisions importantes. <\/p>\n\n\n\n<p>Pour en savoir plus sur l\u2019\u00e9volution technologique de REALTOR.ca, <a href=\"https:\/\/www.crea.ca\/podcast\/\" target=\"_blank\" rel=\"noreferrer noopener\" aria-label=\" (opens in a new tab)\">\u00e9coutez l\u2019\u00e9pisode\u00a025 du balado <\/a><strong><a href=\"https:\/\/www.crea.ca\/podcast\/\" target=\"_blank\" rel=\"noreferrer noopener\" aria-label=\" (opens in a new tab)\">REAL\u00a0TIME<\/a><\/strong> (en anglais).<\/p>\n\n\n\n<p>Pour en savoir plus sur les efforts internationaux soutenus par l\u2019ACI, les\ncourtiers et agents du Canada peuvent visiter <a href=\"https:\/\/www.realtorlink.ca\/content\/realtorlink\/crea\/fr_CA\/tech-tools---services0\/international-real-estate.html\" target=\"_blank\" rel=\"noreferrer noopener\">lienimmobilier.ca<\/a> et les professionnels internationaux\nint\u00e9ress\u00e9s peuvent apprendre comment devenir un affili\u00e9 de l\u2019ACI au\nwww.creaglobal.ca.<\/p>\n","protected":false},"excerpt":{"rendered":"<p>Que signifie la lev\u00e9e des restrictions sanitaires pour l\u2019immobilier commercial? Y aura-t-il un retour massif au bureau, ou est-ce que le t\u00e9l\u00e9travail est l\u00e0 pour de bon? Et quel r\u00f4le la technologie et le d\u00e9veloppement durable joueront-ils dans tout \u00e7a? Plus t\u00f4t cette ann\u00e9e, ACI\u00a0\u2013\u00a0International a accueilli Ted\u00a0Davis, directeur g\u00e9n\u00e9ral, associ\u00e9 et courtier pour l\u2019ouest &hellip; <a href=\"https:\/\/archive.cafe.crea.ca\/fr\/trois-tendances-de-limmobilier-commercial-a-surveiller-en-2022\/\" class=\"more-link\">Continue reading <span class=\"screen-reader-text\">Trois tendances de l\u2019immobilier commercial \u00e0 surveiller en 2022<\/span><\/a><\/p>\n","protected":false},"author":18,"featured_media":40821,"comment_status":"open","ping_status":"open","sticky":false,"template":"","format":"standard","meta":{"footnotes":""},"categories":[2372],"tags":[2378],"coauthors":[2247],"class_list":["post-40823","post","type-post","status-publish","format-standard","has-post-thumbnail","hentry","category-divers","tag-featured"],"aioseo_notices":[],"_links":{"self":[{"href":"https:\/\/archive.cafe.crea.ca\/fr\/wp-json\/wp\/v2\/posts\/40823"}],"collection":[{"href":"https:\/\/archive.cafe.crea.ca\/fr\/wp-json\/wp\/v2\/posts"}],"about":[{"href":"https:\/\/archive.cafe.crea.ca\/fr\/wp-json\/wp\/v2\/types\/post"}],"author":[{"embeddable":true,"href":"https:\/\/archive.cafe.crea.ca\/fr\/wp-json\/wp\/v2\/users\/18"}],"replies":[{"embeddable":true,"href":"https:\/\/archive.cafe.crea.ca\/fr\/wp-json\/wp\/v2\/comments?post=40823"}],"version-history":[{"count":1,"href":"https:\/\/archive.cafe.crea.ca\/fr\/wp-json\/wp\/v2\/posts\/40823\/revisions"}],"predecessor-version":[{"id":40824,"href":"https:\/\/archive.cafe.crea.ca\/fr\/wp-json\/wp\/v2\/posts\/40823\/revisions\/40824"}],"wp:featuredmedia":[{"embeddable":true,"href":"https:\/\/archive.cafe.crea.ca\/fr\/wp-json\/wp\/v2\/media\/40821"}],"wp:attachment":[{"href":"https:\/\/archive.cafe.crea.ca\/fr\/wp-json\/wp\/v2\/media?parent=40823"}],"wp:term":[{"taxonomy":"category","embeddable":true,"href":"https:\/\/archive.cafe.crea.ca\/fr\/wp-json\/wp\/v2\/categories?post=40823"},{"taxonomy":"post_tag","embeddable":true,"href":"https:\/\/archive.cafe.crea.ca\/fr\/wp-json\/wp\/v2\/tags?post=40823"},{"taxonomy":"author","embeddable":true,"href":"https:\/\/archive.cafe.crea.ca\/fr\/wp-json\/wp\/v2\/coauthors?post=40823"}],"curies":[{"name":"wp","href":"https:\/\/api.w.org\/{rel}","templated":true}]}}