{"id":40615,"date":"2022-04-05T10:36:42","date_gmt":"2022-04-05T14:36:42","guid":{"rendered":"https:\/\/archive.cafe.crea.ca\/?p=40615"},"modified":"2022-04-05T10:36:44","modified_gmt":"2022-04-05T14:36:44","slug":"cliff-stevenson-revient-sur-son-annee-a-la-presidence-de-laci","status":"publish","type":"post","link":"https:\/\/archive.cafe.crea.ca\/fr\/cliff-stevenson-revient-sur-son-annee-a-la-presidence-de-laci\/","title":{"rendered":"Cliff Stevenson revient sur son ann\u00e9e \u00e0 la pr\u00e9sidence de l\u2019ACI"},"content":{"rendered":"\n<p>Lorsque je pense \u00e0 mon mandat de pr\u00e9sident de l\u2019ACI, je me souviens tout particuli\u00e8rement de la devise qui m\u2019a \u00e9t\u00e9 l\u00e9gu\u00e9e d\u00e8s le d\u00e9but&nbsp;:&nbsp;nous sommes plus forts ensemble.<\/p>\n\n\n\n<p>Lorsque les chambres, les associations et la communaut\u00e9 des courtiers et agents immobiliers unissent leurs efforts, tout est possible. Nous partageons les m\u00eames objectifs qui contribuent \u00e0 faire avancer l\u2019industrie, et je suis fier des progr\u00e8s consid\u00e9rables que nous avons connus&nbsp;<em>gr\u00e2ce<\/em>&nbsp;au renforcement de nos relations de travail.<\/p>\n\n\n\n<p>La confiance que nous avons su \u00e9tablir cette ann\u00e9e est l\u2019un des aspects auxquels je repenserai avec le plus de fiert\u00e9, non seulement parce qu\u2019elle nous a permis de collaborer plus efficacement avec toute la communaut\u00e9 des courtiers et agents immobiliers, mais aussi parce que je sais qu\u2019elle constitue une base solide pour l\u2019avenir. Lorsque je suis entr\u00e9 en poste, j\u2019avais d\u00e9j\u00e0 une longueur d\u2019avance, et ce, gr\u00e2ce aux efforts des gens qui m\u2019ont pr\u00e9c\u00e9d\u00e9. Aujourd\u2019hui, je suis heureux de pouvoir transmettre cet h\u00e9ritage \u00e0 la prochaine pr\u00e9sidente. M\u00eame si le conseil d\u2019administration de la prochaine ann\u00e9e sera l\u00e9g\u00e8rement diff\u00e9rent, je suis convaincu qu\u2019il sera en mesure de continuer \u00e0 mener les projets \u00e0 bon terme.<\/p>\n\n\n\n<p>Nous avons certainement eu une ann\u00e9e charg\u00e9e, et rien de ce que nous avons accompli n\u2019aurait \u00e9t\u00e9 possible sans la participation d\u00e9vou\u00e9e des divers intervenants du secteur immobilier. En une ann\u00e9e d\u2019\u00e9lections f\u00e9d\u00e9rales, nos messages, notre engagement et nos conversations avec le gouvernement nous ont permis de remporter de grandes victoires, comme la nomination d\u2019un ministre du Logement et un engagement \u00e0 augmenter l\u2019offre de logement. Voil\u00e0 deux exemples de ce que nous pouvons r\u00e9aliser lorsque nos messages sont clairs et que nous nous montrons solidaires.<\/p>\n\n\n\n<p>S\u2019il y a un dernier message que je souhaiterais transmettre, c\u2019est que chaque personne peut contribuer au changement, m\u00eame si elle agit seule. Mon exp\u00e9rience personnelle m\u2019a appris que faire du b\u00e9n\u00e9volat et contribuer \u00e0 une cause par ses id\u00e9es, son temps et ses comp\u00e9tences uniques figure parmi les activit\u00e9s les plus gratifiantes. Il en r\u00e9sulte un effet remarquable sur nos collectivit\u00e9s, notre industrie et notre raison d\u2019\u00eatre. Ces deux derni\u00e8res ann\u00e9es ont mis en \u00e9vidence certaines lacunes de notre secteur, mais aussi notre force et notre r\u00e9silience lorsque nous nous soutenons mutuellement pour r\u00e9aliser des progr\u00e8s importants.<\/p>\n\n\n\n<p>Je tiens \u00e0 remercier tous les gens avec qui j\u2019ai eu le plaisir de communiquer dans le cadre de ce r\u00f4le. Chaque conversation, m\u00eame les plus difficiles, m\u2019a permis de constater \u00e0 quel point j\u2019ai \u00e9t\u00e9 incroyablement chanceux d\u2019avoir v\u00e9cu cette exp\u00e9rience.<\/p>\n\n\n\n<p>Je vous souhaite les plus grandes r\u00e9ussites dans tout ce que vous entreprenez.<\/p>\n\n\n\n<p>Cliff Stevenson<\/p>\n","protected":false},"excerpt":{"rendered":"<p>Lorsque je pense \u00e0 mon mandat de pr\u00e9sident de l\u2019ACI, je me souviens tout particuli\u00e8rement de la devise qui m\u2019a \u00e9t\u00e9 l\u00e9gu\u00e9e d\u00e8s le d\u00e9but&nbsp;:&nbsp;nous sommes plus forts ensemble. Lorsque les chambres, les associations et la communaut\u00e9 des courtiers et agents immobiliers unissent leurs efforts, tout est possible. Nous partageons les m\u00eames objectifs qui contribuent &hellip; <a href=\"https:\/\/archive.cafe.crea.ca\/fr\/cliff-stevenson-revient-sur-son-annee-a-la-presidence-de-laci\/\" class=\"more-link\">Continue reading <span class=\"screen-reader-text\">Cliff Stevenson revient sur son ann\u00e9e \u00e0 la pr\u00e9sidence de l\u2019ACI<\/span><\/a><\/p>\n","protected":false},"author":149,"featured_media":40611,"comment_status":"open","ping_status":"open","sticky":false,"template":"","format":"standard","meta":{"footnotes":""},"categories":[2366],"tags":[],"coauthors":[2412],"class_list":["post-40615","post","type-post","status-publish","format-standard","has-post-thumbnail","hentry","category-nouvelles-de-laci"],"aioseo_notices":[],"_links":{"self":[{"href":"https:\/\/archive.cafe.crea.ca\/fr\/wp-json\/wp\/v2\/posts\/40615"}],"collection":[{"href":"https:\/\/archive.cafe.crea.ca\/fr\/wp-json\/wp\/v2\/posts"}],"about":[{"href":"https:\/\/archive.cafe.crea.ca\/fr\/wp-json\/wp\/v2\/types\/post"}],"author":[{"embeddable":true,"href":"https:\/\/archive.cafe.crea.ca\/fr\/wp-json\/wp\/v2\/users\/149"}],"replies":[{"embeddable":true,"href":"https:\/\/archive.cafe.crea.ca\/fr\/wp-json\/wp\/v2\/comments?post=40615"}],"version-history":[{"count":1,"href":"https:\/\/archive.cafe.crea.ca\/fr\/wp-json\/wp\/v2\/posts\/40615\/revisions"}],"predecessor-version":[{"id":40616,"href":"https:\/\/archive.cafe.crea.ca\/fr\/wp-json\/wp\/v2\/posts\/40615\/revisions\/40616"}],"wp:featuredmedia":[{"embeddable":true,"href":"https:\/\/archive.cafe.crea.ca\/fr\/wp-json\/wp\/v2\/media\/40611"}],"wp:attachment":[{"href":"https:\/\/archive.cafe.crea.ca\/fr\/wp-json\/wp\/v2\/media?parent=40615"}],"wp:term":[{"taxonomy":"category","embeddable":true,"href":"https:\/\/archive.cafe.crea.ca\/fr\/wp-json\/wp\/v2\/categories?post=40615"},{"taxonomy":"post_tag","embeddable":true,"href":"https:\/\/archive.cafe.crea.ca\/fr\/wp-json\/wp\/v2\/tags?post=40615"},{"taxonomy":"author","embeddable":true,"href":"https:\/\/archive.cafe.crea.ca\/fr\/wp-json\/wp\/v2\/coauthors?post=40615"}],"curies":[{"name":"wp","href":"https:\/\/api.w.org\/{rel}","templated":true}]}}