{"id":40435,"date":"2022-03-08T09:55:24","date_gmt":"2022-03-08T14:55:24","guid":{"rendered":"https:\/\/archive.cafe.crea.ca\/?p=40435"},"modified":"2022-03-08T09:55:26","modified_gmt":"2022-03-08T14:55:26","slug":"la-banque-du-canada-releve-son-taux-directeur","status":"publish","type":"post","link":"https:\/\/archive.cafe.crea.ca\/fr\/la-banque-du-canada-releve-son-taux-directeur\/","title":{"rendered":"La Banque du Canada rel\u00e8ve son taux directeur"},"content":{"rendered":"\n<p>Le 2&nbsp;mars dernier, la Banque du Canada a annonc\u00e9 une augmentation du taux cible du financement \u00e0 un jour de 25&nbsp;points de base, soit \u00e0 0,5&nbsp;%, d\u00e9butant ainsi un cycle de hausse des taux. La Banque maintient le portefeuille d\u2019obligations du gouvernement du Canada inscrites \u00e0 son bilan jusqu\u2019\u00e0 ce qu\u2019il devienne appropri\u00e9 de laisser la taille de son bilan diminuer.<\/p>\n\n\n\n<p>Le conflit entre la Russie et l\u2019Ukraine, ayant entra\u00een\u00e9 une hausse marqu\u00e9e des prix du p\u00e9trole et d\u2019autres produits de base, est une source majeure d\u2019incertitude pour la Banque. Cela fera monter l\u2019inflation partout dans le monde et la croissance mondiale en sera tr\u00e8s certainement touch\u00e9e. Malgr\u00e9 ces r\u00e9centes perturbations g\u00e9opolitiques, la reprise \u00e9conomique mondiale jusqu\u2019\u00e0 pr\u00e9sent cadre g\u00e9n\u00e9ralement avec les projections de la Banque, et certaines \u00e9conomies avanc\u00e9es subissent m\u00eame une croissance sup\u00e9rieure \u00e0 ce qui avait \u00e9t\u00e9 pr\u00e9vu.<\/p>\n\n\n\n<p>Au Canada, la croissance \u00e9conomique a \u00e9t\u00e9 tr\u00e8s forte au quatri\u00e8me trimestre de 2021, atteignant 6,7&nbsp;%, d\u00fb en partie au redressement des exportations en raison de la forte demande mondiale. La reprise du march\u00e9 du travail continue cependant d\u2019\u00eatre ralentie par le variant Omicron de la COVID-19, qui a entra\u00een\u00e9 des mises \u00e0 pied temporaires et un fort absent\u00e9isme des employ\u00e9s, notamment dans le secteur des services. N\u00e9anmoins, la Banque maintient des perspectives \u00e9conomiques positives \u00e0 court terme, soutenues par une augmentation attendue des d\u00e9penses des m\u00e9nages. La Banque note \u00e9galement que l\u2019activit\u00e9 sur le march\u00e9 du logement continue son ascension, le prix des propri\u00e9t\u00e9s demeurant \u00e9lev\u00e9.&nbsp;<\/p>\n\n\n\n<figure class=\"wp-block-image\"><img loading=\"lazy\" decoding=\"async\" width=\"1324\" height=\"571\" src=\"https:\/\/archive.cafe.crea.ca\/wp-content\/uploads\/2021\/03\/cafe_en.jpg\" alt=\"Condo\" class=\"wp-image-37232\" srcset=\"https:\/\/archive.cafe.crea.ca\/wp-content\/uploads\/2021\/03\/cafe_en.jpg 1324w, https:\/\/archive.cafe.crea.ca\/wp-content\/uploads\/2021\/03\/cafe_en-768x331.jpg 768w\" sizes=\"(max-width: 1324px) 100vw, 1324px\" \/><\/figure>\n\n\n\n<p>En janvier, l\u2019indice des prix \u00e0 la consommation (IPC) \u00e9tait de 5,1&nbsp;%. Quoique conforme aux attentes de la Banque, l\u2019inflation reste bien au-dessus de sa fourchette cible.Plus important encore, la Banque pr\u00e9cise que les augmentations de prix sont devenues plus g\u00e9n\u00e9ralis\u00e9es, comme en t\u00e9moigne le fait que pratiquement toutes les mesures de l\u2019inflation fondamentale ont augment\u00e9. La Banque s\u2019attend d\u00e9sormais \u00e0 ce que l\u2019inflation \u00e0 court terme d\u00e9passe ses projections, accroissant par le fait m\u00eame le risque que les attentes d\u2019inflation \u00e0 plus long terme se mettent \u00e0 augmenter.<\/p>\n\n\n\n<p>Dans la mesure o\u00f9 la croissance de l\u2019\u00e9conomie se poursuit et o\u00f9 les pressions inflationnistes restent fortes, la Banque s\u2019attend \u00e0 ce que les taux d\u2019int\u00e9r\u00eat doivent encore augmenter, et laissera commencer \u00e0 d\u00e9cro\u00eetre son portefeuille d\u2019obligations du gouvernement du Canada dans la cadre d\u2019un resserrement quantitatif (RQ). Pour ces raisons, les march\u00e9s pr\u00e9voient de cinq \u00e0 six hausses de taux pour le reste de l\u2019ann\u00e9e&nbsp;2022, le taux d\u2019int\u00e9r\u00eat de r\u00e9f\u00e9rence pouvant augmenter d\u2019un point de pourcentage complet pour atteindre 1,5&nbsp;% d\u2019ici la fin de l\u2019ann\u00e9e.<\/p>\n\n\n\n<p>La prochaine annonce de la Banque du Canada sur les taux d\u2019int\u00e9r\u00eat est fix\u00e9e au 13&nbsp;avril&nbsp;2022. La nouvelle projection pour l\u2019\u00e9conomie et l\u2019inflation ainsi qu\u2019une analyse des risques connexes seront publi\u00e9es dans le&nbsp;<em>Rapport sur la politique mon\u00e9taire<\/em>&nbsp;que la Banque fera para\u00eetre \u00e0 cette m\u00eame date.<\/p>\n","protected":false},"excerpt":{"rendered":"<p>Le 2&nbsp;mars dernier, la Banque du Canada a annonc\u00e9 une augmentation du taux cible du financement \u00e0 un jour de 25&nbsp;points de base, soit \u00e0 0,5&nbsp;%, d\u00e9butant ainsi un cycle de hausse des taux. La Banque maintient le portefeuille d\u2019obligations du gouvernement du Canada inscrites \u00e0 son bilan jusqu\u2019\u00e0 ce qu\u2019il devienne appropri\u00e9 de laisser &hellip; <a href=\"https:\/\/archive.cafe.crea.ca\/fr\/la-banque-du-canada-releve-son-taux-directeur\/\" class=\"more-link\">Continue reading <span class=\"screen-reader-text\">La Banque du Canada rel\u00e8ve son taux directeur<\/span><\/a><\/p>\n","protected":false},"author":130,"featured_media":40429,"comment_status":"open","ping_status":"open","sticky":false,"template":"","format":"standard","meta":{"footnotes":""},"categories":[2367],"tags":[2378],"coauthors":[2388],"class_list":["post-40435","post","type-post","status-publish","format-standard","has-post-thumbnail","hentry","category-statistiques","tag-featured"],"aioseo_notices":[],"_links":{"self":[{"href":"https:\/\/archive.cafe.crea.ca\/fr\/wp-json\/wp\/v2\/posts\/40435"}],"collection":[{"href":"https:\/\/archive.cafe.crea.ca\/fr\/wp-json\/wp\/v2\/posts"}],"about":[{"href":"https:\/\/archive.cafe.crea.ca\/fr\/wp-json\/wp\/v2\/types\/post"}],"author":[{"embeddable":true,"href":"https:\/\/archive.cafe.crea.ca\/fr\/wp-json\/wp\/v2\/users\/130"}],"replies":[{"embeddable":true,"href":"https:\/\/archive.cafe.crea.ca\/fr\/wp-json\/wp\/v2\/comments?post=40435"}],"version-history":[{"count":1,"href":"https:\/\/archive.cafe.crea.ca\/fr\/wp-json\/wp\/v2\/posts\/40435\/revisions"}],"predecessor-version":[{"id":40436,"href":"https:\/\/archive.cafe.crea.ca\/fr\/wp-json\/wp\/v2\/posts\/40435\/revisions\/40436"}],"wp:featuredmedia":[{"embeddable":true,"href":"https:\/\/archive.cafe.crea.ca\/fr\/wp-json\/wp\/v2\/media\/40429"}],"wp:attachment":[{"href":"https:\/\/archive.cafe.crea.ca\/fr\/wp-json\/wp\/v2\/media?parent=40435"}],"wp:term":[{"taxonomy":"category","embeddable":true,"href":"https:\/\/archive.cafe.crea.ca\/fr\/wp-json\/wp\/v2\/categories?post=40435"},{"taxonomy":"post_tag","embeddable":true,"href":"https:\/\/archive.cafe.crea.ca\/fr\/wp-json\/wp\/v2\/tags?post=40435"},{"taxonomy":"author","embeddable":true,"href":"https:\/\/archive.cafe.crea.ca\/fr\/wp-json\/wp\/v2\/coauthors?post=40435"}],"curies":[{"name":"wp","href":"https:\/\/api.w.org\/{rel}","templated":true}]}}