{"id":40183,"date":"2022-01-27T16:31:33","date_gmt":"2022-01-27T21:31:33","guid":{"rendered":"https:\/\/archive.cafe.crea.ca\/?p=40183"},"modified":"2022-01-27T16:31:40","modified_gmt":"2022-01-27T21:31:40","slug":"nouvelle-annee-meme-marche-immobilier","status":"publish","type":"post","link":"https:\/\/archive.cafe.crea.ca\/fr\/nouvelle-annee-meme-marche-immobilier\/","title":{"rendered":"Nouvelle ann\u00e9e, m\u00eame march\u00e9 immobilier"},"content":{"rendered":"\n<p><em>Le lundi\u00a017\u00a0janvier, L\u2019Association canadienne de l\u2019immeuble (ACI) a publi\u00e9 ses <\/em><a href=\"https:\/\/creastats.crea.ca\/fr-CA\/\" target=\"_blank\" rel=\"noreferrer noopener\" aria-label=\" (opens in a new tab)\">statistiques nationales sur l\u2019habitation pour le mois de d\u00e9cembre<\/a><em>. Shaun\u00a0Cathcart, directeur et \u00e9conomiste principal, Donn\u00e9es sur l\u2019habitation et analyse du march\u00e9 \u00e0 l\u2019ACI, fait le point sur l\u2019\u00e9tat actuel des march\u00e9s de l\u2019habitation au Canada et explique ce que les donn\u00e9es signifient pour les membres.<\/em><\/p>\n\n\n\n<hr class=\"wp-block-separator is-style-wide\"\/>\n\n\n\n<p>De fa\u00e7on g\u00e9n\u00e9rale, les ventes r\u00e9sidentielles mensuelles au Canada en d\u00e9cembre\u00a02021 \u00e9taient similaires \u00e0 celles d\u2019<a rel=\"noreferrer noopener\" aria-label=\" (opens in a new tab)\" href=\"https:\/\/archive.cafe.crea.ca\/fr\/nouvelle-annee-record-pour-les-ventes-residentielles-au-canada\/\" target=\"_blank\">octobre<\/a> et de <a href=\"https:\/\/archive.cafe.crea.ca\/fr\/a-laube-de-2022-les-conditions-de-loffre-et-de-la-demande-sur-les-marches-de-lhabitation-canadiens-sont-plus-serrees-que-jamais\/\" target=\"_blank\" rel=\"noreferrer noopener\" aria-label=\" (opens in a new tab)\">novembre<\/a> (faibles gains et offre restreinte). <\/p>\n\n\n\n<p>Il faut toutefois pr\u00e9ciser que les ventes avaient bondi de plus de\u00a09\u00a0% en <a href=\"https:\/\/archive.cafe.crea.ca\/fr\/nouvelle-annee-record-pour-les-ventes-residentielles-au-canada\/\" target=\"_blank\" rel=\"noreferrer noopener\" aria-label=\" (opens in a new tab)\">octobre<\/a>, ce qui signifie que nous avons enregistr\u00e9 des ventes solides au cours des trois derniers mois de\u00a02021. Par cons\u00e9quent, le dernier trimestre de\u00a02021\u00a0a fr\u00f4l\u00e9 le record des ventes, ce qui a pr\u00e9par\u00e9 solidement le terrain pour\u00a02022.<\/p>\n\n\n\n<p>La\ndemande se maintiendra-t-elle? Oui, cela ne fait aucun doute! Mais la question\nqu\u2019il faut plut\u00f4t se poser est de savoir s\u2019il y aura des propri\u00e9t\u00e9s \u00e0 acheter. Le&nbsp;1<sup>er<\/sup>&nbsp;janvier&nbsp;2022,\nil y avait en fait moins d\u2019inscriptions de propri\u00e9t\u00e9s \u00e0 vendre dans les\nsyst\u00e8mes MLS\u00ae canadiens que toute autre ann\u00e9e de l\u2019histoire de la base de\ndonn\u00e9es, qui remonte \u00e0&nbsp;1980.<\/p>\n\n\n\n<p>Et il en va de m\u00eame pour les mois d\u2019inventaire, qui se chiffrent \u00e0 1,6 % \u2013 du jamais vu! Dans un march\u00e9 \u00ab \u00e9quilibr\u00e9 \u00bb ou \u00ab normal \u00bb, cette statistique serait de cinq mois ou plus. <br><\/p>\n\n\n\n<h2 class=\"wp-block-heading\">Hausse\nrecord des prix<\/h2>\n\n\n\n<p>Il\nfallait s\u2019y attendre&nbsp;: un resserrement sans pr\u00e9c\u00e9dent de l\u2019offre et de la demande\na donn\u00e9 lieu \u00e0 une hausse record des prix. <\/p>\n\n\n\n<p>En\nd\u00e9cembre&nbsp;2021, l\u2019Indice des prix des propri\u00e9t\u00e9s MLS\u00ae national a enregistr\u00e9\nune hausse in\u00e9gal\u00e9e de&nbsp;26,6&nbsp;%. En argent, cela repr\u00e9sente une\naugmentation du prix de r\u00e9f\u00e9rence national d\u2019environ&nbsp;170&nbsp;000&nbsp;$\npar rapport \u00e0 d\u00e9cembre&nbsp;2020. Aujourd\u2019hui, le prix de r\u00e9f\u00e9rence national\nest sup\u00e9rieur \u00e0&nbsp;800&nbsp;000&nbsp;$, soit de&nbsp;240&nbsp;000&nbsp;$ de\nplus que le mois qui a pr\u00e9c\u00e9d\u00e9 la pand\u00e9mie.<\/p>\n\n\n\n<figure class=\"wp-block-image\"><img loading=\"lazy\" decoding=\"async\" width=\"1200\" height=\"1369\" src=\"https:\/\/archive.cafe.crea.ca\/wp-content\/uploads\/2022\/01\/Snapshot_dec-SOCIAL-1200x1370_FR.png\" alt=\"\" class=\"wp-image-40186\" srcset=\"https:\/\/archive.cafe.crea.ca\/wp-content\/uploads\/2022\/01\/Snapshot_dec-SOCIAL-1200x1370_FR.png 1200w, https:\/\/archive.cafe.crea.ca\/wp-content\/uploads\/2022\/01\/Snapshot_dec-SOCIAL-1200x1370_FR-768x876.png 768w, https:\/\/archive.cafe.crea.ca\/wp-content\/uploads\/2022\/01\/Snapshot_dec-SOCIAL-1200x1370_FR-501x571.png 501w\" sizes=\"(max-width: 1200px) 100vw, 1200px\" \/><\/figure>\n\n\n\n<h2 class=\"wp-block-heading\">Et l\u2019inflation?<\/h2>\n\n\n\n<p>Les s\u00e9ances du <a rel=\"noreferrer noopener\" aria-label=\" (opens in a new tab)\" href=\"https:\/\/www.noscommunes.ca\/Committees\/fr\/FINA\" target=\"_blank\">Comit\u00e9 permanent des finances<\/a> ont repris (plus t\u00f4t) afin de traiter de la question de l\u2019inflation, notamment l\u2019inflation des prix des propri\u00e9t\u00e9s, qui fait les <a href=\"https:\/\/ici.radio-canada.ca\/nouvelle\/1848916\/inflation-prix-hausse-2022-taux-interet-banque-canada-produits\" target=\"_blank\" rel=\"noreferrer noopener\" aria-label=\" (opens in a new tab)\">manchettes<\/a> ces jours-ci.<\/p>\n\n\n\n<p>Il\nme semble que nous avions convenu qu\u2019un effort national pour construire plus de\npropri\u00e9t\u00e9s que jamais \u00e9tait n\u00e9cessaire. La taille de la population d\u2019\u00e2ge moyen\njumel\u00e9e \u00e0 une immigration record contribuera certainement \u00e0 la formation de\nm\u00e9nages, et la demande de logements ne s\u2019estompera pas de sit\u00f4t.<\/p>\n\n\n\n<p>Une\nhausse des taux d\u2019int\u00e9r\u00eat freinera-t-elle cette tendance? C\u2019est fort douteux,\ndu moins pour un certain temps.<\/p>\n\n\n\n<p>D\u2019une part, les gens doivent vivre quelque part, quels que soient les taux d\u2019int\u00e9r\u00eat du jour. D\u2019autre part, les emprunteurs et les pr\u00eateurs canadiens ont d\u00fb, malgr\u00e9 eux, assumer le r\u00f4le de la fourmi dans la version immobili\u00e8re de <em><a href=\"https:\/\/education.toutcomment.com\/article\/quelle-est-la-morale-de-la-cigale-et-la-fourmi-de-jean-de-la-fontaine-12642.html\" target=\"_blank\" rel=\"noreferrer noopener\" aria-label=\" (opens in a new tab)\">La cigale et la fourmi<\/a><\/em> lorsque la simulation de crise est entr\u00e9e en vigueur il y a cinq ans. Une hausse est \u00e0 pr\u00e9voir, mais le cycle actuel de resserrement des taux d\u2019int\u00e9r\u00eat de la Banque du Canada a eu l\u2019effet escompt\u00e9 il y a des ann\u00e9es, surtout dans le contexte du financement de l\u2019habitation.<\/p>\n\n\n\n<p>En&nbsp;2022,\nles discussions sur la politique du logement devraient porter sur la fa\u00e7on\nd\u2019accro\u00eetre sans d\u00e9lai l\u2019offre de logements tant n\u00e9cessaire (comme jamais\nauparavant) et ce, dans un contexte non partisan et \u00e0 tous les paliers de\ngouvernement.<\/p>\n\n\n\n<p>Pour en\nsavoir plus&nbsp;: <a href=\"https:\/\/creastats.crea.ca\/en-CA\/\" target=\"_blank\" rel=\"noreferrer noopener\">creastats.ca<\/a>.<\/p>\n\n\n\n<figure class=\"wp-block-image\"><img loading=\"lazy\" decoding=\"async\" width=\"1200\" height=\"1598\" src=\"https:\/\/archive.cafe.crea.ca\/wp-content\/uploads\/2022\/01\/2021-MarketSnapshot-FR.jpg\" alt=\"\" class=\"wp-image-40184\" srcset=\"https:\/\/archive.cafe.crea.ca\/wp-content\/uploads\/2022\/01\/2021-MarketSnapshot-FR.jpg 1200w, https:\/\/archive.cafe.crea.ca\/wp-content\/uploads\/2022\/01\/2021-MarketSnapshot-FR-768x1023.jpg 768w, https:\/\/archive.cafe.crea.ca\/wp-content\/uploads\/2022\/01\/2021-MarketSnapshot-FR-429x571.jpg 429w\" sizes=\"(max-width: 1200px) 100vw, 1200px\" \/><\/figure>\n","protected":false},"excerpt":{"rendered":"<p>Le lundi\u00a017\u00a0janvier, L\u2019Association canadienne de l\u2019immeuble (ACI) a publi\u00e9 ses statistiques nationales sur l\u2019habitation pour le mois de d\u00e9cembre. Shaun\u00a0Cathcart, directeur et \u00e9conomiste principal, Donn\u00e9es sur l\u2019habitation et analyse du march\u00e9 \u00e0 l\u2019ACI, fait le point sur l\u2019\u00e9tat actuel des march\u00e9s de l\u2019habitation au Canada et explique ce que les donn\u00e9es signifient pour les membres. &hellip; <a href=\"https:\/\/archive.cafe.crea.ca\/fr\/nouvelle-annee-meme-marche-immobilier\/\" class=\"more-link\">Continue reading <span class=\"screen-reader-text\">Nouvelle ann\u00e9e, m\u00eame march\u00e9 immobilier<\/span><\/a><\/p>\n","protected":false},"author":14,"featured_media":40177,"comment_status":"open","ping_status":"open","sticky":false,"template":"","format":"standard","meta":{"footnotes":""},"categories":[2367],"tags":[2379,2380],"coauthors":[2199],"class_list":["post-40183","post","type-post","status-publish","format-standard","has-post-thumbnail","hentry","category-statistiques","tag-featured-fr","tag-featured-fr-2"],"aioseo_notices":[],"_links":{"self":[{"href":"https:\/\/archive.cafe.crea.ca\/fr\/wp-json\/wp\/v2\/posts\/40183"}],"collection":[{"href":"https:\/\/archive.cafe.crea.ca\/fr\/wp-json\/wp\/v2\/posts"}],"about":[{"href":"https:\/\/archive.cafe.crea.ca\/fr\/wp-json\/wp\/v2\/types\/post"}],"author":[{"embeddable":true,"href":"https:\/\/archive.cafe.crea.ca\/fr\/wp-json\/wp\/v2\/users\/14"}],"replies":[{"embeddable":true,"href":"https:\/\/archive.cafe.crea.ca\/fr\/wp-json\/wp\/v2\/comments?post=40183"}],"version-history":[{"count":1,"href":"https:\/\/archive.cafe.crea.ca\/fr\/wp-json\/wp\/v2\/posts\/40183\/revisions"}],"predecessor-version":[{"id":40188,"href":"https:\/\/archive.cafe.crea.ca\/fr\/wp-json\/wp\/v2\/posts\/40183\/revisions\/40188"}],"wp:featuredmedia":[{"embeddable":true,"href":"https:\/\/archive.cafe.crea.ca\/fr\/wp-json\/wp\/v2\/media\/40177"}],"wp:attachment":[{"href":"https:\/\/archive.cafe.crea.ca\/fr\/wp-json\/wp\/v2\/media?parent=40183"}],"wp:term":[{"taxonomy":"category","embeddable":true,"href":"https:\/\/archive.cafe.crea.ca\/fr\/wp-json\/wp\/v2\/categories?post=40183"},{"taxonomy":"post_tag","embeddable":true,"href":"https:\/\/archive.cafe.crea.ca\/fr\/wp-json\/wp\/v2\/tags?post=40183"},{"taxonomy":"author","embeddable":true,"href":"https:\/\/archive.cafe.crea.ca\/fr\/wp-json\/wp\/v2\/coauthors?post=40183"}],"curies":[{"name":"wp","href":"https:\/\/api.w.org\/{rel}","templated":true}]}}