{"id":40120,"date":"2022-01-20T10:01:39","date_gmt":"2022-01-20T15:01:39","guid":{"rendered":"https:\/\/archive.cafe.crea.ca\/?p=40120"},"modified":"2022-02-25T10:46:40","modified_gmt":"2022-02-25T15:46:40","slug":"la-puissance-de-limage-de-marque-personnelle","status":"publish","type":"post","link":"https:\/\/archive.cafe.crea.ca\/fr\/la-puissance-de-limage-de-marque-personnelle\/","title":{"rendered":"La puissance de l\u2019image de marque personnelle"},"content":{"rendered":"\n<p>Comment les courtiers et agents\npeuvent-ils se d\u00e9marquer sur le march\u00e9 concurrentiel de l\u2019immobilier pour\nattirer et fid\u00e9liser la client\u00e8le?<\/p>\n\n\n\n<p>Dans l\u2019\u00e9pisode&nbsp;8 d\u2019<strong>EN DIRECT<\/strong>, nous parlons avec l\u2019expert Jean-Daniel&nbsp;Petit d\u2019un sujet qui ne manquera pas d\u2019int\u00e9resser les courtiers et agents immobiliers, les entrepreneurs et les entreprises&nbsp;: l\u2019image de marque. L\u2019image de marque, c\u2019est l\u2019image personnelle que vous projetez en affaires. Mieux vaut prendre le temps d\u2019en b\u00e2tir une qui vous repr\u00e9sente bien et met de l\u2019avant vos qualit\u00e9s professionnelles!<\/p>\n\n\n\n<p>Jean-Daniel Petit discute de l\u2019importance d\u2019une marque personnelle pour se distinguer et explique la relation entre la perception qu\u2019ont les gens de votre marque et la confiance qu\u2019elle inspire chez vos clients, en particulier vos clients potentiels. <\/p>\n\n\n\n<figure class=\"wp-block-image\"><img loading=\"lazy\" decoding=\"async\" width=\"850\" height=\"300\" src=\"https:\/\/archive.cafe.crea.ca\/wp-content\/uploads\/2022\/01\/Dec21-SideStory1_Web_850x300-FR.jpg\" alt=\"\" class=\"wp-image-40121\" srcset=\"https:\/\/archive.cafe.crea.ca\/wp-content\/uploads\/2022\/01\/Dec21-SideStory1_Web_850x300-FR.jpg 850w, https:\/\/archive.cafe.crea.ca\/wp-content\/uploads\/2022\/01\/Dec21-SideStory1_Web_850x300-FR-768x271.jpg 768w\" sizes=\"(max-width: 850px) 100vw, 850px\" \/><\/figure>\n\n\n\n<p>\u00ab&nbsp;Finalement, la marque, c\u2019est la repr\u00e9sentation\nvisuelle et textuelle de ce qu\u2019est cette personne, et cela se b\u00e2tit sur le\ntr\u00e8s, tr\u00e8s long terme. Par contre, cela a une puissance incroyable&nbsp;: si on\nfait bien son travail, on est coh\u00e9rent et on est patient, l\u2019image de marque va\ntravailler pour nous, va cr\u00e9er de l\u2019engagement, de la loyaut\u00e9, va attirer les\nbons clients, va remplacer aussi souvent des employ\u00e9s parce qu\u2019elle va faire un\ntravail pour nous&nbsp;\u00bb, a-t-il dit.<\/p>\n\n\n\n<p>Les relations humaines ont une importance toute\nparticuli\u00e8re pour les courtiers et agents immobiliers. Dans un monde de plus en\nplus virtuel, c\u2019est votre marque qui parle pour vous&nbsp;: elle se doit donc d\u2019\u00eatre\nuniforme. Jean-Daniel&nbsp;Petit vous explique sa fa\u00e7on d\u2019assurer une certaine\nuniformit\u00e9 entre les diff\u00e9rents canaux, comme les r\u00e9seaux sociaux, les sites\nWeb personnels et les blogues.<\/p>\n\n\n\n<p>Vous apprendrez \u00e9galement \u00e0 faire \u00e9voluer votre marque\npour suivre les tendances, \u00e0 vous distinguer de la concurrence (plut\u00f4t f\u00e9roce!)\net \u00e0 rester fid\u00e8le \u00e0 votre mission tout en continuant de cro\u00eetre et de vous\nadapter.<\/p>\n\n\n\n<p>\u00ab&nbsp;L\u2019int\u00e9grit\u00e9 et nos valeurs ne devraient pas bouger. Si ce sont des\nvraies valeurs qui sont intrins\u00e8ques \u00e0 nous ou \u00e0 notre entreprise, \u00e7a devient\nun peu la colonne vert\u00e9brale de tout ce qu\u2019on fait. \u00c7a ne devrait pas trop \u00eatre\n\u00e9branl\u00e9 \u00e0 travers les courants sociaux, puis l\u2019\u00e9volution de la soci\u00e9t\u00e9. Par\ncontre, tout change autour de nous, donc c\u2019est l\u2019expression de ces valeurs-l\u00e0\nqui doit s\u2019adapter&nbsp;: on doit changer notre message&nbsp;\u00bb, a-t-il dit.<\/p>\n\n\n\n<p>\u00c9coutez le nouvel \u00e9pisode d\u2019<strong>EN DIRECT<\/strong> avec Jean-Daniel&nbsp;Petit sur votre plateforme\nhabituelle pour savoir comment b\u00e2tir une image de marque strat\u00e9gique et\nr\u00e9fl\u00e9chie.<\/p>\n\n\n\n<p>Pour d\u00e9couvrir tous les \u00e9pisodes, rendez-vous sur <a href=\"https:\/\/www.crea.ca\/fr\/podcast\/?utm_source=sfmc&amp;utm_term=&amp;utm_content=157979&amp;utm_id=1d9915e5-43d9-4a80-b172-0a9abcaa3439&amp;sfmc_id=20504756&amp;sfmc_activityid=7e7b70f9-0b11-472e-982c-165f130f5069&amp;utm_medium=email&amp;utm_campaign=Week%204%202021%20ROC%20EN\" target=\"_blank\" rel=\"noreferrer noopener\">CREA.ca\/balado<\/a> ou la plateforme d\u2019\u00e9coute de votre\nchoix.<\/p>\n\n\n\n<p>Vous pouvez aussi \u00e9couter le nouvel \u00e9pisode de la <a href=\"https:\/\/www.crea.ca\/podcast\/?utm_source=sfmc&amp;utm_term=&amp;utm_content=157979&amp;utm_id=1d9915e5-43d9-4a80-b172-0a9abcaa3439&amp;sfmc_id=20504756&amp;sfmc_activityid=7e7b70f9-0b11-472e-982c-165f130f5069&amp;utm_medium=email&amp;utm_campaign=Week%204%202021%20ROC%20EN\" target=\"_blank\" rel=\"noreferrer noopener\">version anglaise de notre balado, <strong>REAL&nbsp;TIME<\/strong><\/a>, qui porte sur les strat\u00e9gies de\nn\u00e9gociation et met en vedette un autre expert du secteur, Wes&nbsp;Hall.<\/p>\n\n\n\n<div class=\"wp-block-button\"><a class=\"wp-block-button__link\" href=\"https:\/\/www.crea.ca\/en-direct\/jean-daniel-petit-la-puissance-de-limage-de-marque-personnelle\/\">\u00c9couter maintenant\ufeff<\/a><\/div>\n\n\n\n<p><a rel=\"noreferrer noopener\" href=\"https:\/\/www.crea.ca\/fr\/podcast\/\" target=\"_blank\">\u00c9<\/a><\/p>\n","protected":false},"excerpt":{"rendered":"<p>Comment les courtiers et agents peuvent-ils se d\u00e9marquer sur le march\u00e9 concurrentiel de l\u2019immobilier pour attirer et fid\u00e9liser la client\u00e8le? Dans l\u2019\u00e9pisode&nbsp;8 d\u2019EN DIRECT, nous parlons avec l\u2019expert Jean-Daniel&nbsp;Petit d\u2019un sujet qui ne manquera pas d\u2019int\u00e9resser les courtiers et agents immobiliers, les entrepreneurs et les entreprises&nbsp;: l\u2019image de marque. L\u2019image de marque, c\u2019est l\u2019image personnelle &hellip; <a href=\"https:\/\/archive.cafe.crea.ca\/fr\/la-puissance-de-limage-de-marque-personnelle\/\" class=\"more-link\">Continue reading <span class=\"screen-reader-text\">La puissance de l\u2019image de marque personnelle<\/span><\/a><\/p>\n","protected":false},"author":166,"featured_media":35421,"comment_status":"open","ping_status":"open","sticky":false,"template":"","format":"standard","meta":{"footnotes":""},"categories":[2366],"tags":[2377],"coauthors":[2432],"class_list":["post-40120","post","type-post","status-publish","format-standard","has-post-thumbnail","hentry","category-nouvelles-de-laci","tag-sidebar-fr"],"aioseo_notices":[],"_links":{"self":[{"href":"https:\/\/archive.cafe.crea.ca\/fr\/wp-json\/wp\/v2\/posts\/40120"}],"collection":[{"href":"https:\/\/archive.cafe.crea.ca\/fr\/wp-json\/wp\/v2\/posts"}],"about":[{"href":"https:\/\/archive.cafe.crea.ca\/fr\/wp-json\/wp\/v2\/types\/post"}],"author":[{"embeddable":true,"href":"https:\/\/archive.cafe.crea.ca\/fr\/wp-json\/wp\/v2\/users\/166"}],"replies":[{"embeddable":true,"href":"https:\/\/archive.cafe.crea.ca\/fr\/wp-json\/wp\/v2\/comments?post=40120"}],"version-history":[{"count":3,"href":"https:\/\/archive.cafe.crea.ca\/fr\/wp-json\/wp\/v2\/posts\/40120\/revisions"}],"predecessor-version":[{"id":40126,"href":"https:\/\/archive.cafe.crea.ca\/fr\/wp-json\/wp\/v2\/posts\/40120\/revisions\/40126"}],"wp:featuredmedia":[{"embeddable":true,"href":"https:\/\/archive.cafe.crea.ca\/fr\/wp-json\/wp\/v2\/media\/35421"}],"wp:attachment":[{"href":"https:\/\/archive.cafe.crea.ca\/fr\/wp-json\/wp\/v2\/media?parent=40120"}],"wp:term":[{"taxonomy":"category","embeddable":true,"href":"https:\/\/archive.cafe.crea.ca\/fr\/wp-json\/wp\/v2\/categories?post=40120"},{"taxonomy":"post_tag","embeddable":true,"href":"https:\/\/archive.cafe.crea.ca\/fr\/wp-json\/wp\/v2\/tags?post=40120"},{"taxonomy":"author","embeddable":true,"href":"https:\/\/archive.cafe.crea.ca\/fr\/wp-json\/wp\/v2\/coauthors?post=40120"}],"curies":[{"name":"wp","href":"https:\/\/api.w.org\/{rel}","templated":true}]}}