{"id":40093,"date":"2022-01-18T09:49:45","date_gmt":"2022-01-18T14:49:45","guid":{"rendered":"https:\/\/archive.cafe.crea.ca\/?p=40093"},"modified":"2022-02-07T15:31:45","modified_gmt":"2022-02-07T20:31:45","slug":"guide-rapide-pour-devenir-membre-dun-comite-de-laci","status":"publish","type":"post","link":"https:\/\/archive.cafe.crea.ca\/fr\/guide-rapide-pour-devenir-membre-dun-comite-de-laci\/","title":{"rendered":"Guide rapide pour devenir membre d\u2019un comit\u00e9 de l\u2019ACI"},"content":{"rendered":"\n<p>Mettez \u00e0 profit votre passion pour l\u2019immobilier, vos exp\u00e9riences\ndiversifi\u00e9es et votre expertise unique \u00e0 titre de b\u00e9n\u00e9vole au sein d\u2019un comit\u00e9\nde l\u2019ACI.<\/p>\n\n\n\n<p>Un bassin de b\u00e9n\u00e9voles dynamiques est essentiel \u00e0 la r\u00e9ussite \u00e0 long terme de votre association nationale et de la profession immobili\u00e8re. Comme on dit souvent, le progr\u00e8s est impossible sans changement. Voici maintenant une excellente occasion d\u2019aider \u00e0 r\u00e9aliser ce progr\u00e8s. Pr\u00e9sentez votre candidature d\u00e8s maintenant pour <a href=\"https:\/\/www.crea.ca\/fr\/about\/creas-volunteer-committees\/\" target=\"_blank\" rel=\"noreferrer noopener\" aria-label=\" (opens in a new tab)\">si\u00e9ger \u00e0 un comit\u00e9 de l\u2019ACI<\/a>.<\/p>\n\n\n\n<p class=\"has-background has-very-light-gray-background-color\"><strong>AVEZ-VOUS MANQU\u00c9 LE WEBINAIRE? Le 20&nbsp;janvier&nbsp;2022, l\u2019ACI a tenu un webinaire virtuel pour les personnes qui souhaitent si\u00e9ger b\u00e9n\u00e9volement \u00e0 un comit\u00e9 de l\u2019ACI en 2022-2023. Les participants ont pu en apprendre davantage de la part des membres de comit\u00e9s actuels et ont eu la chance de poser des questions. <a href=\"https:\/\/www.youtube.com\/watch?v=ptu_GrlTjc4\">Visionnez-le maintenant!<\/a><\/strong><\/p>\n\n\n\n<iframe loading=\"lazy\" width=\"560\" height=\"315\" src=\"https:\/\/www.youtube.com\/embed\/ptu_GrlTjc4\" title=\"YouTube video player\" frameborder=\"0\" allow=\"accelerometer; autoplay; clipboard-write; encrypted-media; gyroscope; picture-in-picture\" allowfullscreen=\"\"><\/iframe>\n\n\n\n<p>Nous invitons toutes les personnes int\u00e9ress\u00e9es (courtiers ou agents membres de l\u2019ACI de m\u00eame que membres du personnel des chambres ou associations) \u00e0 <a href=\"https:\/\/crea-aci.ca1.qualtrics.com\/jfe\/form\/SV_bdt4vZCGuO38ScC?Q_Language=FR\">soumettre leur candidature en ligne<\/a>, et \u00e0 faire valoir pourquoi elles seraient un atout pour le ou les comit\u00e9s s\u00e9lectionn\u00e9s. Les candidatures doivent \u00eatre soumises d\u2019ici le 17 f\u00e9vrier 2022.<\/p>\n\n\n\n<p>Le processus de candidature est ouvert \u00e0 tous les membres en r\u00e8gle de\nl\u2019ACI. Vous pouvez pr\u00e9senter des candidatures \u00e0 deux&nbsp;comit\u00e9s du conseil\nd\u2019administration et \u00e0 deux&nbsp;comit\u00e9s op\u00e9rationnels au maximum. <\/p>\n\n\n\n<h1 class=\"wp-block-heading\">Pourquoi si\u00e9ger \u00e0 un comit\u00e9?<\/h1>\n\n\n\n<p>Les membres\ndes comit\u00e9s de l\u2019ACI mettent \u00e0 profit leur point de vue, leur expertise et leur\ntalent en contribuant, au nom de leurs coll\u00e8gues, au travail de notre\nassociation. C\u2019est votre chance d\u2019acqu\u00e9rir une exp\u00e9rience qui s\u2019av\u00e9rera\npr\u00e9cieuse si vous aspirez un jour \u00e0 un poste de direction. Vous aurez\nl\u2019occasion de d\u00e9velopper des relations professionnelles et personnelles aux\nquatre&nbsp;coins du pays.<\/p>\n\n\n\n<p>Nous comprenons l\u2019importance d\u2019enrichir nos comit\u00e9s d\u2019une vari\u00e9t\u00e9 de\npoints de vue et d\u2019exp\u00e9riences et tenons \u00e0 ce que nos comit\u00e9s et notre conseil\nd\u2019administration refl\u00e8tent l\u2019incroyable diversit\u00e9 de nos membres. C\u2019est\npourquoi nous sollicitons la participation de tous les membres de l\u2019ACI.<\/p>\n\n\n\n<h1 class=\"wp-block-heading\"><strong>Dans quels comit\u00e9s y a-t-il des si\u00e8ges pour les membres de\nl\u2019ACI?<\/strong><\/h1>\n\n\n\n<p>Des postes sont offerts aux membres de l\u2019ACI ainsi qu\u2019aux repr\u00e9sentants\ndes chambres et associations de tout le Canada au sein des comit\u00e9s suivants\n(mandat d\u2019un an)&nbsp;:<\/p>\n\n\n\n<p><em>Cliquez sur le nom d\u2019un comit\u00e9 ci-dessous pour consulter son mandat et\nen apprendre davantage sur son objectif, ses responsabilit\u00e9s et ses crit\u00e8res\nd\u2019adh\u00e9sion.<\/em><\/p>\n\n\n\n<ul class=\"wp-block-list\"><li><a href=\"https:\/\/www.crea.ca\/wp-content\/uploads\/2020\/11\/Mandat-du-comit%C3%A9-des-directeurs-dassociation.pdf\" target=\"_blank\" rel=\"noreferrer noopener\">Comit\u00e9\n     des directeurs d\u2019association<\/a><\/li><li><a href=\"https:\/\/www.crea.ca\/wp-content\/uploads\/2020\/11\/Mandat-du-comit%C3%A9-daudit-et-de-gestion-du-risque.pdf\" target=\"_blank\" rel=\"noreferrer noopener\">Comit\u00e9\n     d\u2019audit et de gestion du risque<\/a><\/li><li><a href=\"https:\/\/www.crea.ca\/wp-content\/uploads\/2020\/11\/Mandat-du-comit%C3%A9-des-propri%C3%A9taires-gestionnaires-dagence.pdf\" target=\"_blank\" rel=\"noreferrer noopener\">Comit\u00e9\n     des propri\u00e9taires\/gestionnaires d\u2019agence<\/a><\/li><li><a href=\"https:\/\/www.crea.ca\/wp-content\/uploads\/2020\/11\/Mandat-du-comit%C3%A9-des-affaires-f%C3%A9d%C3%A9rales.pdf\" target=\"_blank\" rel=\"noreferrer noopener\">Comit\u00e9\n     des affaires f\u00e9d\u00e9rales<\/a><\/li><li><a href=\"https:\/\/www.crea.ca\/wp-content\/uploads\/2020\/11\/Mandat-du-comit%C3%A9-des-finances.pdf\" target=\"_blank\" rel=\"noreferrer noopener\">Comit\u00e9\n     des finances<\/a><\/li><li><a href=\"https:\/\/www.crea.ca\/wp-content\/uploads\/2020\/11\/Mandat-du-comit%C3%A9-sur-la-gouvernance-et-le-R%C3%A8glement-int%C3%A9rieur.pdf\" target=\"_blank\" rel=\"noreferrer noopener\">Comit\u00e9\n     sur la gouvernance et le R\u00e8glement int\u00e9rieur<\/a><\/li><li><a href=\"https:\/\/www.crea.ca\/wp-content\/uploads\/2020\/11\/Mandat-du-comit%C3%A9-du-marketing-et-des-communications.pdf\" target=\"_blank\" rel=\"noreferrer noopener\">Comit\u00e9\n     du marketing et des communications<\/a><\/li><li><a href=\"https:\/\/www.crea.ca\/wp-content\/uploads\/2020\/11\/Mandat-du-comit%C3%A9-REALTORS-Care.pdf\" target=\"_blank\" rel=\"noreferrer noopener\">Comit\u00e9\n     REALTORS Care\u00ae<\/a><\/li><li><a href=\"https:\/\/www.crea.ca\/wp-content\/uploads\/2020\/11\/Mandat-du-comit%C3%A9-du-Code-REALTOR.pdf\" target=\"_blank\" rel=\"noreferrer noopener\">Comit\u00e9\n     du Code de conduite des membres de l\u2019ACI<\/a><\/li><li><a href=\"https:\/\/www.crea.ca\/wp-content\/uploads\/2020\/11\/Mandat-du-comit%C3%A9-de-la-technologie.pdf\" target=\"_blank\" rel=\"noreferrer noopener\">Comit\u00e9\n     de la technologie<\/a><\/li><\/ul>\n\n\n\n<p>Nous invitons toutes les personnes int\u00e9ress\u00e9es \u00e0 postuler et sommes\nravis d\u2019\u00e9largir notre communaut\u00e9 d\u2019associations immobili\u00e8res diversifi\u00e9e et\ninclusive. <\/p>\n\n\n\n<h1 class=\"wp-block-heading\">Comment\npr\u00e9senter ma candidature?<\/h1>\n\n\n\n<p>Nous d\u00e9sirons en savoir plus au sujet de vos activit\u00e9s professionnelles et b\u00e9n\u00e9voles ant\u00e9rieures, ainsi que de vos comp\u00e9tences et exp\u00e9riences uniques, qui constitueraient un atout pour le comit\u00e9.<\/p>\n\n\n\n<p><a href=\"https:\/\/www.crea.ca\/wp-content\/uploads\/2022\/01\/Apply-to-Volunteer-on-a-CREA-Committee-for-2022-2023_FR_DRAFT.pdf\" target=\"_blank\" rel=\"noreferrer noopener\" aria-label=\" (opens in a new tab)\">Vous trouverez ci-joint une copie des questions du formulaire de candidature. Tous les candidats doivent soumettre leurs r\u00e9ponses au moyen du formulaire en ligne.<\/a><\/p>\n\n\n\n<div class=\"wp-block-button\"><a class=\"wp-block-button__link\" href=\"https:\/\/crea-aci.ca1.qualtrics.com\/jfe\/form\/SV_bdt4vZCGuO38ScC?Q_Language=FR\">Pr\u00e9senter sa candidature d\u00e8s maintenant <\/a><\/div>\n\n\n\n<p>Si vous avez des questions au sujet du processus de candidature, communiquez avec le Centre de l\u2019exp\u00e9rience des membres \u00e0 <a href=\"mailto:support@crea.ca\" target=\"_blank\" rel=\"noreferrer noopener\" aria-label=\" (opens in a new tab)\">support@crea.ca<\/a> ou au 1-888-237-7945. <\/p>\n","protected":false},"excerpt":{"rendered":"<p>Mettez \u00e0 profit votre passion pour l\u2019immobilier, vos exp\u00e9riences diversifi\u00e9es et votre expertise unique \u00e0 titre de b\u00e9n\u00e9vole au sein d\u2019un comit\u00e9 de l\u2019ACI. Un bassin de b\u00e9n\u00e9voles dynamiques est essentiel \u00e0 la r\u00e9ussite \u00e0 long terme de votre association nationale et de la profession immobili\u00e8re. Comme on dit souvent, le progr\u00e8s est impossible sans &hellip; <a href=\"https:\/\/archive.cafe.crea.ca\/fr\/guide-rapide-pour-devenir-membre-dun-comite-de-laci\/\" class=\"more-link\">Continue reading <span class=\"screen-reader-text\">Guide rapide pour devenir membre d\u2019un comit\u00e9 de l\u2019ACI<\/span><\/a><\/p>\n","protected":false},"author":134,"featured_media":40085,"comment_status":"open","ping_status":"open","sticky":false,"template":"","format":"standard","meta":{"footnotes":""},"categories":[2366],"tags":[2378],"coauthors":[2397],"class_list":["post-40093","post","type-post","status-publish","format-standard","has-post-thumbnail","hentry","category-nouvelles-de-laci","tag-featured"],"aioseo_notices":[],"_links":{"self":[{"href":"https:\/\/archive.cafe.crea.ca\/fr\/wp-json\/wp\/v2\/posts\/40093"}],"collection":[{"href":"https:\/\/archive.cafe.crea.ca\/fr\/wp-json\/wp\/v2\/posts"}],"about":[{"href":"https:\/\/archive.cafe.crea.ca\/fr\/wp-json\/wp\/v2\/types\/post"}],"author":[{"embeddable":true,"href":"https:\/\/archive.cafe.crea.ca\/fr\/wp-json\/wp\/v2\/users\/134"}],"replies":[{"embeddable":true,"href":"https:\/\/archive.cafe.crea.ca\/fr\/wp-json\/wp\/v2\/comments?post=40093"}],"version-history":[{"count":4,"href":"https:\/\/archive.cafe.crea.ca\/fr\/wp-json\/wp\/v2\/posts\/40093\/revisions"}],"predecessor-version":[{"id":40262,"href":"https:\/\/archive.cafe.crea.ca\/fr\/wp-json\/wp\/v2\/posts\/40093\/revisions\/40262"}],"wp:featuredmedia":[{"embeddable":true,"href":"https:\/\/archive.cafe.crea.ca\/fr\/wp-json\/wp\/v2\/media\/40085"}],"wp:attachment":[{"href":"https:\/\/archive.cafe.crea.ca\/fr\/wp-json\/wp\/v2\/media?parent=40093"}],"wp:term":[{"taxonomy":"category","embeddable":true,"href":"https:\/\/archive.cafe.crea.ca\/fr\/wp-json\/wp\/v2\/categories?post=40093"},{"taxonomy":"post_tag","embeddable":true,"href":"https:\/\/archive.cafe.crea.ca\/fr\/wp-json\/wp\/v2\/tags?post=40093"},{"taxonomy":"author","embeddable":true,"href":"https:\/\/archive.cafe.crea.ca\/fr\/wp-json\/wp\/v2\/coauthors?post=40093"}],"curies":[{"name":"wp","href":"https:\/\/api.w.org\/{rel}","templated":true}]}}