{"id":40072,"date":"2022-01-14T11:30:25","date_gmt":"2022-01-14T16:30:25","guid":{"rendered":"https:\/\/archive.cafe.crea.ca\/?p=40072"},"modified":"2022-01-14T11:30:28","modified_gmt":"2022-01-14T16:30:28","slug":"les-tendances-deco-a-surveiller-en-2022","status":"publish","type":"post","link":"https:\/\/archive.cafe.crea.ca\/fr\/les-tendances-deco-a-surveiller-en-2022\/","title":{"rendered":"Les tendances d\u00e9co \u00e0 surveiller en 2022"},"content":{"rendered":"\n<p>Avez-vous de la difficult\u00e9 \u00e0 trouver du contenu \u00e0 partager dans les m\u00e9dias sociaux?<\/p>\n\n\n\n<p>Laissez tomber Instagram et Facebook. Vous n\u2019avez besoin que de REALTOR.ca.<\/p>\n\n\n\n<figure><iframe loading=\"lazy\" src=\"https:\/\/www.facebook.com\/plugins\/page.php?href=https%3A%2F%2Fwww.facebook.com%2FREALTORdotca&amp;tabs&amp;width=340&amp;height=130&amp;small_header=false&amp;adapt_container_width=true&amp;hide_cover=false&amp;show_facepile=false&amp;appId=321786092155799\" width=\"340\" height=\"130\"><\/iframe><\/figure>\n\n\n\n<p>Notre blogue ax\u00e9 sur le style de vie des consommateurs, le&nbsp;<em><a rel=\"noreferrer noopener\" href=\"https:\/\/www.realtor.ca\/blogue\" target=\"_blank\">Salon<\/a><\/em>, vous offre du contenu sur des sujets comme les r\u00e9novations, les tendances du march\u00e9, le bricolage, les guides des quartiers et les maisons originales. Du nouveau contenu passionnant est publi\u00e9 au&nbsp;<em>Salon<\/em>&nbsp;quatre&nbsp;fois par semaine (et du&nbsp;<a href=\"https:\/\/www.realtor.ca\/blogue\" target=\"_blank\" rel=\"noreferrer noopener\">contenu unique en fran\u00e7ais<\/a>&nbsp;est publi\u00e9 pour les passionn\u00e9s francophones).<\/p>\n\n\n\n<p>Tandis que le contenu du Caf\u00e9 ACI est s\u00e9lectionn\u00e9 sp\u00e9cialement pour favoriser la croissance de votre entreprise et \u00e0 en assurer la r\u00e9ussite, le contenu du&nbsp;<em>Salon<\/em>&nbsp;est parfait pour \u00eatre partag\u00e9 avec vos clients.<\/p>\n\n\n\n<p>D\u00e9tenu et exploit\u00e9 par L\u2019Association canadienne de l\u2019immeuble (ACI), REALTOR.ca est la plateforme immobili\u00e8re la plus populaire au Canada (Comscore, 2020). Vous y trouverez toutes les inscriptions des syst\u00e8mes MLS<sup>\u00ae<\/sup>&nbsp;au pays.<\/p>\n\n\n\n<p>Partagez ce blogue avec vos clients et vous pouvez aussi suivre REALTOR.ca sur&nbsp;<a rel=\"noreferrer noopener\" href=\"https:\/\/twitter.com\/REALTORdotca\" target=\"_blank\">Twitter<\/a>,&nbsp;<a rel=\"noreferrer noopener\" href=\"https:\/\/www.instagram.com\/realtordotca\/\" target=\"_blank\">Instagram<\/a>&nbsp;et&nbsp;<a rel=\"noreferrer noopener\" href=\"https:\/\/www.pinterest.ca\/realtordotca\/\" target=\"_blank\">Pinterest<\/a>.<\/p>\n\n\n\n<p>Consulter le billet de\u00a0<a rel=\"noreferrer noopener\" href=\"https:\/\/www.realtor.ca\/blogue\/tendances-sofa-pour-un-salon-styl%C3%A9\/23665\/1373\" target=\"_blank\">blogue original.<\/a><\/p>\n\n\n\n<hr class=\"wp-block-separator is-style-wide\"\/>\n\n\n\n<figure class=\"wp-block-image\"><img loading=\"lazy\" decoding=\"async\" width=\"896\" height=\"518\" src=\"https:\/\/archive.cafe.crea.ca\/wp-content\/uploads\/2022\/01\/inside_blog_livingroom_fireplace_896x518.jpg\" alt=\"Stylish living room with whites and browns\" class=\"wp-image-40077\" srcset=\"https:\/\/archive.cafe.crea.ca\/wp-content\/uploads\/2022\/01\/inside_blog_livingroom_fireplace_896x518.jpg 896w, https:\/\/archive.cafe.crea.ca\/wp-content\/uploads\/2022\/01\/inside_blog_livingroom_fireplace_896x518-768x444.jpg 768w\" sizes=\"(max-width: 896px) 100vw, 896px\" \/><\/figure>\n\n\n\n<p> Chaque ann\u00e9e, sur les plateformes internationales et les salons du design, des grandes tendances en d\u00e9co \u00e9mergent pour ensuite venir guider ce qu\u2019on retrouvera en magasin et ultimement dans nos maisons. Mais comment naissent les tendances et qu\u2019est-ce qui fait qu\u2019une tendance est plus marquante qu\u2019une autre? La r\u00e9ponse simple est : ce qu\u2019il se passe dans le monde. En effet, les cr\u00e9ateurs et cr\u00e9atrices qui \u0153uvrent tant dans les milieux de la mode que de la d\u00e9coration s\u2019inspirent des grands \u00e9v\u00e9nements qui se passent dans le monde pour les interpr\u00e9ter ensuite en produits qui r\u00e9pondent aux besoins et d\u00e9sirs des consommateurs. Alors quelles seront les tendances de 2022? En voici six \u00e0 d\u00e9couvrir et \u00e0 adopter. <\/p>\n\n\n\n<h2 class=\"wp-block-heading\">Un environnement naturel<\/h2>\n\n\n\n<p>Au sommet des tendances depuis quelques saisons d\u00e9j\u00e0, les mati\u00e8res naturelles, les formes organiques et le mobilier soucieux de l\u2019environnement demeurent une priorit\u00e9 des fabricants et des consommateurs. Avec la COP26 qui vient de se terminer en \u00c9cosse, les enjeux climatiques sont plus pr\u00e9sents que jamais dans nos esprits et la d\u00e9co s\u2019adapte en cons\u00e9quence. On priorise des objets dont le cycle de transport est r\u00e9duit avec des achats locaux, on cherche des mati\u00e8res qui sont recyclables ou \u00e9coresponsables et surtout, on mise sur la qualit\u00e9 plus que sur la quantit\u00e9. Les ann\u00e9es d\u2019achats effr\u00e9n\u00e9s sont derri\u00e8re nous, pour laisser la place \u00e0 une consommation \u00e9clair\u00e9e et responsable. Et c\u2019est bien tant mieux.<\/p>\n\n\n\n<h2 class=\"wp-block-heading\">50 nuances de vert<\/h2>\n\n\n\n<p>Si les ann\u00e9es 2010 ont mis de l\u2019avant les 50 nuances de gris, les ann\u00e9es 2020 ont tourn\u00e9 la page pour plut\u00f4t adopter tout le cama\u00efeu de vert \u00e0 la place. Tilleul, menthe, sauge, \u00e9meraude ou kaki, le vert est \u00e0 l\u2019honneur. Comme dans la for\u00eat o\u00f9 des centaines de verts se c\u00f4toient harmonieusement, adoptez cette tendance sans craindre de faire un faux pas. Il est quasi impossible de choisir deux verts qui ne se marient pas ensemble. Pensez au velours vert sur le canap\u00e9 ou les coussins du lit, au vert sauge sur les murs ou m\u00eame sur les portes d\u2019armoires de cuisine, et pourquoi pas des chaises de salle \u00e0 manger d\u2019un vert profond.<\/p>\n\n\n\n<h2 class=\"wp-block-heading\">Les cuisines blanches se r\u00e9chauffent<\/h2>\n\n\n\n<p>La fameuse cuisine blanche a \u00e9t\u00e9 une tendance importante il y a quelques ann\u00e9es et, parce que cette pi\u00e8ce est dispendieuse \u00e0 r\u00e9nover, on continue \u00e0 l\u2019aimer. Par contre, le blanc partout peut para\u00eetre un peu froid et institutionnel \u00e0 la longue. C\u2019est l\u00e0 o\u00f9 la nouvelle tendance entre en jeu. R\u00e9chauffez votre cuisine toute blanche avec des accents de bois sous forme de tabourets pr\u00e8s du comptoir-lunch, des suspensions avec des accents de laiton, des planches \u00e0 d\u00e9couper r\u00e9tro rang\u00e9es sur une \u00e9tag\u00e8re ouverte ou accroch\u00e9es au mur, ou encore avec un mur d\u2019accent color\u00e9 ou un nouveau dosseret. Ces petits changements viendront rehausser la tuile m\u00e9tro ou les armoires blanches, tout en donnant plus de dimension \u00e0 la pi\u00e8ce avec des points de contraste en couleur ou sous forme de texture naturelle ajout\u00e9s au d\u00e9cor.<\/p>\n\n\n\n<h2 class=\"wp-block-heading\">Les meubles et accessoires arrondis<\/h2>\n\n\n\n<p>Tr\u00e8s tendance dans les ann\u00e9es 20 et 30, les meubles arrondis, synonymes des styles Hollywood Regency et Art D\u00e9co, reviennent en force. On aime les accoudoirs arrondis, les canap\u00e9s en forme de f\u00e8ve, les tables de salle \u00e0 manger ovales qui favorisent la conversation et les miroirs arrondis dans la salle de bain. Dans une pi\u00e8ce o\u00f9 tout est lignes droites et angles, quelques \u00e9l\u00e9ments aux courbes souples et curvilin\u00e9aires viennent adoucir l\u2019ensemble de la pi\u00e8ce.<\/p>\n\n\n\n<figure class=\"wp-block-image\"><img loading=\"lazy\" decoding=\"async\" width=\"896\" height=\"518\" src=\"https:\/\/archive.cafe.crea.ca\/wp-content\/uploads\/2022\/01\/inside_blog_woman_desk_896x518.jpg\" alt=\"Home office painted in dark colours\" class=\"wp-image-40079\" srcset=\"https:\/\/archive.cafe.crea.ca\/wp-content\/uploads\/2022\/01\/inside_blog_woman_desk_896x518.jpg 896w, https:\/\/archive.cafe.crea.ca\/wp-content\/uploads\/2022\/01\/inside_blog_woman_desk_896x518-768x444.jpg 768w\" sizes=\"(max-width: 896px) 100vw, 896px\" \/><\/figure>\n\n\n\n<h2 class=\"wp-block-heading\">Le bureau \u00e0 la maison \u00e0 la fine pointe<\/h2>\n\n\n\n<p>Je vous \u00e9crivais plus t\u00f4t comme quoi les tendances s\u2019inspirent des grands \u00e9v\u00e9nements qui se passent dans le monde. Ce n\u2019est donc pas une surprise de voir qu\u2019encore cette ann\u00e9e, les bureaux \u00e0 la maison sont mis \u00e0 l\u2019honneur. Fini le travail sur un coin de table avec une chaise d\u2019appoint, on prend plut\u00f4t le temps et le soin de bien s\u2019organiser. Pas besoin de tout chambouler ou de d\u00e9penser une fortune pour le faire, il s\u2019agit simplement d\u2019\u00eatre judicieux en fait de nos besoins. Si on passe une grande partie de la journ\u00e9e sur Zoom, on peut alors consid\u00e9rer un bureau ajustable en hauteur afin de travailler debout&nbsp;et ainsi varier notre position. Si l\u2019achat d\u2019un bureau n\u2019est pas possible, il existe des rehausseurs d\u2019ordinateurs qui font en sorte que m\u00eame d\u00e9pos\u00e9s sur une table de hauteur normale, on peut se tenir debout et avoir l\u2019\u00e9cran bien \u00e0 la hauteur de nos yeux. Travailler debout ne vous inspire pas? Repensez alors \u00e0 votre chaise. Assurez-vous d\u2019en trouver une qui soit ajustable, pour avoir les avant-bras \u00e0 90 degr\u00e9s avec le clavier et ainsi r\u00e9duire la tension dans les \u00e9paules, les coudes, le dos et les poignets.<\/p>\n\n\n\n<h2 class=\"wp-block-heading\">Les plafonds color\u00e9s<\/h2>\n\n\n\n<p>Une tendance intemporelle : on voit revenir de fa\u00e7on cyclique les plafonds color\u00e9s dans le palmar\u00e8s annuel. En effet, ce fameux cinqui\u00e8me mur est trop souvent laiss\u00e9 pour compte avec, comme seul habillage, une ennuyante teinte d\u2019\u00e9cru mat. On peut faire mieux! Essayez un plafond bleu profond dans la chambre, vert sauge dans le salon ou jaune dans la cuisine. Les options sont nombreuses et toutes enviables. Sans rien changer d\u2019autre \u00e0 la pi\u00e8ce, le plafond viendra en changer la perspective et ajouter une saine dose de couleur qui remonte le moral et fait du bien.<br><\/p>\n\n\n\n<p><br><\/p>\n","protected":false},"excerpt":{"rendered":"<p>Avez-vous de la difficult\u00e9 \u00e0 trouver du contenu \u00e0 partager dans les m\u00e9dias sociaux? Laissez tomber Instagram et Facebook. Vous n\u2019avez besoin que de REALTOR.ca. Notre blogue ax\u00e9 sur le style de vie des consommateurs, le&nbsp;Salon, vous offre du contenu sur des sujets comme les r\u00e9novations, les tendances du march\u00e9, le bricolage, les guides des &hellip; <a href=\"https:\/\/archive.cafe.crea.ca\/fr\/les-tendances-deco-a-surveiller-en-2022\/\" class=\"more-link\">Continue reading <span class=\"screen-reader-text\">Les tendances d\u00e9co \u00e0 surveiller en 2022<\/span><\/a><\/p>\n","protected":false},"author":156,"featured_media":40075,"comment_status":"open","ping_status":"open","sticky":false,"template":"","format":"standard","meta":{"footnotes":""},"categories":[2372],"tags":[],"coauthors":[2422],"class_list":["post-40072","post","type-post","status-publish","format-standard","has-post-thumbnail","hentry","category-divers"],"aioseo_notices":[],"_links":{"self":[{"href":"https:\/\/archive.cafe.crea.ca\/fr\/wp-json\/wp\/v2\/posts\/40072"}],"collection":[{"href":"https:\/\/archive.cafe.crea.ca\/fr\/wp-json\/wp\/v2\/posts"}],"about":[{"href":"https:\/\/archive.cafe.crea.ca\/fr\/wp-json\/wp\/v2\/types\/post"}],"author":[{"embeddable":true,"href":"https:\/\/archive.cafe.crea.ca\/fr\/wp-json\/wp\/v2\/users\/156"}],"replies":[{"embeddable":true,"href":"https:\/\/archive.cafe.crea.ca\/fr\/wp-json\/wp\/v2\/comments?post=40072"}],"version-history":[{"count":1,"href":"https:\/\/archive.cafe.crea.ca\/fr\/wp-json\/wp\/v2\/posts\/40072\/revisions"}],"predecessor-version":[{"id":40081,"href":"https:\/\/archive.cafe.crea.ca\/fr\/wp-json\/wp\/v2\/posts\/40072\/revisions\/40081"}],"wp:featuredmedia":[{"embeddable":true,"href":"https:\/\/archive.cafe.crea.ca\/fr\/wp-json\/wp\/v2\/media\/40075"}],"wp:attachment":[{"href":"https:\/\/archive.cafe.crea.ca\/fr\/wp-json\/wp\/v2\/media?parent=40072"}],"wp:term":[{"taxonomy":"category","embeddable":true,"href":"https:\/\/archive.cafe.crea.ca\/fr\/wp-json\/wp\/v2\/categories?post=40072"},{"taxonomy":"post_tag","embeddable":true,"href":"https:\/\/archive.cafe.crea.ca\/fr\/wp-json\/wp\/v2\/tags?post=40072"},{"taxonomy":"author","embeddable":true,"href":"https:\/\/archive.cafe.crea.ca\/fr\/wp-json\/wp\/v2\/coauthors?post=40072"}],"curies":[{"name":"wp","href":"https:\/\/api.w.org\/{rel}","templated":true}]}}