{"id":40031,"date":"2022-01-07T14:10:02","date_gmt":"2022-01-07T19:10:02","guid":{"rendered":"https:\/\/archive.cafe.crea.ca\/?p=40031"},"modified":"2022-01-07T14:10:07","modified_gmt":"2022-01-07T19:10:07","slug":"tendances-sofa-pour-un-salon-style","status":"publish","type":"post","link":"https:\/\/archive.cafe.crea.ca\/fr\/tendances-sofa-pour-un-salon-style\/","title":{"rendered":"Tendances sofa pour un salon styl\u00e9"},"content":{"rendered":"\n<p>Avez-vous de la difficult\u00e9 \u00e0 trouver du contenu \u00e0 partager dans les m\u00e9dias sociaux?<\/p>\n\n\n\n<p>Laissez tomber Instagram et Facebook. Vous n\u2019avez besoin que de REALTOR.ca.<\/p>\n\n\n\n<figure><iframe loading=\"lazy\" src=\"https:\/\/www.facebook.com\/plugins\/page.php?href=https%3A%2F%2Fwww.facebook.com%2FREALTORdotca&amp;tabs&amp;width=340&amp;height=130&amp;small_header=false&amp;adapt_container_width=true&amp;hide_cover=false&amp;show_facepile=false&amp;appId=321786092155799\" width=\"340\" height=\"130\"><\/iframe><\/figure>\n\n\n\n<p>Notre blogue ax\u00e9 sur le style de vie des consommateurs, le&nbsp;<em><a rel=\"noreferrer noopener\" href=\"https:\/\/www.realtor.ca\/blogue\" target=\"_blank\">Salon<\/a><\/em>, vous offre du contenu sur des sujets comme les r\u00e9novations, les tendances du march\u00e9, le bricolage, les guides des quartiers et les maisons originales. Du nouveau contenu passionnant est publi\u00e9 au&nbsp;<em>Salon<\/em>&nbsp;quatre&nbsp;fois par semaine (et du&nbsp;<a href=\"https:\/\/www.realtor.ca\/blogue\" target=\"_blank\" rel=\"noreferrer noopener\">contenu unique en fran\u00e7ais<\/a>&nbsp;est publi\u00e9 pour les passionn\u00e9s francophones).<\/p>\n\n\n\n<p>Tandis que le contenu du Caf\u00e9 ACI est s\u00e9lectionn\u00e9 sp\u00e9cialement pour favoriser la croissance de votre entreprise et \u00e0 en assurer la r\u00e9ussite, le contenu du&nbsp;<em>Salon<\/em>&nbsp;est parfait pour \u00eatre partag\u00e9 avec vos clients.<\/p>\n\n\n\n<p>D\u00e9tenu et exploit\u00e9 par L\u2019Association canadienne de l\u2019immeuble (ACI), REALTOR.ca est la plateforme immobili\u00e8re la plus populaire au Canada (Comscore, 2020). Vous y trouverez toutes les inscriptions des syst\u00e8mes MLS<sup>\u00ae<\/sup>&nbsp;au pays.<\/p>\n\n\n\n<p>Partagez ce blogue avec vos clients et vous pouvez aussi suivre REALTOR.ca sur&nbsp;<a rel=\"noreferrer noopener\" href=\"https:\/\/twitter.com\/REALTORdotca\" target=\"_blank\">Twitter<\/a>,&nbsp;<a rel=\"noreferrer noopener\" href=\"https:\/\/www.instagram.com\/realtordotca\/\" target=\"_blank\">Instagram<\/a>&nbsp;et&nbsp;<a rel=\"noreferrer noopener\" href=\"https:\/\/www.pinterest.ca\/realtordotca\/\" target=\"_blank\">Pinterest<\/a>.<\/p>\n\n\n\n<p>Consulter le billet de\u00a0<a href=\"https:\/\/www.realtor.ca\/blogue\/tendances-sofa-pour-un-salon-styl%C3%A9\/23665\/1373\" target=\"_blank\" rel=\"noreferrer noopener\" aria-label=\" (opens in a new tab)\">blogue original.<\/a><\/p>\n\n\n\n<hr class=\"wp-block-separator is-style-wide\"\/>\n\n\n\n<figure class=\"wp-block-image\"><img loading=\"lazy\" decoding=\"async\" width=\"896\" height=\"518\" src=\"https:\/\/archive.cafe.crea.ca\/wp-content\/uploads\/2022\/01\/Inside-the-blog_Brown-grey-couch_896x518px_FR.jpg\" alt=\"\" class=\"wp-image-40036\" srcset=\"https:\/\/archive.cafe.crea.ca\/wp-content\/uploads\/2022\/01\/Inside-the-blog_Brown-grey-couch_896x518px_FR.jpg 896w, https:\/\/archive.cafe.crea.ca\/wp-content\/uploads\/2022\/01\/Inside-the-blog_Brown-grey-couch_896x518px_FR-768x444.jpg 768w\" sizes=\"(max-width: 896px) 100vw, 896px\" \/><\/figure>\n\n\n\n<p>Pi\u00e8ce majeure de toute r\u00e9sidence, le sofa donne souvent le ton \u00e0 la d\u00e9co du salon.<\/p>\n\n\n\n<p>Vous souhaitez lui redonner un peu de fra\u00eecheur ou adopter un tout nouveau look? Vous recherchez l\u2019inspiration pour le jour o\u00f9 vous serez enfin dans votre maison de r\u00eave? Continuez \u00e0 lire et vous d\u00e9couvrirez les tendances et les modes \u00e0 venir pour les fauteuils, les causeuses et les sofas. Nous avons fait les recherches pour vous!<\/p>\n\n\n\n<h2 class=\"wp-block-heading\">La douceur organique r\u00e9conforte<\/h2>\n\n\n\n<p>Les lignes des sofas s\u2019arrondissent et d\u00e9tendent leur c\u00f4t\u00e9 structur\u00e9 alors que les tissus se font tactiles et invitants. Le velours a encore la cote et les lainages boucl\u00e9s se joignent \u00e0 lui. Imaginez un fauteuil qu\u2019on a tout de suite envie de caresser! Les mod\u00e8les classiques comme la m\u00e9ridienne, le modulaire \u00e0 l\u2019italienne et le Chesterfield se font plus moelleux, comme s\u2019ils \u00e9taient enfin en vacances et respiraient un peu. Le cuir lui aussi passe en mode relaxation en laissant tomber le lustr\u00e9 et en adoptant une patine naturelle.<\/p>\n\n\n\n<h2 class=\"wp-block-heading\">Les tons deviennent automnaux<\/h2>\n\n\n\n<p>Bien que toujours populaires pour certains types d\u2019int\u00e9rieurs, les nuances vives et de pierres pr\u00e9cieuses font un pas vers l\u2019arri\u00e8re pour laisser la place \u00e0 l\u2019ocre, aux tons de rouille et au marron. Ces couleurs de dunes et d\u2019automne sans fin repr\u00e9sentent cet esprit enveloppant et \u00ab&nbsp;<em>cozy \u00bb<\/em>&nbsp;qui est de plus en plus recherch\u00e9 dans les foyers canadiens. Le rose, le lilas et le moutarde se font plus poudreux et flous, comme s\u2019ils sortaient d\u2019un long sommeil.<\/p>\n\n\n\n<h2 class=\"wp-block-heading\">La polyvalence s\u2019invite au salon<\/h2>\n\n\n\n<p>Notre zone d\u00e9tente devient un lieu multifonction. Comment?<\/p>\n\n\n\n<p>En ajoutant des prises USB cach\u00e9es dans les accoudoirs des causeuses, en rendant les sofas plus facilement modulaires gr\u00e2ce \u00e0 des pieds \u00e9lectriques et des soutiens lombaires cach\u00e9s sous le recouvrement, et en permettant de recevoir un massage \u00e0 m\u00eame le dossier de son fauteuil. L\u2019Europe nous inspire aussi avec ces coussins rectangulaires matelass\u00e9s \u00e0 la fran\u00e7aise qu\u2019on d\u00e9pose sur l\u2019assise pour changer l\u2019allure du sofa et le rendre encore plus douillet. Ils sont aussi utiles simplement d\u00e9pos\u00e9s au sol, pour augmenter le nombre de si\u00e8ges.<\/p>\n\n\n\n<figure class=\"wp-block-image\"><img loading=\"lazy\" decoding=\"async\" width=\"896\" height=\"518\" src=\"https:\/\/archive.cafe.crea.ca\/wp-content\/uploads\/2022\/01\/Inside-the-blog_Woman-on-grey-couch_896x518px_FR.jpg\" alt=\"\" class=\"wp-image-40038\" srcset=\"https:\/\/archive.cafe.crea.ca\/wp-content\/uploads\/2022\/01\/Inside-the-blog_Woman-on-grey-couch_896x518px_FR.jpg 896w, https:\/\/archive.cafe.crea.ca\/wp-content\/uploads\/2022\/01\/Inside-the-blog_Woman-on-grey-couch_896x518px_FR-768x444.jpg 768w\" sizes=\"(max-width: 896px) 100vw, 896px\" \/><\/figure>\n\n\n\n<h2 class=\"wp-block-heading\">Les accessoires sont polyvalents<\/h2>\n\n\n\n<p>Sur le sofa, les jet\u00e9s et les couvertures sont plus importants que jamais pour accompagner nos soir\u00e9es t\u00e9l\u00e9. En plus des tissus \u00e0 carreaux et des tissus polaires faciles \u00e0 adopter, la couverture lest\u00e9e qui aide \u00e0 calmer l\u2019anxi\u00e9t\u00e9 est appr\u00e9ci\u00e9e de tous. On en trouve m\u00eame dans nos magasins \u00e0 rayons favoris!<\/p>\n\n\n\n<p>Plut\u00f4t que de choisir seulement des coussins carr\u00e9s classiques, on varie les formes, les remplissages et les tissus. Les traversins rigides s\u2019installeront avec bonheur entre deux coussins en coton \u00e0 pompons et des petits coussins ronds brod\u00e9s. On ach\u00e8te aussi des housses qui permettront de varier la d\u00e9co au fil des saisons.<\/p>\n\n\n\n<h2 class=\"wp-block-heading\">Avant d\u2019acheter, posez-vous ces questions :<\/h2>\n\n\n\n<ul class=\"wp-block-list\"><li>&nbsp;&nbsp;Quel est le budget pour cet achat?<\/li><li>&nbsp;&nbsp;Combien de personnes vont utiliser le sofa au quotidien?<\/li><li>&nbsp;&nbsp;Quel est votre style de vie \u00e0 la maison? (Enfants, repas devant la t\u00e9l\u00e9, animaux domestiques, etc.)<\/li><li>&nbsp;&nbsp;Avez-vous besoin d\u2019options de rangement? D\u2019un sofa-lit?<\/li><li>&nbsp;&nbsp;De quel budget disposez-vous pour son entretien? Aurez-vous le temps n\u00e9cessaire pour vous y consacrer?<\/li><li>&nbsp;&nbsp;Quel espace avez-vous dans la pi\u00e8ce?<\/li><li>&nbsp;&nbsp;\u00c0 quel moment souhaitez-vous l\u2019acheter?<\/li><li>&nbsp;&nbsp;Avez-vous besoin d\u2019une livraison?<\/li><\/ul>\n\n\n\n<p>Bon magasinage!<\/p>\n\n\n\n<p><br><\/p>\n","protected":false},"excerpt":{"rendered":"<p>Avez-vous de la difficult\u00e9 \u00e0 trouver du contenu \u00e0 partager dans les m\u00e9dias sociaux? Laissez tomber Instagram et Facebook. Vous n\u2019avez besoin que de REALTOR.ca. Notre blogue ax\u00e9 sur le style de vie des consommateurs, le&nbsp;Salon, vous offre du contenu sur des sujets comme les r\u00e9novations, les tendances du march\u00e9, le bricolage, les guides des &hellip; <a href=\"https:\/\/archive.cafe.crea.ca\/fr\/tendances-sofa-pour-un-salon-style\/\" class=\"more-link\">Continue reading <span class=\"screen-reader-text\">Tendances sofa pour un salon styl\u00e9<\/span><\/a><\/p>\n","protected":false},"author":156,"featured_media":40032,"comment_status":"open","ping_status":"open","sticky":false,"template":"","format":"standard","meta":{"footnotes":""},"categories":[2372],"tags":[],"coauthors":[2422],"class_list":["post-40031","post","type-post","status-publish","format-standard","has-post-thumbnail","hentry","category-divers"],"aioseo_notices":[],"_links":{"self":[{"href":"https:\/\/archive.cafe.crea.ca\/fr\/wp-json\/wp\/v2\/posts\/40031"}],"collection":[{"href":"https:\/\/archive.cafe.crea.ca\/fr\/wp-json\/wp\/v2\/posts"}],"about":[{"href":"https:\/\/archive.cafe.crea.ca\/fr\/wp-json\/wp\/v2\/types\/post"}],"author":[{"embeddable":true,"href":"https:\/\/archive.cafe.crea.ca\/fr\/wp-json\/wp\/v2\/users\/156"}],"replies":[{"embeddable":true,"href":"https:\/\/archive.cafe.crea.ca\/fr\/wp-json\/wp\/v2\/comments?post=40031"}],"version-history":[{"count":1,"href":"https:\/\/archive.cafe.crea.ca\/fr\/wp-json\/wp\/v2\/posts\/40031\/revisions"}],"predecessor-version":[{"id":40040,"href":"https:\/\/archive.cafe.crea.ca\/fr\/wp-json\/wp\/v2\/posts\/40031\/revisions\/40040"}],"wp:featuredmedia":[{"embeddable":true,"href":"https:\/\/archive.cafe.crea.ca\/fr\/wp-json\/wp\/v2\/media\/40032"}],"wp:attachment":[{"href":"https:\/\/archive.cafe.crea.ca\/fr\/wp-json\/wp\/v2\/media?parent=40031"}],"wp:term":[{"taxonomy":"category","embeddable":true,"href":"https:\/\/archive.cafe.crea.ca\/fr\/wp-json\/wp\/v2\/categories?post=40031"},{"taxonomy":"post_tag","embeddable":true,"href":"https:\/\/archive.cafe.crea.ca\/fr\/wp-json\/wp\/v2\/tags?post=40031"},{"taxonomy":"author","embeddable":true,"href":"https:\/\/archive.cafe.crea.ca\/fr\/wp-json\/wp\/v2\/coauthors?post=40031"}],"curies":[{"name":"wp","href":"https:\/\/api.w.org\/{rel}","templated":true}]}}