{"id":40014,"date":"2022-01-06T12:31:26","date_gmt":"2022-01-06T17:31:26","guid":{"rendered":"https:\/\/archive.cafe.crea.ca\/?p=40014"},"modified":"2022-01-06T12:32:00","modified_gmt":"2022-01-06T17:32:00","slug":"le-cafe-aci-en-2021-offre-faible-enregistrements-des-acheteurs-a-leur-insu-et-residences-secondaires","status":"publish","type":"post","link":"https:\/\/archive.cafe.crea.ca\/fr\/le-cafe-aci-en-2021-offre-faible-enregistrements-des-acheteurs-a-leur-insu-et-residences-secondaires\/","title":{"rendered":"Le Caf\u00e9 ACI en 2021 : offre faible, enregistrements des acheteurs \u00e0 leur insu et r\u00e9sidences secondaires"},"content":{"rendered":"\n<p>Apr\u00e8s le\ngrand bouleversement de 2020, nous avons v\u00e9cu l\u2019ann\u00e9e 2021 sous le signe de l\u2019adaptation\n\u00e0 la vie en pand\u00e9mie.<\/p>\n\n\n\n<p>Pendant ces\n12&nbsp;derniers mois, o\u00f9 nous avons continu\u00e9 de naviguer la \u00ab&nbsp;nouvelle\nnormalit\u00e9&nbsp;\u00bb, le Caf\u00e9 ACI a publi\u00e9 plus de 300&nbsp;billets dans les deux&nbsp;langues\nofficielles pour informer les courtiers et agents immobiliers et les aider \u00e0\ntirer leur \u00e9pingle du jeu.<\/p>\n\n\n\n<p>Jetons un\ncoup d\u2019\u0153il aux billets les plus populaires dans nos sept&nbsp;cat\u00e9gories.<\/p>\n\n\n\n<h2 class=\"wp-block-heading\">Nouvelles de l\u2019ACI<\/h2>\n\n\n\n<figure class=\"wp-block-image\"><img loading=\"lazy\" decoding=\"async\" width=\"1324\" height=\"571\" src=\"https:\/\/archive.cafe.crea.ca\/wp-content\/uploads\/2021\/09\/realtime_cafe.jpg\" alt=\"Beautiful cottage\" class=\"wp-image-39196\" srcset=\"https:\/\/archive.cafe.crea.ca\/wp-content\/uploads\/2021\/09\/realtime_cafe.jpg 1324w, https:\/\/archive.cafe.crea.ca\/wp-content\/uploads\/2021\/09\/realtime_cafe-768x331.jpg 768w\" sizes=\"(max-width: 1324px) 100vw, 1324px\" \/><\/figure>\n\n\n\n<h2 class=\"wp-block-heading\">Les huit&nbsp;questions\nauxquelles un courtier ou agent immobilier devrait pouvoir r\u00e9pondre lors d\u2019un\nachat de r\u00e9sidence secondaire<\/h2>\n\n\n\n<p>Dans <a href=\"https:\/\/www.crea.ca\/fr\/podcast\/?utm_medium=cpc&amp;utm_source=facebook&amp;utm_campaign=podcast&amp;utm_content=ep1&amp;fbclid=iwar3kvaju201ylqr5tbeqfssyu88rryaagyfakwtx4ykrwr96wcwfqgdzvmy#podcast-27174\" target=\"_blank\" rel=\"noreferrer noopener\">l\u2019\u00e9pisode&nbsp;18 de <strong>REAL TIME<\/strong><\/a>,\nHeather&nbsp;Bayer&nbsp;\u2013&nbsp;experte en propri\u00e9t\u00e9s\nlocatives de vacances, animatrice radio et cofondatrice de <a href=\"https:\/\/www.vacationrentalformula.com\/\" target=\"_blank\" rel=\"noreferrer noopener\">Vacation\nRental Formula<\/a>&nbsp;\u2013&nbsp;nous parle du march\u00e9 des r\u00e9sidences\nsecondaires au Canada.<\/p>\n\n\n\n<p>Apr\u00e8s avoir d\u00e9crit ses d\u00e9buts dans le domaine et les\nfacteurs qui la motivent encore 20&nbsp;ans plus tard, elle nous a expliqu\u00e9 l\u2019incidence\nde la pand\u00e9mie sur ce cr\u00e9neau, au pays comme \u00e0 l\u2019\u00e9tranger.<\/p>\n\n\n\n<p>Puisant dans son exp\u00e9rience personnelle de propri\u00e9taire, elle conseille\naux courtiers et agents immobiliers de se pr\u00e9parer \u00e0 r\u00e9pondre \u00e0 huit&nbsp;questions\n(voir le lien ci-dessous) pour mieux servir leurs clients.<\/p>\n\n\n\n<div class=\"wp-block-button\"><a class=\"wp-block-button__link\" href=\"https:\/\/archive.cafe.crea.ca\/8-questions-realtors-should-be-prepared-to-answer-before-their-clients-buy-a-vacation-property\/\">En savoir plus <\/a><\/div>\n\n\n\n<h2 class=\"wp-block-heading\">Statistiques<\/h2>\n\n\n\n<figure class=\"wp-block-image\"><img loading=\"lazy\" decoding=\"async\" width=\"1324\" height=\"571\" src=\"https:\/\/archive.cafe.crea.ca\/wp-content\/uploads\/2021\/02\/CREA-Cafe_Feb15.jpg\" alt=\"pretty house\" class=\"wp-image-37077\" srcset=\"https:\/\/archive.cafe.crea.ca\/wp-content\/uploads\/2021\/02\/CREA-Cafe_Feb15.jpg 1324w, https:\/\/archive.cafe.crea.ca\/wp-content\/uploads\/2021\/02\/CREA-Cafe_Feb15-768x331.jpg 768w\" sizes=\"(max-width: 1324px) 100vw, 1324px\" \/><\/figure>\n\n\n\n<h2 class=\"wp-block-heading\">P\u00e9nurie d\u2019inscriptions&nbsp;:\nl\u2019offre a atteint un creux record<\/h2>\n\n\n\n<p>En f\u00e9vrier,\nShaun&nbsp;Cathcart, notre directeur et \u00e9conomiste principal, Donn\u00e9es sur l\u2019habitation\net analyse du march\u00e9, a publi\u00e9 un rapport sur les ventes r\u00e9sidentielles\nnationales de janvier.<\/p>\n\n\n\n<p>Son analyse\ndu creux historique de l\u2019offre a donn\u00e9 le ton au reste de l\u2019ann\u00e9e. Au d\u00e9but de\n2021, le nombre de mois d\u2019inventaire\nnational est tomb\u00e9 en dessous de deux pour la toute premi\u00e8re fois.<\/p>\n\n\n\n<p>Devant ce constat, Shaun se demandait \u00e0 quoi pourrait ressembler le\nmarch\u00e9 \u00e0 l\u2019arriv\u00e9e du printemps&nbsp;:<\/p>\n\n\n\n<p>\u00ab&nbsp;En tout cas, je peux affirmer avec une certaine confiance que l\u2019activit\u00e9\nimmobili\u00e8re au Canada fera les manchettes au cours des prochains mois.&nbsp;\u00bb<\/p>\n\n\n\n<div class=\"wp-block-button\"><a class=\"wp-block-button__link\" href=\"https:\/\/archive.cafe.crea.ca\/fr\/penurie-dinscriptions-loffre-a-atteint-un-creux-record\/\">En savoir plus<\/a><\/div>\n\n\n\n<p class=\"has-background has-very-light-gray-background-color\"><em>P\u00e9nurie d\u2019inscriptions<\/em> a \u00e9t\u00e9 le billet le plus populaire du Caf\u00e9 ACI, et le plus partag\u00e9 sur notre <a href=\"\/Users\/mshaw\/Downloads\/facebook.com\/crea.aci\" target=\"_blank\" rel=\"noreferrer noopener\" aria-label=\" (opens in a new tab)\">page Facebook<\/a> en 2021.<\/p>\n\n\n\n<h2 class=\"wp-block-heading\">Questions juridiques<\/h2>\n\n\n\n<figure class=\"wp-block-image\"><img loading=\"lazy\" decoding=\"async\" width=\"1324\" height=\"571\" src=\"https:\/\/archive.cafe.crea.ca\/wp-content\/uploads\/2021\/04\/BlogBanner_1324x571_PrivacyOpenHouse.jpg\" alt=\"House cameras\" class=\"wp-image-37571\" srcset=\"https:\/\/archive.cafe.crea.ca\/wp-content\/uploads\/2021\/04\/BlogBanner_1324x571_PrivacyOpenHouse.jpg 1324w, https:\/\/archive.cafe.crea.ca\/wp-content\/uploads\/2021\/04\/BlogBanner_1324x571_PrivacyOpenHouse-768x331.jpg 768w\" sizes=\"(max-width: 1324px) 100vw, 1324px\" \/><\/figure>\n\n\n\n<h2 class=\"wp-block-heading\">Les membres de l\u2019ACI&nbsp;\u2013&nbsp;et\nleurs clients&nbsp;\u2013&nbsp;peuvent-ils enregistrer les acheteurs potentiels \u00e0\nleur insu?<\/h2>\n\n\n\n<p>Les propri\u00e9taires-vendeurs\nont-ils le droit d\u2019enregistrer les acheteurs potentiels lors des visites?<\/p>\n\n\n\n<p>On peut consid\u00e9rer cette question de deux&nbsp;points de vue&nbsp;:\njuridique ou philosophique. Dans ce billet, Simon&nbsp;Parham, avocat-conseil\net chef de la protection des renseignements personnels de l\u2019ACI, vous donne la r\u00e9ponse\njuridique.<\/p>\n\n\n\n<div class=\"wp-block-button\"><a class=\"wp-block-button__link\" href=\"https:\/\/archive.cafe.crea.ca\/fr\/les-membres-de-laci-et-leurs-clients-peuvent-ils-enregistrer-les-acheteurs-potentiels-a-leur-insu\/\">En savoir plus<\/a><\/div>\n\n\n\n<p class=\"has-background has-very-light-gray-background-color\"><em><a href=\"https:\/\/archive.cafe.crea.ca\/fr\/les-changements-apportes-aux-lois-canadiennes-contre-le-blanchiment-dargent-vous-rendent-ils-perplexe-ne-vous-en-faites-pas-nous-avons-des-outils-pour-vous-aider\/\" target=\"_blank\" rel=\"noreferrer noopener\" aria-label=\" (opens in a new tab)\">Les changements apport\u00e9s aux lois canadiennes contre le blanchiment d\u2019argent vous rendent-ils perplexe? Ne vous en faites pas! Nous avons des outils pour vous aider<\/a><\/em> a \u00e9t\u00e9 le billet le plus comment\u00e9 en 2021.<\/p>\n\n\n\n<h2 class=\"wp-block-heading\">D\u00e9fense des int\u00e9r\u00eats<\/h2>\n\n\n\n<figure class=\"wp-block-image\"><img loading=\"lazy\" decoding=\"async\" width=\"1324\" height=\"571\" src=\"https:\/\/archive.cafe.crea.ca\/wp-content\/uploads\/2021\/06\/CREA-Cafe_White-paper_1324x571.jpg\" alt=\"The Societal Benefits of Homeownership\" class=\"wp-image-38026\" srcset=\"https:\/\/archive.cafe.crea.ca\/wp-content\/uploads\/2021\/06\/CREA-Cafe_White-paper_1324x571.jpg 1324w, https:\/\/archive.cafe.crea.ca\/wp-content\/uploads\/2021\/06\/CREA-Cafe_White-paper_1324x571-768x331.jpg 768w\" sizes=\"(max-width: 1324px) 100vw, 1324px\" \/><\/figure>\n\n\n\n<h2 class=\"wp-block-heading\">Sant\u00e9 et bonheur&nbsp;:\nles avantages soci\u00e9taux de la propri\u00e9t\u00e9<\/h2>\n\n\n\n<p>Il y a\nmille raisons d\u2019acc\u00e9der \u00e0 la propri\u00e9t\u00e9, mais les avantages sont souvent les\nm\u00eames.<\/p>\n\n\n\n<p>On entend beaucoup parler des avantages\nfinanciers, tels que la cr\u00e9ation d\u2019un patrimoine et d\u2019une richesse, mais les\navantages sociaux ne sont pas toujours aussi \u00e9vidents&nbsp;: rendre les gens\nplus heureux, en meilleure sant\u00e9 et plus engag\u00e9s dans leur collectivit\u00e9.<\/p>\n\n\n\n<p>Dans ce billet, nous explorons les\navantages soci\u00e9taux de la propri\u00e9t\u00e9 d\u00e9crits dans notre livre blanc, <a href=\"https:\/\/www.crea.ca\/wp-content\/uploads\/2021\/04\/Homeownership-White-Paper_2021_FRE_Apr-6.pdf\" target=\"_blank\" rel=\"noreferrer noopener\"><em>Le dividende de la propri\u00e9t\u00e9\npour les Canadiens<\/em><\/a>.<\/p>\n\n\n\n<div class=\"wp-block-button\"><a class=\"wp-block-button__link\" href=\"https:\/\/archive.cafe.crea.ca\/fr\/sante-et-bonheur-les-avantages-societaux-de-la-propriete\/\">En savoir plus<\/a><\/div>\n\n\n\n<h2 class=\"wp-block-heading\">Le Coin des courtiers et\nagents immobiliers<\/h2>\n\n\n\n<figure class=\"wp-block-image\"><img loading=\"lazy\" decoding=\"async\" width=\"1324\" height=\"571\" src=\"https:\/\/archive.cafe.crea.ca\/wp-content\/uploads\/2021\/07\/CREA-Cafe-Banner_1324x571_Home-Value.jpg\" alt=\"Family enjoying home\" class=\"wp-image-38545\" srcset=\"https:\/\/archive.cafe.crea.ca\/wp-content\/uploads\/2021\/07\/CREA-Cafe-Banner_1324x571_Home-Value.jpg 1324w, https:\/\/archive.cafe.crea.ca\/wp-content\/uploads\/2021\/07\/CREA-Cafe-Banner_1324x571_Home-Value-768x331.jpg 768w\" sizes=\"(max-width: 1324px) 100vw, 1324px\" \/><\/figure>\n\n\n\n<h2 class=\"wp-block-heading\">Comment aider les propri\u00e9taires-vendeurs\n\u00e0 augmenter la valeur de leur propri\u00e9t\u00e9<\/h2>\n\n\n\n<p>Dans ce\nbillet, Mike&nbsp;Stewart, membre de l\u2019ACI et agent immobilier de [insert brokerage],\nexplique comment les courtiers et agents immobiliers peuvent aider leurs\nclients \u00e0 vendre leur propri\u00e9t\u00e9 au meilleur prix.<\/p>\n\n\n\n<p>Les\nr\u00e9novations augmentent-elles la valeur d\u2019une propri\u00e9t\u00e9? Et la valorisation\nr\u00e9sidentielle? Lisez la suite pour aider vos clients \u00e0 faire la meilleure\naffaire possible!<\/p>\n\n\n\n<div class=\"wp-block-button\"><a class=\"wp-block-button__link\" href=\"https:\/\/archive.cafe.crea.ca\/fr\/sante-et-bonheur-les-avantages-societaux-de-la-propriete\/\">En savoir plus<\/a><\/div>\n\n\n\n<h2 class=\"wp-block-heading\">Technologie<\/h2>\n\n\n\n<figure class=\"wp-block-image\"><img loading=\"lazy\" decoding=\"async\" width=\"1324\" height=\"571\" src=\"https:\/\/archive.cafe.crea.ca\/wp-content\/uploads\/2021\/02\/cafe.jpg\" alt=\"Artificial intelligence \" class=\"wp-image-37152\" srcset=\"https:\/\/archive.cafe.crea.ca\/wp-content\/uploads\/2021\/02\/cafe.jpg 1324w, https:\/\/archive.cafe.crea.ca\/wp-content\/uploads\/2021\/02\/cafe-768x331.jpg 768w\" sizes=\"(max-width: 1324px) 100vw, 1324px\" \/><\/figure>\n\n\n\n<h2 class=\"wp-block-heading\">Les avantages potentiels\nde l\u2019IA pour l\u2019immobilier<\/h2>\n\n\n\n<p>Dans plusieurs domaines, l\u2019intelligence\nartificielle (IA) figure parmi les grands sujets de discussion depuis des\nann\u00e9es. La pand\u00e9mie n\u2019a fait qu\u2019acc\u00e9l\u00e9rer le virage virtuel.<\/p>\n\n\n\n<p>L\u2019une des technologies les plus\nprometteuses pour le secteur est la reconnaissance visuelle. Cet article montre\nles applications de l\u2019IA dans le domaine de la construction, notamment du point\nde vue de la conception et de la s\u00e9curit\u00e9.<\/p>\n\n\n\n<p>Lisez la suite pour voir comment l\u2019IA peut\nvous aider \u00e0 augmenter le nombre de clients potentiels, \u00e0 d\u00e9finir les tendances\ndu march\u00e9 et \u00e0 analyser et g\u00e9rer les propri\u00e9t\u00e9s.<\/p>\n\n\n\n<div class=\"wp-block-button\"><a class=\"wp-block-button__link\" href=\"https:\/\/archive.cafe.crea.ca\/fr\/sante-et-bonheur-les-avantages-societaux-de-la-propriete\/\">En savoir plus<\/a><\/div>\n\n\n\n<h2 class=\"wp-block-heading\">Divers<\/h2>\n\n\n\n<figure class=\"wp-block-image\"><img loading=\"lazy\" decoding=\"async\" width=\"1324\" height=\"571\" src=\"https:\/\/archive.cafe.crea.ca\/wp-content\/uploads\/2021\/02\/CREA-Cafe-Banner_Feb11.jpg\" alt=\"\" class=\"wp-image-37023\" srcset=\"https:\/\/archive.cafe.crea.ca\/wp-content\/uploads\/2021\/02\/CREA-Cafe-Banner_Feb11.jpg 1324w, https:\/\/archive.cafe.crea.ca\/wp-content\/uploads\/2021\/02\/CREA-Cafe-Banner_Feb11-768x331.jpg 768w\" sizes=\"(max-width: 1324px) 100vw, 1324px\" \/><\/figure>\n\n\n\n<h2 class=\"wp-block-heading\">Les mythes et les r\u00e9alit\u00e9s\nde l\u2019immobilier<\/h2>\n\n\n\n<p>Nombreux sont les mythes sur le secteur immobilier au Canada. Voici\nquelques exemples d\u2019id\u00e9es re\u00e7ues que pourraient avoir vos clients.<br>\n<br>\nNous avons demand\u00e9 \u00e0 des membres de\nl\u2019ACI de d\u00e9boulonner quelques mythes tenaces. N\u2019h\u00e9sitez pas \u00e0 en parler \u00e0 vos\namis, \u00e0 votre famille et \u00e0 vos clients pour les aider \u00e0 mieux comprendre le\nsecteur.<\/p>\n\n\n\n<div class=\"wp-block-button\"><a class=\"wp-block-button__link\" href=\"https:\/\/archive.cafe.crea.ca\/fr\/les-mythes-et-les-realites-de-limmobilier\/\">En savoir plus<\/a><\/div>\n\n\n\n<p>Y a-t-il un sujet dont vous aimeriez que nous traitions cette ann\u00e9e?\nFaites-nous-en part dans la section Commentaires.<\/p>\n","protected":false},"excerpt":{"rendered":"<p>Apr\u00e8s le grand bouleversement de 2020, nous avons v\u00e9cu l\u2019ann\u00e9e 2021 sous le signe de l\u2019adaptation \u00e0 la vie en pand\u00e9mie. Pendant ces 12&nbsp;derniers mois, o\u00f9 nous avons continu\u00e9 de naviguer la \u00ab&nbsp;nouvelle normalit\u00e9&nbsp;\u00bb, le Caf\u00e9 ACI a publi\u00e9 plus de 300&nbsp;billets dans les deux&nbsp;langues officielles pour informer les courtiers et agents immobiliers et les &hellip; <a href=\"https:\/\/archive.cafe.crea.ca\/fr\/le-cafe-aci-en-2021-offre-faible-enregistrements-des-acheteurs-a-leur-insu-et-residences-secondaires\/\" class=\"more-link\">Continue reading <span class=\"screen-reader-text\">Le Caf\u00e9 ACI en 2021 : offre faible, enregistrements des acheteurs \u00e0 leur insu et r\u00e9sidences secondaires<\/span><\/a><\/p>\n","protected":false},"author":123,"featured_media":40017,"comment_status":"open","ping_status":"open","sticky":false,"template":"","format":"standard","meta":{"footnotes":""},"categories":[2372],"tags":[],"coauthors":[2383],"class_list":["post-40014","post","type-post","status-publish","format-standard","has-post-thumbnail","hentry","category-divers"],"aioseo_notices":[],"_links":{"self":[{"href":"https:\/\/archive.cafe.crea.ca\/fr\/wp-json\/wp\/v2\/posts\/40014"}],"collection":[{"href":"https:\/\/archive.cafe.crea.ca\/fr\/wp-json\/wp\/v2\/posts"}],"about":[{"href":"https:\/\/archive.cafe.crea.ca\/fr\/wp-json\/wp\/v2\/types\/post"}],"author":[{"embeddable":true,"href":"https:\/\/archive.cafe.crea.ca\/fr\/wp-json\/wp\/v2\/users\/123"}],"replies":[{"embeddable":true,"href":"https:\/\/archive.cafe.crea.ca\/fr\/wp-json\/wp\/v2\/comments?post=40014"}],"version-history":[{"count":1,"href":"https:\/\/archive.cafe.crea.ca\/fr\/wp-json\/wp\/v2\/posts\/40014\/revisions"}],"predecessor-version":[{"id":40019,"href":"https:\/\/archive.cafe.crea.ca\/fr\/wp-json\/wp\/v2\/posts\/40014\/revisions\/40019"}],"wp:featuredmedia":[{"embeddable":true,"href":"https:\/\/archive.cafe.crea.ca\/fr\/wp-json\/wp\/v2\/media\/40017"}],"wp:attachment":[{"href":"https:\/\/archive.cafe.crea.ca\/fr\/wp-json\/wp\/v2\/media?parent=40014"}],"wp:term":[{"taxonomy":"category","embeddable":true,"href":"https:\/\/archive.cafe.crea.ca\/fr\/wp-json\/wp\/v2\/categories?post=40014"},{"taxonomy":"post_tag","embeddable":true,"href":"https:\/\/archive.cafe.crea.ca\/fr\/wp-json\/wp\/v2\/tags?post=40014"},{"taxonomy":"author","embeddable":true,"href":"https:\/\/archive.cafe.crea.ca\/fr\/wp-json\/wp\/v2\/coauthors?post=40014"}],"curies":[{"name":"wp","href":"https:\/\/api.w.org\/{rel}","templated":true}]}}