{"id":39815,"date":"2021-12-02T10:24:19","date_gmt":"2021-12-02T15:24:19","guid":{"rendered":"https:\/\/archive.cafe.crea.ca\/?p=39815"},"modified":"2021-12-03T11:19:20","modified_gmt":"2021-12-03T16:19:20","slug":"proposez-la-candidature-dun-directeur-dassociation-exemplaire-pour-le-prix-dexcellence-du-reseau-des-directeurs-dassociation-rda","status":"publish","type":"post","link":"https:\/\/archive.cafe.crea.ca\/fr\/proposez-la-candidature-dun-directeur-dassociation-exemplaire-pour-le-prix-dexcellence-du-reseau-des-directeurs-dassociation-rda\/","title":{"rendered":"Proposez la candidature d\u2019un directeur d\u2019association exemplaire pour le Prix d\u2019excellence du R\u00e9seau des directeurs d\u2019association (RDA)"},"content":{"rendered":"\n<p>La pand\u00e9mie de la COVID-19 a pos\u00e9 des d\u00e9fis uniques pour le\nsecteur de l\u2019immobilier. Tout comme les courtiers et agents, qui se sont\nadapt\u00e9s afin de servir leurs clients, les directeurs d\u2019association se sont\najust\u00e9s pour offrir \u00e0 leurs membres le soutien n\u00e9cessaire face \u00e0 l\u2019incertitude.<\/p>\n\n\n\n<p>Le moment est venu d\u2019honorer officiellement tout le travail\nque les directeurs d\u2019association ont accompli en coulisses. La p\u00e9riode de mise\nen candidature pour le Prix d\u2019excellence du RDA est maintenant ouverte.<\/p>\n\n\n\n<p>Remis pour la premi\u00e8re fois en 1989, le Prix d\u2019excellence du\nRDA rend hommage aux membres qui ont fait preuve d\u2019un d\u00e9vouement exceptionnel\net d\u2019un service exemplaire.<\/p>\n\n\n\n<p>Le Prix d\u2019excellence du RDA a \u00e9t\u00e9 cr\u00e9\u00e9 au nom de Frank\nJohns, un ancien vice-pr\u00e9sident directeur de la Calgary Real Estate Board\u00ae\n(CREB\u00ae). Au cours de sa longue carri\u00e8re, Frank, mentor et leader parmi les\ndirecteurs g\u00e9n\u00e9raux, a volontiers fait part de son expertise et de ses\nconnaissances pour le mieux-\u00eatre du secteur.<\/p>\n\n\n\n<p>Le Prix d\u2019excellence du RDA est uniquement d\u00e9cern\u00e9 \u00e0 un\nmembre du RDA qui le m\u00e9rite r\u00e9ellement et qui fait preuve de professionnalisme,\nd\u2019engagement et de leadership au sein de la communaut\u00e9 des associations\nimmobili\u00e8res.<\/p>\n\n\n\n<p>\u00ab Je sais que nous nous passionnons tous pour notre travail\net que le RDA prend au s\u00e9rieux l\u2019\u00e9valuation de l\u2019excellence, ce qui rend ce\nprix encore plus significatif, d\u00e9clare Alan Tennant, pr\u00e9sident et chef de la\ndirection de la CREB\u00ae et laur\u00e9at du Prix du RDA en 2020. Cette reconnaissance\nrepr\u00e9sente beaucoup pour moi, tout comme les relations que j\u2019ai tiss\u00e9es au sein\nde la communaut\u00e9 des directeurs d\u2019association. \u00bb<\/p>\n\n\n\n<p>\u00ab J\u2019aime vraiment mon travail. Mes coll\u00e8gues savent que le\ntravail d\u2019un dirigeant d\u2019association est tr\u00e8s exigeant, mais qu\u2019il est aussi\ngratifiant. Nos membres et particuli\u00e8rement nos dirigeants b\u00e9n\u00e9voles peuvent\n\u00eatre difficiles \u2013 parfois tr\u00e8s difficiles \u2013 mais cela en vaut la peine lorsque\nnous accomplissons de grandes choses ensemble\u2026 c\u2019est notre monde et c\u2019est pour\nmoi un privil\u00e8ge de c\u00e9l\u00e9brer ces accomplissements avec mes coll\u00e8gues. \u00bb<\/p>\n\n\n\n<p>Tout cadre sup\u00e9rieur d\u2019une chambre ou association est admissible au prix \u00e0 la condition de <a href=\"https:\/\/www.realtorlink.ca\/content\/dam\/realtorlink\/crea\/Francais\/A_propos\/Adhesion\/Adhesion_au_RDA\/Prix_d_excellence\/qualifications\/AEN_award_of_excellence_qualification_2021_FR.pdf\" target=\"_blank\" rel=\"noreferrer noopener\" aria-label=\"satisfaire aux crit\u00e8res d\u2019attribution du prix (opens in a new tab)\">satisfaire aux crit\u00e8res d\u2019attribution du prix<\/a>. Bien que plusieurs laur\u00e9ats aient re\u00e7u ce prix en fin de carri\u00e8re, il ne s\u2019agit pas d\u2019un prix associ\u00e9 \u00e0 la retraite.<\/p>\n\n\n\n<h2 class=\"wp-block-heading\">Crit\u00e8res d\u2019attribution du prix :<\/h2>\n\n\n\n<ul class=\"wp-block-list\"><li>Le candidat peut \u00eatre tout cadre sup\u00e9rieur d\u2019une association, comptant cinq ans de service ou plus dans une association immobili\u00e8re.<\/li><li>Le candidat doit \u00eatre membre en r\u00e8gle du RDA.<\/li><li>Le candidat doit d\u00e9tenir le titre Canadian REALTOR\u00ae Association Executive (CRAE).<\/li><li>Le candidat doit incarner les caract\u00e9ristiques d\u00e9crites ci-dessous :<\/li><\/ul>\n\n\n\n<p>1.&nbsp;&nbsp;&nbsp;&nbsp;&nbsp;&nbsp;&nbsp;&nbsp;&nbsp;&nbsp; Service et\nd\u00e9vouement envers la communaut\u00e9 immobili\u00e8re<\/p>\n\n\n\n<p>2.&nbsp;&nbsp;&nbsp;&nbsp;&nbsp;&nbsp;&nbsp;&nbsp;&nbsp;&nbsp; Leadership\nen mati\u00e8re de gestion d\u2019association<\/p>\n\n\n\n<p>3.&nbsp;&nbsp;&nbsp;&nbsp;&nbsp;&nbsp;&nbsp;&nbsp;&nbsp;&nbsp; Collaboration\ndont a fait preuve le candidat et aide qu\u2019il a fournie \u00e0 ses pairs<\/p>\n\n\n\n<p>4.&nbsp;&nbsp;&nbsp;&nbsp;&nbsp;&nbsp;&nbsp;&nbsp;&nbsp;&nbsp; Participation\n\u00e0 des organisations professionnelles ou organismes de services<\/p>\n\n\n\n<p>5.&nbsp;&nbsp;&nbsp;&nbsp;&nbsp;&nbsp;&nbsp;&nbsp;&nbsp;&nbsp; Engagement\ncommunautaire, au-del\u00e0 des exigences de son poste<\/p>\n\n\n\n<p>6.&nbsp;&nbsp;&nbsp;&nbsp;&nbsp;&nbsp;&nbsp;&nbsp;&nbsp;&nbsp; R\u00e9alisations\nau sein de la chambre ou de l\u2019association<\/p>\n\n\n\n<p>De plus, le candidat doit, dans l\u2019ensemble, repr\u00e9senter le professionnalisme que symbolise ce prix.<\/p>\n\n\n\n<div class=\"wp-block-button\"><a class=\"wp-block-button__link\" href=\"https:\/\/crea-aci.ca1.qualtrics.com\/jfe\/form\/SV_eM8C1M6zAjvHuOV?Q_Language=FR\">Proposer une candidature maintenant<\/a><\/div>\n\n\n\n<p>La date limite pour les mises en candidature est le <strong>1<sup>er<\/sup>\u00a0f\u00e9vrier\u00a02022<\/strong>. Un comit\u00e9 de s\u00e9lection \u00e9tudiera toutes les mises en candidature afin de s\u2019assurer que les candidats r\u00e9pondent aux crit\u00e8res rigoureux du prix. Le prix sera pr\u00e9sent\u00e9 \u00e0 l\u2019Assembl\u00e9e g\u00e9n\u00e9rale annuelle de l\u2019ACI, qui aura lieu en avril.<\/p>\n\n\n\n<p>Pour le prix de 2022, nous remettrons pour une premi\u00e8re fois un montant de 250\u00a0$, au nom du laur\u00e9at, \u00e0 un organisme de bienfaisance de son choix.<\/p>\n\n\n\n<h2 class=\"wp-block-heading\"><strong>Anciens laur\u00e9ats<\/strong><\/h2>\n\n\n\n<table class=\"wp-block-table\"><tbody><tr><td>2020<\/td><td>Alan Tennant<br>Chef de la direction<br>Calgary Real Estate Board\u00ae<\/td><\/tr><tr><td>2019<\/td><td>Bill Duce<br>Directeur g\u00e9n\u00e9ral<br>Kitchener Waterloo Association of REALTORS\u00ae<\/td><\/tr><tr><td>2018<\/td><td>Roger Boutilier<br>Chef de la direction<br>Nova Scotia Association of REALTORS\u00ae<\/td><\/tr><tr><td>2017<\/td><td>Gord Archibald<br>Directeur g\u00e9n\u00e9ral<br>Association of Regina REALTORS\u00ae<\/td><\/tr><tr><td>2016<\/td><td>Bill Madder<br>Chef de la direction<br>Association of Saskatchewan REALTORS\u00ae<\/td><\/tr><tr><td>2015<\/td><td>Eileen Rohs<br>Directrice g\u00e9n\u00e9rale<br>REALTORS\u00ae Association of Lloydminster &amp; District<\/td><\/tr><tr><td>2014<\/td><td>Hugh Foy<br>Directeur des services commerciaux et des services aux membres<br>Toronto Real Estate Board<\/td><\/tr><tr><td>2013<\/td><td>Brad Scott<br>Chef de l\u2019exploitation<br>Real Estate Board of Greater Vancouver<\/td><\/tr><tr><td>2012<\/td><td>Bill Benoit<br>Directeur g\u00e9n\u00e9ral<br>Vancouver Island Real Estate Board<\/td><\/tr><tr><td>2011<\/td><td>Arnold Jones<br>Directeur g\u00e9n\u00e9ral<br>Nova Scotia Association of REALTORS\u00ae<\/td><\/tr><\/tbody><\/table>\n","protected":false},"excerpt":{"rendered":"<p>La pand\u00e9mie de la COVID-19 a pos\u00e9 des d\u00e9fis uniques pour le secteur de l\u2019immobilier. Tout comme les courtiers et agents, qui se sont adapt\u00e9s afin de servir leurs clients, les directeurs d\u2019association se sont ajust\u00e9s pour offrir \u00e0 leurs membres le soutien n\u00e9cessaire face \u00e0 l\u2019incertitude. Le moment est venu d\u2019honorer officiellement tout le &hellip; <a href=\"https:\/\/archive.cafe.crea.ca\/fr\/proposez-la-candidature-dun-directeur-dassociation-exemplaire-pour-le-prix-dexcellence-du-reseau-des-directeurs-dassociation-rda\/\" class=\"more-link\">Continue reading <span class=\"screen-reader-text\">Proposez la candidature d\u2019un directeur d\u2019association exemplaire pour le Prix d\u2019excellence du R\u00e9seau des directeurs d\u2019association (RDA)<\/span><\/a><\/p>\n","protected":false},"author":123,"featured_media":39820,"comment_status":"open","ping_status":"open","sticky":false,"template":"","format":"standard","meta":{"footnotes":""},"categories":[2366],"tags":[2379],"coauthors":[2383],"class_list":["post-39815","post","type-post","status-publish","format-standard","has-post-thumbnail","hentry","category-nouvelles-de-laci","tag-featured-fr"],"aioseo_notices":[],"_links":{"self":[{"href":"https:\/\/archive.cafe.crea.ca\/fr\/wp-json\/wp\/v2\/posts\/39815"}],"collection":[{"href":"https:\/\/archive.cafe.crea.ca\/fr\/wp-json\/wp\/v2\/posts"}],"about":[{"href":"https:\/\/archive.cafe.crea.ca\/fr\/wp-json\/wp\/v2\/types\/post"}],"author":[{"embeddable":true,"href":"https:\/\/archive.cafe.crea.ca\/fr\/wp-json\/wp\/v2\/users\/123"}],"replies":[{"embeddable":true,"href":"https:\/\/archive.cafe.crea.ca\/fr\/wp-json\/wp\/v2\/comments?post=39815"}],"version-history":[{"count":1,"href":"https:\/\/archive.cafe.crea.ca\/fr\/wp-json\/wp\/v2\/posts\/39815\/revisions"}],"predecessor-version":[{"id":39819,"href":"https:\/\/archive.cafe.crea.ca\/fr\/wp-json\/wp\/v2\/posts\/39815\/revisions\/39819"}],"wp:featuredmedia":[{"embeddable":true,"href":"https:\/\/archive.cafe.crea.ca\/fr\/wp-json\/wp\/v2\/media\/39820"}],"wp:attachment":[{"href":"https:\/\/archive.cafe.crea.ca\/fr\/wp-json\/wp\/v2\/media?parent=39815"}],"wp:term":[{"taxonomy":"category","embeddable":true,"href":"https:\/\/archive.cafe.crea.ca\/fr\/wp-json\/wp\/v2\/categories?post=39815"},{"taxonomy":"post_tag","embeddable":true,"href":"https:\/\/archive.cafe.crea.ca\/fr\/wp-json\/wp\/v2\/tags?post=39815"},{"taxonomy":"author","embeddable":true,"href":"https:\/\/archive.cafe.crea.ca\/fr\/wp-json\/wp\/v2\/coauthors?post=39815"}],"curies":[{"name":"wp","href":"https:\/\/api.w.org\/{rel}","templated":true}]}}