{"id":39506,"date":"2021-10-21T15:20:28","date_gmt":"2021-10-21T19:20:28","guid":{"rendered":"https:\/\/archive.cafe.crea.ca\/?p=39506"},"modified":"2021-10-21T15:20:32","modified_gmt":"2021-10-21T19:20:32","slug":"des-nouvelles-de-laci-apercu-des-activites-des-formations-et-des-evenements-a-venir","status":"publish","type":"post","link":"https:\/\/archive.cafe.crea.ca\/fr\/des-nouvelles-de-laci-apercu-des-activites-des-formations-et-des-evenements-a-venir\/","title":{"rendered":"Des nouvelles de l\u2019ACI : aper\u00e7u des activit\u00e9s, des formations et des \u00e9v\u00e9nements \u00e0 venir"},"content":{"rendered":"\n<p>Nous sommes\nd\u00e9j\u00e0 dans la derni\u00e8re ligne droite de 2021. Pouvez-vous le croire?<\/p>\n\n\n\n<p>L\u2019ann\u00e9e\nach\u00e8ve, mais nous sommes toujours aussi occup\u00e9s. En effet, l\u2019ACI pr\u00e9pare\nplusieurs activit\u00e9s, formations et \u00e9v\u00e9nements pour la p\u00e9riode d\u2019octobre \u00e0\nd\u00e9cembre.<\/p>\n\n\n\n<h2 class=\"wp-block-heading\">Cours menant au titre\nCRB&nbsp;: plusieurs dates<\/h2>\n\n\n\n<p>Si vous songez\n\u00e0 devenir courtier ou agent et envisagez de d\u00e9marrer votre propre agence\nimmobili\u00e8re, la s\u00e9rie de cours menant au titre <a href=\"https:\/\/hub.realtorlink.ca\/pages\/44\/crb-turnkey-courses\" target=\"_blank\" rel=\"noreferrer noopener\">Certified\nReal Estate Brokerage Manager (CRB)<\/a> est un\nexcellent point de d\u00e9part.<\/p>\n\n\n\n<p>Chaque cours est pr\u00e9sent\u00e9 en mode virtuel, dans le <a href=\"http:\/\/hub.realtorlink.ca\/\" target=\"_blank\" rel=\"noreferrer noopener\" aria-label=\" (opens in a new tab)\">Centre d\u2019apprentissage de l\u2019ACI<\/a>, et il est \u00e9chelonn\u00e9 sur deux demi-journ\u00e9es. Le cours optionnel suivant donne \u00e9galement droit \u00e0 des cr\u00e9dits\u00a0:<\/p>\n\n\n\n<ul class=\"wp-block-list\"><li><em>Performance Leadership \u2013&nbsp;Coach,\nManage &amp; Mentor<\/em> <a>(<\/a><a href=\"https:\/\/hub.realtorlink.ca\/pages\/44\/crb-turnkey-courses\" target=\"_blank\" rel=\"noreferrer noopener\">24 et 25&nbsp;novembre<\/a> ou <a href=\"https:\/\/hub.realtorlink.ca\/pages\/44\/crb-turnkey-courses\" target=\"_blank\" rel=\"noreferrer noopener\">8 et 9&nbsp;d\u00e9cembre<\/a>)<\/li><\/ul>\n\n\n\n<p>Pour obtenir de plus amples renseignements sur les cours, veuillez \u00e9crire \u00e0 <a href=\"mailto:learning@crea.ca\" target=\"_blank\" rel=\"noreferrer noopener\" aria-label=\" (opens in a new tab)\">learning@crea.ca<\/a>.<\/p>\n\n\n\n<h2 class=\"wp-block-heading\">Journ\u00e9es du CAP&nbsp;: 25\net 26&nbsp;octobre<\/h2>\n\n\n\n<p>Les\nJourn\u00e9es du Comit\u00e9 d\u2019action politique (CAP) offrent aux membres b\u00e9n\u00e9voles\n(repr\u00e9sentants du CAP) et aux dirigeants d\u2019association d\u00e9sign\u00e9s de partout au\nCanada l\u2019occasion de rencontrer des d\u00e9put\u00e9s pour discuter de dossiers\nimportants pour les propri\u00e9taires et la communaut\u00e9 immobili\u00e8re.<\/p>\n\n\n\n<p>Pand\u00e9mie\noblige, la conf\u00e9rence sera une fois de plus virtuelle. Cependant, la tradition\ndes 30&nbsp;derni\u00e8res ann\u00e9es se poursuit&nbsp;: les repr\u00e9sentants du CAP\nassisteront \u00e0 un \u00e9v\u00e9nement exceptionnel o\u00f9 ils entendront des politiciens et\ndes journalistes de renom.&nbsp;<\/p>\n\n\n\n<div class=\"wp-block-button\"><a class=\"wp-block-button__link\" href=\"https:\/\/www.realtorlink.ca\/content\/realtorlink\/crea\/en_CA\/courses---events\/crea-events\/pac-days.html\">En savoir plus<\/a><\/div>\n\n\n\n<h2 class=\"wp-block-heading\">S\u00e9rie de webinaires des\naffili\u00e9s internationaux&nbsp;de l\u2019ACI&nbsp;: 27&nbsp;octobre <\/h2>\n\n\n\n<p>Joignez-vous\n\u00e0 l\u2019association des partenaires de protocole d\u2019entente d\u2019ACI \u2013&nbsp;International.\nCe webinaire est une excellente occasion de r\u00e9seauter avec des professionnels\nde l\u2019immobilier de la Californie, de l\u2019Arizona, de la Floride et du Texas.<\/p>\n\n\n\n<div class=\"wp-block-button\"><a class=\"wp-block-button__link\" href=\"https:\/\/www.realtorlink.ca\/content\/realtorlink\/crea\/en_CA\/tech-tools---services0\/global\/Designations.html\">S\u2019inscrire<\/a><\/div>\n\n\n\n<div class=\"wp-block-button\"><a class=\"wp-block-button__link\" href=\"https:\/\/www.realtorlink.ca\/content\/realtorlink\/crea\/en_CA\/tech-tools---services0\/global.html\">En savoir plus sur ACI \u2013 International<\/a><\/div>\n\n\n\n<h2 class=\"wp-block-heading\">Semaine REALTORS Care\u00ae&nbsp;:\ndu 15 au 21&nbsp;novembre<\/h2>\n\n\n\n<p>De retour pour une troisi\u00e8me ann\u00e9e, la Semaine REALTORS Care\u00ae est l\u2019occasion pour les chambres et associations immobili\u00e8res de partout au pays d\u2019encourager leurs membres \u00e0 donner de leur temps \u00e0 des refuges et \u00e0 des organismes d\u2019aide au logement. Nous invitons les courtiers et agents immobiliers qui souhaitent contribuer \u00e0 communiquer avec leur chambre ou association pour conna\u00eetre les activit\u00e9s de b\u00e9n\u00e9volat en cours. Si vous avez des questions, n\u2019h\u00e9sitez pas \u00e0 \u00e9crire \u00e0 l\u2019\u00e9quipe REALTORS Care\u00ae de l\u2019ACI, \u00e0 <a href=\"mailto:realtorscare@crea.ca\" target=\"_blank\" rel=\"noreferrer noopener\" aria-label=\" (opens in a new tab)\">REALTORSCare@crea.ca<\/a>.\u00a0<\/p>\n\n\n\n<div class=\"wp-block-button\"><a class=\"wp-block-button__link\" href=\"https:\/\/www.realtorscare.ca\/fr\/semaine-realtors-care\/\">En savoir plus<\/a><\/div>\n\n\n\n<h2 class=\"wp-block-heading\">Colloque des directeurs\nd\u2019association&nbsp;: 18&nbsp;novembre<\/h2>\n\n\n\n<p>Le Colloque\ndes directeurs d\u2019association a \u00e9t\u00e9 divis\u00e9 en quatre courtes rencontres\nvirtuelles, la derni\u00e8re de 2021 ayant lieu le 18&nbsp;novembre, de 13&nbsp;h \u00e0\n15&nbsp;h. La participation aux quatre rencontres est obligatoire pour les\nchefs de la direction et les directeurs g\u00e9n\u00e9raux des chambres et associations. <\/p>\n\n\n\n<div class=\"wp-block-button\"><a class=\"wp-block-button__link\" href=\"https:\/\/www.realtorlink.ca\/content\/realtorlink\/crea\/en_CA\/courses---events\/crea-events\/association-executives-seminars.html\">En savoir plus<\/a><\/div>\n\n\n\n<h2 class=\"wp-block-heading\">S\u00e9rie de webinaires des\naffili\u00e9s internationaux&nbsp;de l\u2019ACI&nbsp;: 24&nbsp;novembre <\/h2>\n\n\n\n<p>Soyez des\nn\u00f4tres pour d\u00e9couvrir ce qui se passe sur les march\u00e9s internationaux et\nagrandir votre r\u00e9seau \u00e0 l\u2019\u00e9tranger. <\/p>\n\n\n\n<div class=\"wp-block-button\"><a class=\"wp-block-button__link\" href=\"https:\/\/www.realtorlink.ca\/content\/realtorlink\/crea\/en_CA\/tech-tools---services0\/global\/Designations.html\">S\u2019inscrire<\/a><\/div>\n\n\n\n<div class=\"wp-block-button\"><a class=\"wp-block-button__link\" href=\"https:\/\/www.realtorlink.ca\/content\/realtorlink\/crea\/en_CA\/tech-tools---services0\/global.html\">En savoir plus sur ACI \u2013 International<\/a><\/div>\n\n\n\n<h2 class=\"wp-block-heading\">Prix canadien REALTORS\nCare\u00ae&nbsp;2022&nbsp;: soumettez une candidature avant le&nbsp;3&nbsp;d\u00e9cembre<\/h2>\n\n\n\n<p>Nous\nacceptons actuellement les mises en candidature pour le Prix canadien REALTORS\nCare\u00ae&nbsp;2022, fi\u00e8rement pr\u00e9sent\u00e9 par REALTOR.ca. Partout au pays, les\nmembres de l\u2019ACI s\u2019impliquent activement dans leur milieu. Proposez un courtier\nou agent immobilier exceptionnel d\u00e8s aujourd\u2019hui! La personne gagnante pourra faire un\ndon de 5&nbsp;000&nbsp;$ \u00e0 l\u2019organisme de son choix, gracieuset\u00e9 de l\u2019ACI.<\/p>\n\n\n\n<div class=\"wp-block-button\"><a class=\"wp-block-button__link\" href=\"https:\/\/www.realtorscare.ca\/fr\/a-propos-du-prix-canadien-realtors-care\/proposez-un-courtier-ou-agent-membre-pour-le-prix-canadien-realtors-care\/\">Proposer un courtier ou un agent<\/a><\/div>\n\n\n\n<h2 class=\"wp-block-heading\">P\u00e9riode de recrutement des comit\u00e9s de l\u2019ACI&nbsp;:\ndates \u00e0 d\u00e9terminer<\/h2>\n\n\n\n<p>Souhaitez-vous\nmettre \u00e0 profit vos connaissances et votre passion pour l\u2019immobilier au sein\nd\u2019un comit\u00e9 de l\u2019ACI? D\u2019ici la fin de l\u2019ann\u00e9e, nous lancerons un appel de\ncandidatures pour trouver les personnes qui si\u00e9geront au conseil\nd\u2019administration et aux comit\u00e9s op\u00e9rationnels en 2022-2023. Ces comit\u00e9s guident\nle conseil d\u2019administration et le chef de la direction sur des questions\nimportantes dans divers domaines, comme la gouvernance et les finances, les\naffaires f\u00e9d\u00e9rales et les technologies. <\/p>\n\n\n\n<p>Fid\u00e8les \u00e0 nos <a href=\"https:\/\/www.crea.ca\/fr\/about\/crea-dei\/\" target=\"_blank\" rel=\"noreferrer noopener\" aria-label=\" (opens in a new tab)\">engagements en mati\u00e8re de diversit\u00e9, d\u2019\u00e9quit\u00e9, d\u2019inclusion et d\u2019antiracisme<\/a>, nous cherchons activement \u00e0 faire en sorte que les processus de candidature et de nomination de nos comit\u00e9s soient \u00e9quitables et inclusifs, afin que tous nos comit\u00e9s refl\u00e8tent la riche diversit\u00e9 du Canada et de nos membres.<\/p>\n\n\n\n<p>Surveillez nos communications pour conna\u00eetre les dates de la p\u00e9riode de recrutement et savoir comment manifester votre int\u00e9r\u00eat pour un r\u00f4le b\u00e9n\u00e9vole au sein de l\u2019ACI. D\u2019ici l\u00e0, consultez notre <a href=\"https:\/\/www.crea.ca\/fr\/about\/creas-volunteer-committees\/\" target=\"_blank\" rel=\"noreferrer noopener\" aria-label=\" (opens in a new tab)\">page sur les occasions de b\u00e9n\u00e9volat<\/a> pour en savoir plus sur le mandat, les responsabilit\u00e9s et les crit\u00e8res d\u2019admissibilit\u00e9 des divers comit\u00e9s. <\/p>\n","protected":false},"excerpt":{"rendered":"<p>Nous sommes d\u00e9j\u00e0 dans la derni\u00e8re ligne droite de 2021. Pouvez-vous le croire? L\u2019ann\u00e9e ach\u00e8ve, mais nous sommes toujours aussi occup\u00e9s. En effet, l\u2019ACI pr\u00e9pare plusieurs activit\u00e9s, formations et \u00e9v\u00e9nements pour la p\u00e9riode d\u2019octobre \u00e0 d\u00e9cembre. Cours menant au titre CRB&nbsp;: plusieurs dates Si vous songez \u00e0 devenir courtier ou agent et envisagez de d\u00e9marrer &hellip; <a href=\"https:\/\/archive.cafe.crea.ca\/fr\/des-nouvelles-de-laci-apercu-des-activites-des-formations-et-des-evenements-a-venir\/\" class=\"more-link\">Continue reading <span class=\"screen-reader-text\">Des nouvelles de l\u2019ACI : aper\u00e7u des activit\u00e9s, des formations et des \u00e9v\u00e9nements \u00e0 venir<\/span><\/a><\/p>\n","protected":false},"author":123,"featured_media":39507,"comment_status":"open","ping_status":"open","sticky":false,"template":"","format":"standard","meta":{"footnotes":""},"categories":[2366],"tags":[2378],"coauthors":[2383],"class_list":["post-39506","post","type-post","status-publish","format-standard","has-post-thumbnail","hentry","category-nouvelles-de-laci","tag-featured"],"aioseo_notices":[],"_links":{"self":[{"href":"https:\/\/archive.cafe.crea.ca\/fr\/wp-json\/wp\/v2\/posts\/39506"}],"collection":[{"href":"https:\/\/archive.cafe.crea.ca\/fr\/wp-json\/wp\/v2\/posts"}],"about":[{"href":"https:\/\/archive.cafe.crea.ca\/fr\/wp-json\/wp\/v2\/types\/post"}],"author":[{"embeddable":true,"href":"https:\/\/archive.cafe.crea.ca\/fr\/wp-json\/wp\/v2\/users\/123"}],"replies":[{"embeddable":true,"href":"https:\/\/archive.cafe.crea.ca\/fr\/wp-json\/wp\/v2\/comments?post=39506"}],"version-history":[{"count":1,"href":"https:\/\/archive.cafe.crea.ca\/fr\/wp-json\/wp\/v2\/posts\/39506\/revisions"}],"predecessor-version":[{"id":39513,"href":"https:\/\/archive.cafe.crea.ca\/fr\/wp-json\/wp\/v2\/posts\/39506\/revisions\/39513"}],"wp:featuredmedia":[{"embeddable":true,"href":"https:\/\/archive.cafe.crea.ca\/fr\/wp-json\/wp\/v2\/media\/39507"}],"wp:attachment":[{"href":"https:\/\/archive.cafe.crea.ca\/fr\/wp-json\/wp\/v2\/media?parent=39506"}],"wp:term":[{"taxonomy":"category","embeddable":true,"href":"https:\/\/archive.cafe.crea.ca\/fr\/wp-json\/wp\/v2\/categories?post=39506"},{"taxonomy":"post_tag","embeddable":true,"href":"https:\/\/archive.cafe.crea.ca\/fr\/wp-json\/wp\/v2\/tags?post=39506"},{"taxonomy":"author","embeddable":true,"href":"https:\/\/archive.cafe.crea.ca\/fr\/wp-json\/wp\/v2\/coauthors?post=39506"}],"curies":[{"name":"wp","href":"https:\/\/api.w.org\/{rel}","templated":true}]}}