{"id":39488,"date":"2021-10-19T10:55:55","date_gmt":"2021-10-19T14:55:55","guid":{"rendered":"https:\/\/archive.cafe.crea.ca\/?p=39488"},"modified":"2021-10-19T10:55:57","modified_gmt":"2021-10-19T14:55:57","slug":"journees-du-cap-de-2021-retour-sur-les-elections","status":"publish","type":"post","link":"https:\/\/archive.cafe.crea.ca\/fr\/journees-du-cap-de-2021-retour-sur-les-elections\/","title":{"rendered":"Journ\u00e9es du CAP de 2021 : retour sur les \u00e9lections"},"content":{"rendered":"\n<p>Au cours des 36\u00a0jours de la derni\u00e8re <a href=\"https:\/\/archive.cafe.crea.ca\/pursuit-of-housing-post-election-analysis\/\" target=\"_blank\" rel=\"noreferrer noopener\" aria-label=\" (opens in a new tab)\">campagne \u00e9lectorale f\u00e9d\u00e9rale<\/a>, des courtiers et agents immobiliers des quatre\u00a0coins du pays se sont mobilis\u00e9s pour faire adopter des politiques favorables aux acheteurs, aux propri\u00e9taires et aux collectivit\u00e9s du Canada.<\/p>\n\n\n\n<p>\u00c0 l\u2019occasion de la 36<sup>e<\/sup>\u00a0\u00e9dition annuelle des <a href=\"https:\/\/www.realtorlink.ca\/content\/realtorlink\/crea\/fr_CA\/courses---events\/crea-events\/pac-days.html\" target=\"_blank\" rel=\"noreferrer noopener\" aria-label=\" (opens in a new tab)\">Journ\u00e9es du CAP<\/a>, les repr\u00e9sentants du Comit\u00e9 d\u2019action politique (CAP) discuteront virtuellement des \u00e9lections avec les nouveaux \u00e9lus au parlement. Cette ann\u00e9e, l\u2019\u00e9v\u00e9nement aura encore lieu en ligne, les 25\u00a0et 26\u00a0octobre.<\/p>\n\n\n\n<p>Les courtiers et agents ainsi que les chambres et associations immobili\u00e8res ont r\u00e9ussi \u00e0 <a href=\"https:\/\/archive.cafe.crea.ca\/fr\/le-logement-et-les-promesses-electorales-federales\/\" target=\"_blank\" rel=\"noreferrer noopener\" aria-label=\" (opens in a new tab)\">faire en sorte que l\u2019abordabilit\u00e9 du logement et l\u2019offre de logements soient au c\u0153ur des pr\u00e9occupations pendant la campagne \u00e9lectorale<\/a>.<\/p>\n\n\n\n<p>Nous devons\nmaintenant poursuivre sur cette lanc\u00e9e. Les Journ\u00e9es du CAP de 2021 seront l\u2019occasion\nparfaite pour les repr\u00e9sentants du CAP de souligner aux d\u00e9put\u00e9s les probl\u00e8mes d\u2019offre\net l\u2019importance de continuer \u00e0 favoriser la viabilit\u00e9 du secteur de l\u2019habitation\nau Canada.<\/p>\n\n\n\n<p>Voici \u00e0\nquoi vous attendre lors des Journ\u00e9es du CAP de 2021.<\/p>\n\n\n\n<h2 class=\"wp-block-heading\"><strong>Des\nconf\u00e9renciers et des panels passionnants<\/strong><\/h2>\n\n\n\n<p>L\u2019\u00e9v\u00e9nement,\nqui comprend une journ\u00e9e compl\u00e8te d\u2019activit\u00e9s, devrait vous aider \u00e0 bien saisir\ntous les d\u00e9tails de la campagne \u00e9lectorale de 2021. Chroniqueurs, journalistes\net strat\u00e8ges politiques se r\u00e9uniront pour l\u2019occasion. Au programme pour les\nrepr\u00e9sentants du CAP&nbsp;: le tr\u00e8s populaire panel <em>Dans les coulisses de la\npolitique<\/em> avec Kathleen&nbsp;Monk, Tim&nbsp;Powers et Amanda&nbsp;Alvaro,\nainsi qu\u2019un panel m\u00e9diatique avec Chantal&nbsp;H\u00e9bert, Don&nbsp;Martin et Rob&nbsp;Russo.<\/p>\n\n\n\n<p>En plus de\nces panels divertissants et informatifs, le programme pr\u00e9voit une pr\u00e9sentation\ndonn\u00e9e par un ancien premier ministre du Canada, le tr\u00e8s honorable Brian&nbsp;Mulroney.<\/p>\n\n\n\n<h2 class=\"wp-block-heading\"><strong>Rencontres\nvirtuelles avec les d\u00e9put\u00e9s<\/strong><\/h2>\n\n\n\n<p>Tout comme l\u2019an pass\u00e9, les <a href=\"https:\/\/archive.cafe.crea.ca\/fr\/cinq-choses-a-savoir-au-sujet-des-journees-du-cap-2020\/\" target=\"_blank\" rel=\"noreferrer noopener\" aria-label=\" (opens in a new tab)\">Journ\u00e9es du CAP<\/a> se d\u00e9rouleront enti\u00e8rement en virtuel, sur deux\u00a0jours. Avant de rencontrer les d\u00e9put\u00e9s, les repr\u00e9sentants du CAP d\u00e9couvriront les initiatives de relations gouvernementales entreprises par l\u2019ACI au cours de l\u2019ann\u00e9e; ils pourront ainsi mieux aborder les d\u00e9fis en mati\u00e8re de logement au pays. Pour assister au congr\u00e8s et aux rencontres, ils auront besoin d\u2019un ordinateur et d\u2019une connexion Internet haute vitesse. Ils devraient garder leur horaire ouvert les 25 et 26\u00a0octobre, puisque l\u2019heure des rencontres avec les d\u00e9put\u00e9s pourrait varier ou changer sans pr\u00e9avis. Ces rencontres devraient toujours avoir priorit\u00e9 sur la programmation des Journ\u00e9es du CAP.<\/p>\n\n\n\n<h2 class=\"wp-block-heading\"><strong>Ressources\npour les courtiers et agents<\/strong><\/h2>\n\n\n\n<p>Pour conna\u00eetre les d\u00e9tails du congr\u00e8s et obtenir du mat\u00e9riel de pr\u00e9paration, visitez le <a href=\"https:\/\/www.realtoractionnetwork.com\/fr-CA\/Index?NEQS=IQuZBKLIBBoyarJ7Bh7pGATi62BUXEZrBJdDBCUXDBK84re8aGGCVu2xFN3BEaWHvhTM8LJ%2B0iZgnMxujFkIm5LYi8RQFofYiljfpa3ykiw%3D\" target=\"_blank\" rel=\"noreferrer noopener\" aria-label=\" (opens in a new tab)\">site Web du R\u00e9seau d\u2019action immobilier (RAI)<\/a>. Les repr\u00e9sentants du CAP auront acc\u00e8s \u00e0 un livret contenant une FAQ, des points de discussion, des propositions de politiques et d\u2019autres ressources qui les aideront \u00e0 se pr\u00e9parer aux rencontres avec les d\u00e9put\u00e9s.<\/p>\n\n\n\n<p>Veuillez communiquer avec votre chambre ou association immobili\u00e8re si vous voulez assister \u00e0 l\u2019\u00e9v\u00e9nement. Vous pouvez \u00e9galement visiter la <a href=\"https:\/\/www.realtorlink.ca\/content\/realtorlink\/crea\/fr_CA\/courses---events\/crea-events\/pac-days.html\" target=\"_blank\" rel=\"noreferrer noopener\" aria-label=\" (opens in a new tab)\">page des Journ\u00e9es du CAP de 2021 sur le Lien IMMOBILIER<\/a><sup><a href=\"https:\/\/www.realtorlink.ca\/content\/realtorlink\/crea\/fr_CA\/courses---events\/crea-events\/pac-days.html\" target=\"_blank\" rel=\"noreferrer noopener\" aria-label=\" (opens in a new tab)\">MC<\/a><\/sup> pour en savoir plus.<\/p>\n","protected":false},"excerpt":{"rendered":"<p>Au cours des 36\u00a0jours de la derni\u00e8re campagne \u00e9lectorale f\u00e9d\u00e9rale, des courtiers et agents immobiliers des quatre\u00a0coins du pays se sont mobilis\u00e9s pour faire adopter des politiques favorables aux acheteurs, aux propri\u00e9taires et aux collectivit\u00e9s du Canada. \u00c0 l\u2019occasion de la 36e\u00a0\u00e9dition annuelle des Journ\u00e9es du CAP, les repr\u00e9sentants du Comit\u00e9 d\u2019action politique (CAP) discuteront &hellip; <a href=\"https:\/\/archive.cafe.crea.ca\/fr\/journees-du-cap-de-2021-retour-sur-les-elections\/\" class=\"more-link\">Continue reading <span class=\"screen-reader-text\">Journ\u00e9es du CAP de 2021 : retour sur les \u00e9lections<\/span><\/a><\/p>\n","protected":false},"author":174,"featured_media":39485,"comment_status":"open","ping_status":"open","sticky":false,"template":"","format":"standard","meta":{"footnotes":""},"categories":[2369],"tags":[2378],"coauthors":[2440],"class_list":["post-39488","post","type-post","status-publish","format-standard","has-post-thumbnail","hentry","category-defense-des-interets","tag-featured"],"aioseo_notices":[],"_links":{"self":[{"href":"https:\/\/archive.cafe.crea.ca\/fr\/wp-json\/wp\/v2\/posts\/39488"}],"collection":[{"href":"https:\/\/archive.cafe.crea.ca\/fr\/wp-json\/wp\/v2\/posts"}],"about":[{"href":"https:\/\/archive.cafe.crea.ca\/fr\/wp-json\/wp\/v2\/types\/post"}],"author":[{"embeddable":true,"href":"https:\/\/archive.cafe.crea.ca\/fr\/wp-json\/wp\/v2\/users\/174"}],"replies":[{"embeddable":true,"href":"https:\/\/archive.cafe.crea.ca\/fr\/wp-json\/wp\/v2\/comments?post=39488"}],"version-history":[{"count":1,"href":"https:\/\/archive.cafe.crea.ca\/fr\/wp-json\/wp\/v2\/posts\/39488\/revisions"}],"predecessor-version":[{"id":39489,"href":"https:\/\/archive.cafe.crea.ca\/fr\/wp-json\/wp\/v2\/posts\/39488\/revisions\/39489"}],"wp:featuredmedia":[{"embeddable":true,"href":"https:\/\/archive.cafe.crea.ca\/fr\/wp-json\/wp\/v2\/media\/39485"}],"wp:attachment":[{"href":"https:\/\/archive.cafe.crea.ca\/fr\/wp-json\/wp\/v2\/media?parent=39488"}],"wp:term":[{"taxonomy":"category","embeddable":true,"href":"https:\/\/archive.cafe.crea.ca\/fr\/wp-json\/wp\/v2\/categories?post=39488"},{"taxonomy":"post_tag","embeddable":true,"href":"https:\/\/archive.cafe.crea.ca\/fr\/wp-json\/wp\/v2\/tags?post=39488"},{"taxonomy":"author","embeddable":true,"href":"https:\/\/archive.cafe.crea.ca\/fr\/wp-json\/wp\/v2\/coauthors?post=39488"}],"curies":[{"name":"wp","href":"https:\/\/api.w.org\/{rel}","templated":true}]}}