{"id":39475,"date":"2021-10-15T13:39:06","date_gmt":"2021-10-15T17:39:06","guid":{"rendered":"https:\/\/archive.cafe.crea.ca\/?p=39475"},"modified":"2021-10-15T13:39:09","modified_gmt":"2021-10-15T17:39:09","slug":"les-saisons-immobilieres-existent-elles-encore","status":"publish","type":"post","link":"https:\/\/archive.cafe.crea.ca\/fr\/les-saisons-immobilieres-existent-elles-encore\/","title":{"rendered":"Les saisons immobili\u00e8res existent-elles encore?"},"content":{"rendered":"\n<p>Avez-vous de la difficult\u00e9 \u00e0 trouver du contenu \u00e0 partager dans les m\u00e9dias sociaux?<\/p>\n\n\n\n<p>Laissez tomber Instagram et Facebook. Vous n\u2019avez besoin que de REALTOR.ca.<\/p>\n\n\n\n<figure><iframe loading=\"lazy\" src=\"https:\/\/www.facebook.com\/plugins\/page.php?href=https%3A%2F%2Fwww.facebook.com%2FREALTORdotca&amp;tabs&amp;width=340&amp;height=130&amp;small_header=false&amp;adapt_container_width=true&amp;hide_cover=false&amp;show_facepile=false&amp;appId=321786092155799\" width=\"340\" height=\"130\"><\/iframe><\/figure>\n\n\n\n<p>Notre blogue ax\u00e9 sur le style de vie des consommateurs, le&nbsp;<em><a rel=\"noreferrer noopener\" href=\"https:\/\/www.realtor.ca\/blogue\" target=\"_blank\">Salon<\/a><\/em>, vous offre du contenu sur des sujets comme les r\u00e9novations, les tendances du march\u00e9, le bricolage, les guides des quartiers et les maisons originales. Du nouveau contenu passionnant est publi\u00e9 au&nbsp;<em>Salon<\/em>&nbsp;quatre&nbsp;fois par semaine (et du&nbsp;<a href=\"https:\/\/www.realtor.ca\/blogue\" target=\"_blank\" rel=\"noreferrer noopener\">contenu unique en fran\u00e7ais<\/a>&nbsp;est publi\u00e9 pour les passionn\u00e9s francophones).<\/p>\n\n\n\n<p>Tandis que le contenu du Caf\u00e9 ACI est s\u00e9lectionn\u00e9 sp\u00e9cialement pour favoriser la croissance de votre entreprise et \u00e0 en assurer la r\u00e9ussite, le contenu du&nbsp;<em>Salon<\/em>&nbsp;est parfait pour \u00eatre partag\u00e9 avec vos clients.<\/p>\n\n\n\n<p>D\u00e9tenu et exploit\u00e9 par L\u2019Association canadienne de l\u2019immeuble (ACI), REALTOR.ca est la plateforme immobili\u00e8re la plus populaire au Canada (Comscore, 2020). Vous y trouverez toutes les inscriptions des syst\u00e8mes MLS<sup>\u00ae<\/sup>&nbsp;au pays.<\/p>\n\n\n\n<p>Partagez ce blogue avec vos clients et vous pouvez aussi suivre REALTOR.ca sur&nbsp;<a rel=\"noreferrer noopener\" href=\"https:\/\/twitter.com\/REALTORdotca\" target=\"_blank\">Twitter<\/a>,&nbsp;<a rel=\"noreferrer noopener\" href=\"https:\/\/www.instagram.com\/realtordotca\/\" target=\"_blank\">Instagram<\/a>&nbsp;et&nbsp;<a rel=\"noreferrer noopener\" href=\"https:\/\/www.pinterest.ca\/realtordotca\/\" target=\"_blank\">Pinterest<\/a>.<\/p>\n\n\n\n<p>Consulter le billet de\u00a0<a rel=\"noreferrer noopener\" aria-label=\" (opens in a new tab)\" href=\"https:\/\/www.realtor.ca\/blogue\/les-saisons-de-limmobilier\/20904\/1369\" target=\"_blank\">blogue original.<\/a><\/p>\n\n\n\n<hr class=\"wp-block-separator is-style-wide\"\/>\n\n\n\n<figure class=\"wp-block-image\"><img loading=\"lazy\" decoding=\"async\" width=\"896\" height=\"518\" src=\"https:\/\/archive.cafe.crea.ca\/wp-content\/uploads\/2021\/10\/blog_fr_1.jpg\" alt=\"fall houses\" class=\"wp-image-39457\" srcset=\"https:\/\/archive.cafe.crea.ca\/wp-content\/uploads\/2021\/10\/blog_fr_1.jpg 896w, https:\/\/archive.cafe.crea.ca\/wp-content\/uploads\/2021\/10\/blog_fr_1-768x444.jpg 768w\" sizes=\"(max-width: 896px) 100vw, 896px\" \/><\/figure>\n\n\n\n<p>Quel est le meilleur moment pour vendre sa maison?\u00a0Devrais-je mettre ma maison \u00e0 vendre? Est-ce le meilleur moment? Devrais-je attendre au printemps ou \u00e0 l\u2019automne?<\/p>\n\n\n\n<p> C\u2019est\u00a0<em>LA<\/em>\u00a0question qu\u2019on s\u2019est souvent pos\u00e9e par le pass\u00e9. On l\u2019entend moins souvent dans le march\u00e9 extraordinaire de la derni\u00e8re ann\u00e9e, mais pour plusieurs personnes, c\u2019est toujours une question valide. Il y a quelques ann\u00e9es, les saisons de l\u2019immobilier \u00e9taient une r\u00e9alit\u00e9 pour le march\u00e9. Le nombre de propri\u00e9t\u00e9s vendues et le prix auquel elles s\u2019\u00e9taient vendues fluctuaient avec les saisons. Avant l\u2019ann\u00e9e de la c\u00e9l\u00e8bre \u00ab COVID-19 \u00bb, les courtiers et agents immobiliers s\u2019attendaient \u00e0 une augmentation de nouvelles inscriptions et de ventes au printemps. Souvent, l\u2019\u00e9t\u00e9 \u00e9tait plus tranquille et \u00e9tait suivi par une autre hausse \u00e0 l\u2019automne. <\/p>\n\n\n\n<figure class=\"wp-block-image\"><img loading=\"lazy\" decoding=\"async\" width=\"896\" height=\"518\" src=\"https:\/\/archive.cafe.crea.ca\/wp-content\/uploads\/2021\/10\/blog_fr_2.jpg\" alt=\"spring houses\" class=\"wp-image-39459\" srcset=\"https:\/\/archive.cafe.crea.ca\/wp-content\/uploads\/2021\/10\/blog_fr_2.jpg 896w, https:\/\/archive.cafe.crea.ca\/wp-content\/uploads\/2021\/10\/blog_fr_2-768x444.jpg 768w\" sizes=\"(max-width: 896px) 100vw, 896px\" \/><\/figure>\n\n\n\n<h2 class=\"wp-block-heading\">Qu\u2019est-ce que la COVID-19 a chang\u00e9? On dirait que les saisons de l\u2019immobilier n\u2019existent plus!<\/h2>\n\n\n\n<p>Depuis 2018, il y a eu une hausse constante des ventes r\u00e9sidentielles. Chaque trimestre, on a observ\u00e9 une augmentation de quelques pourcentages (de 3 \u00e0 5&nbsp;% selon la QPAREB). La meilleure p\u00e9riode \u00e9tait encore le printemps et l\u2019automne. On \u00e9tait quand m\u00eame capable de pr\u00e9voir les fluctuations du march\u00e9. Comme courtier ou agent, on planifiait nos vacances personnelles en cons\u00e9quence. En 2019, on a commenc\u00e9 \u00e0 voir un changement dans le march\u00e9. O\u00f9, dans le pass\u00e9, il y avait traditionnellement une baisse de ventes et d\u2019inscriptions, il n\u2019y en avait plus!<\/p>\n\n\n\n<p>Le quatri\u00e8me trimestre de 2019 et le d\u00e9but de 2020 f ont commenc\u00e9 en force. Mais quand les pays se sont confin\u00e9s en raison du virus, l\u2019immobilier, comme tous les secteurs, a \u00e9t\u00e9 mis sur pause. Pour la premi\u00e8re fois depuis des ann\u00e9es, il n\u2019y a pas eu de hausse au printemps. Au&nbsp;<a href=\"https:\/\/montreal.ctvnews.ca\/quebec-housing-market-continues-barrelling-through-pandemic-but-where-to-1.5217790\" target=\"_blank\" rel=\"noreferrer noopener\">Qu\u00e9bec<\/a>&nbsp;seulement, il y a eu une baisse de 24&nbsp;%\u2026 suivie d\u2019une hausse incroyable de 49&nbsp;% et d\u2019une autre hausse de 39&nbsp;% entre juillet et d\u00e9cembre. Les ventes incroyables de l\u2019ann\u00e9e&nbsp;2020 sont un ph\u00e9nom\u00e8ne que la plupart des experts et \u00e9conomistes n\u2019ont jamais pu anticiper.<\/p>\n\n\n\n<figure class=\"wp-block-image\"><img loading=\"lazy\" decoding=\"async\" width=\"896\" height=\"518\" src=\"https:\/\/archive.cafe.crea.ca\/wp-content\/uploads\/2021\/10\/blog_fr_3.jpg\" alt=\"houses\" class=\"wp-image-39461\" srcset=\"https:\/\/archive.cafe.crea.ca\/wp-content\/uploads\/2021\/10\/blog_fr_3.jpg 896w, https:\/\/archive.cafe.crea.ca\/wp-content\/uploads\/2021\/10\/blog_fr_3-768x444.jpg 768w\" sizes=\"(max-width: 896px) 100vw, 896px\" \/><\/figure>\n\n\n\n<h2 class=\"wp-block-heading\">Sommes-nous t\u00e9moins de la fin des saisons dans l\u2019immobilier?<\/h2>\n\n\n\n<p>Est-on t\u00e9moin de la fin des saisons dans l\u2019immobilier? Probablement pas. D\u00e9j\u00e0, avec le d\u00e9but de l\u2019ann\u00e9e&nbsp;2021, on voit des diff\u00e9rences. Comme la COVID-19 a cr\u00e9\u00e9 une demande incroyable, surtout dans les communaut\u00e9s rurales, la pr\u00e9sente demande reste forte \u00e0 cause d\u2019un faible inventaire de propri\u00e9t\u00e9s \u00e0 vendre; les gens continuent d\u2019avoir des inqui\u00e9tudes quant aux voyages et aux d\u00e9placements dans les grandes villes. Que se passera-t-il quand une grande partie de la population sera vaccin\u00e9e et que le monde retournera \u00e0 une stabilit\u00e9 \u00ab normale \u00bb? Bonne question!<\/p>\n\n\n\n<p> La r\u00e9alit\u00e9 est qu\u2019on commence \u00e0 voir d\u00e9j\u00e0 un l\u00e9ger refroidissement dans tous les march\u00e9s canadiens. Est-ce seulement \u00e0 cause des nouvelles restrictions li\u00e9es \u00e0 la COVID-19 ou le lustre est-il finalement terni?\u00a0Risque-t-on de conna\u00eetre une autre ann\u00e9e comme l\u2019ann\u00e9e derni\u00e8re o\u00f9 le boom immobilier aura lieu seulement en \u00e9t\u00e9?\u00a0Tout est possible. Mais, qu\u2019on le veuille ou non, un semblant de vie normale va \u00e9ventuellement nous permettre de retourner \u00e0 nos vies quotidiennes et aussi \u00e0 l\u2019immobilier. Peut-\u00eatre que les prix ne vont pas baisser \u00e9norm\u00e9ment, ou pas du tout, mais peut-\u00eatre que le march\u00e9 d\u00e9s\u00e9quilibr\u00e9 de la derni\u00e8re ann\u00e9e se redressera. \u00c0 suivre! <br><\/p>\n","protected":false},"excerpt":{"rendered":"<p>Avez-vous de la difficult\u00e9 \u00e0 trouver du contenu \u00e0 partager dans les m\u00e9dias sociaux? Laissez tomber Instagram et Facebook. Vous n\u2019avez besoin que de REALTOR.ca. Notre blogue ax\u00e9 sur le style de vie des consommateurs, le&nbsp;Salon, vous offre du contenu sur des sujets comme les r\u00e9novations, les tendances du march\u00e9, le bricolage, les guides des &hellip; <a href=\"https:\/\/archive.cafe.crea.ca\/fr\/les-saisons-immobilieres-existent-elles-encore\/\" class=\"more-link\">Continue reading <span class=\"screen-reader-text\">Les saisons immobili\u00e8res existent-elles encore?<\/span><\/a><\/p>\n","protected":false},"author":156,"featured_media":39465,"comment_status":"open","ping_status":"open","sticky":false,"template":"","format":"standard","meta":{"footnotes":""},"categories":[2372],"tags":[],"coauthors":[2422],"class_list":["post-39475","post","type-post","status-publish","format-standard","has-post-thumbnail","hentry","category-divers"],"aioseo_notices":[],"_links":{"self":[{"href":"https:\/\/archive.cafe.crea.ca\/fr\/wp-json\/wp\/v2\/posts\/39475"}],"collection":[{"href":"https:\/\/archive.cafe.crea.ca\/fr\/wp-json\/wp\/v2\/posts"}],"about":[{"href":"https:\/\/archive.cafe.crea.ca\/fr\/wp-json\/wp\/v2\/types\/post"}],"author":[{"embeddable":true,"href":"https:\/\/archive.cafe.crea.ca\/fr\/wp-json\/wp\/v2\/users\/156"}],"replies":[{"embeddable":true,"href":"https:\/\/archive.cafe.crea.ca\/fr\/wp-json\/wp\/v2\/comments?post=39475"}],"version-history":[{"count":1,"href":"https:\/\/archive.cafe.crea.ca\/fr\/wp-json\/wp\/v2\/posts\/39475\/revisions"}],"predecessor-version":[{"id":39476,"href":"https:\/\/archive.cafe.crea.ca\/fr\/wp-json\/wp\/v2\/posts\/39475\/revisions\/39476"}],"wp:featuredmedia":[{"embeddable":true,"href":"https:\/\/archive.cafe.crea.ca\/fr\/wp-json\/wp\/v2\/media\/39465"}],"wp:attachment":[{"href":"https:\/\/archive.cafe.crea.ca\/fr\/wp-json\/wp\/v2\/media?parent=39475"}],"wp:term":[{"taxonomy":"category","embeddable":true,"href":"https:\/\/archive.cafe.crea.ca\/fr\/wp-json\/wp\/v2\/categories?post=39475"},{"taxonomy":"post_tag","embeddable":true,"href":"https:\/\/archive.cafe.crea.ca\/fr\/wp-json\/wp\/v2\/tags?post=39475"},{"taxonomy":"author","embeddable":true,"href":"https:\/\/archive.cafe.crea.ca\/fr\/wp-json\/wp\/v2\/coauthors?post=39475"}],"curies":[{"name":"wp","href":"https:\/\/api.w.org\/{rel}","templated":true}]}}