{"id":39424,"date":"2021-10-13T10:41:15","date_gmt":"2021-10-13T14:41:15","guid":{"rendered":"https:\/\/archive.cafe.crea.ca\/?p=39424"},"modified":"2021-10-13T10:41:42","modified_gmt":"2021-10-13T14:41:42","slug":"laccession-a-la-propriete-au-canada-une-perspective-plus-large","status":"publish","type":"post","link":"https:\/\/archive.cafe.crea.ca\/fr\/laccession-a-la-propriete-au-canada-une-perspective-plus-large\/","title":{"rendered":"L\u2019accession \u00e0 la propri\u00e9t\u00e9 au Canada : une perspective plus large"},"content":{"rendered":"\n<p>Dans le septi\u00e8me \u00e9pisode d\u2019<strong>EN DIRECT<\/strong>, nous nous sommes entretenus avec Val\u00e9rie&nbsp;Paquin, courti\u00e8re immobili\u00e8re membre de l\u2019ACI et propri\u00e9taire d\u2019agence \u00e0 Montr\u00e9al, et membre du conseil d\u2019administration de l\u2019ACI. Elle nous a pr\u00e9sent\u00e9 son point de vue sur les divers avantages de l\u2019accession \u00e0 la propri\u00e9t\u00e9 et sur la fa\u00e7on dont ils d\u00e9passent les aspects financiers.<\/p>\n\n\n\n<figure class=\"wp-block-image\"><img loading=\"lazy\" decoding=\"async\" width=\"850\" height=\"300\" src=\"https:\/\/archive.cafe.crea.ca\/wp-content\/uploads\/2021\/10\/Aug21-Story2_Web_850x300-FR.jpg\" alt=\"\" class=\"wp-image-39429\" srcset=\"https:\/\/archive.cafe.crea.ca\/wp-content\/uploads\/2021\/10\/Aug21-Story2_Web_850x300-FR.jpg 850w, https:\/\/archive.cafe.crea.ca\/wp-content\/uploads\/2021\/10\/Aug21-Story2_Web_850x300-FR-768x271.jpg 768w\" sizes=\"(max-width: 850px) 100vw, 850px\" \/><\/figure>\n\n\n\n<p>L\u2019Association canadienne de l\u2019immeuble (ACI) a r\u00e9cemment publi\u00e9 un livre blanc,&nbsp;<a href=\"https:\/\/www.crea.ca\/wp-content\/uploads\/2021\/04\/Homeownership-White-Paper_2021_FRE_Apr-6.pdf\" target=\"_blank\" rel=\"noreferrer noopener\"><em>Le dividende de la propri\u00e9t\u00e9 pour les Canadiens<\/em><\/a>, un document qui s\u2019appuie sur des recherches et des analyses recueillies au Canada et dans le monde entier pour mettre en \u00e9vidence les avantages de l\u2019accession \u00e0 la propri\u00e9t\u00e9 pour les personnes et leur collectivit\u00e9. Val\u00e9rie se joint \u00e0 la conversation pour tout nous expliquer et nous faire part de son point de vue.<\/p>\n\n\n\n<p>Le r\u00eave d\u2019acc\u00e9der \u00e0 la propri\u00e9t\u00e9 demeure fort pour de nombreux Canadiens, malgr\u00e9 les obstacles li\u00e9s \u00e0 l\u2019abordabilit\u00e9 et \u00e0 la p\u00e9nurie de l\u2019offre sur le march\u00e9 de l\u2019habitation. Nous avons donc \u00e9galement examin\u00e9 ce qui serait n\u00e9cessaire pour renforcer le continuum du logement au Canada. Nous avons demand\u00e9 \u00e0 Val\u00e9rie de nous dire comment, selon elle, les courtiers et les agents immobiliers peuvent intervenir \u00e0 l\u2019\u00e9chelle individuelle, puis comment ils peuvent collaborer avec l\u2019ACI pour proposer des solutions concr\u00e8tes.<\/p>\n\n\n\n<p>\u00c9coutez la conversation pour mieux conna\u00eetre les avantages non financiers de l\u2019accession \u00e0 la propri\u00e9t\u00e9 ainsi que les moyens que nous pouvons tous utiliser pour militer en faveur de politiques et de solutions qui apporteront de vrais changements.<\/p>\n\n\n\n<h2 class=\"wp-block-heading\">\u00c9coutez l\u2019\u00e9pisode\u00a07 d\u2019<strong>EN DIRECT \u2013 L\u2019accession \u00e0 la propri\u00e9t\u00e9 au Canada\u00a0: une perspective plus large<\/strong><\/h2>\n\n\n\n<iframe loading=\"lazy\" width=\"560\" height=\"315\" src=\"https:\/\/www.youtube.com\/embed\/UBNs2dEE5Ys\" title=\"YouTube video player\" frameborder=\"0\" allow=\"accelerometer; autoplay; clipboard-write; encrypted-media; gyroscope; picture-in-picture\" allowfullscreen><\/iframe>\n\n\n\n<p><strong>Pour nos auditeurs anglophones, ne ratez pas notre nouvel \u00e9pisode de REAL\u00a0TIME\u00a0:\u00a0<em>In Pursuit of Housing: The Impact of Canada\u2019s Federal Election.<\/em><\/strong><\/p>\n\n\n\n<div class=\"wp-block-button\"><a class=\"wp-block-button__link\" href=\"https:\/\/archive.cafe.crea.ca\/pursuit-of-housing-post-election-analysis\/\">Pursuit of Housing: Post-Election Analysis<br> <\/a><\/div>\n\n\n\n<h2 class=\"wp-block-heading\">Plus d&rsquo;En Direct<\/h2>\n\n\n\n<ul class=\"wp-block-list\"><li><a rel=\"noreferrer noopener\" aria-label=\" (opens in a new tab)\" href=\"https:\/\/archive.cafe.crea.ca\/fr\/que-faut-il-savoir-sur-lachat-la-vente-et-la-location-dune-habitation-en-2021-vous-le-decouvrirez-en-ecoutant-le-cinquieme-episode-den-direct\/\" target=\"_blank\">Que faut-il savoir sur l\u2019achat, la vente et la location d\u2019une habitation en 2021? Vous le d\u00e9couvrirez en \u00e9coutant le cinqui\u00e8me \u00e9pisode d\u2019EN DIRECT<\/a><\/li><li><a rel=\"noreferrer noopener\" aria-label=\" (opens in a new tab)\" href=\"https:\/\/archive.cafe.crea.ca\/fr\/voir-au-dela-de-la-vente-une-question-de-confiance-et-de-transparence\/\" target=\"_blank\">Voir au-del\u00e0 de la vente : une question de confiance et de transparence<\/a><\/li><li><a rel=\"noreferrer noopener\" aria-label=\" (opens in a new tab)\" href=\"https:\/\/archive.cafe.crea.ca\/fr\/en-direct-episode-3-limmobilier-et-limportance-de-la-planification-financiere\/\" target=\"_blank\">EN DIRECT \u00c9pisode 3 : L\u2019immobilier et l\u2019importance de la planification financi\u00e8re<\/a><\/li><\/ul>\n","protected":false},"excerpt":{"rendered":"<p>Dans le septi\u00e8me \u00e9pisode d\u2019EN DIRECT, nous nous sommes entretenus avec Val\u00e9rie&nbsp;Paquin, courti\u00e8re immobili\u00e8re membre de l\u2019ACI et propri\u00e9taire d\u2019agence \u00e0 Montr\u00e9al, et membre du conseil d\u2019administration de l\u2019ACI. Elle nous a pr\u00e9sent\u00e9 son point de vue sur les divers avantages de l\u2019accession \u00e0 la propri\u00e9t\u00e9 et sur la fa\u00e7on dont ils d\u00e9passent les aspects &hellip; <a href=\"https:\/\/archive.cafe.crea.ca\/fr\/laccession-a-la-propriete-au-canada-une-perspective-plus-large\/\" class=\"more-link\">Continue reading <span class=\"screen-reader-text\">L\u2019accession \u00e0 la propri\u00e9t\u00e9 au Canada : une perspective plus large<\/span><\/a><\/p>\n","protected":false},"author":166,"featured_media":39425,"comment_status":"open","ping_status":"open","sticky":false,"template":"","format":"standard","meta":{"footnotes":""},"categories":[2366],"tags":[],"coauthors":[2432],"class_list":["post-39424","post","type-post","status-publish","format-standard","has-post-thumbnail","hentry","category-nouvelles-de-laci"],"aioseo_notices":[],"_links":{"self":[{"href":"https:\/\/archive.cafe.crea.ca\/fr\/wp-json\/wp\/v2\/posts\/39424"}],"collection":[{"href":"https:\/\/archive.cafe.crea.ca\/fr\/wp-json\/wp\/v2\/posts"}],"about":[{"href":"https:\/\/archive.cafe.crea.ca\/fr\/wp-json\/wp\/v2\/types\/post"}],"author":[{"embeddable":true,"href":"https:\/\/archive.cafe.crea.ca\/fr\/wp-json\/wp\/v2\/users\/166"}],"replies":[{"embeddable":true,"href":"https:\/\/archive.cafe.crea.ca\/fr\/wp-json\/wp\/v2\/comments?post=39424"}],"version-history":[{"count":1,"href":"https:\/\/archive.cafe.crea.ca\/fr\/wp-json\/wp\/v2\/posts\/39424\/revisions"}],"predecessor-version":[{"id":39431,"href":"https:\/\/archive.cafe.crea.ca\/fr\/wp-json\/wp\/v2\/posts\/39424\/revisions\/39431"}],"wp:featuredmedia":[{"embeddable":true,"href":"https:\/\/archive.cafe.crea.ca\/fr\/wp-json\/wp\/v2\/media\/39425"}],"wp:attachment":[{"href":"https:\/\/archive.cafe.crea.ca\/fr\/wp-json\/wp\/v2\/media?parent=39424"}],"wp:term":[{"taxonomy":"category","embeddable":true,"href":"https:\/\/archive.cafe.crea.ca\/fr\/wp-json\/wp\/v2\/categories?post=39424"},{"taxonomy":"post_tag","embeddable":true,"href":"https:\/\/archive.cafe.crea.ca\/fr\/wp-json\/wp\/v2\/tags?post=39424"},{"taxonomy":"author","embeddable":true,"href":"https:\/\/archive.cafe.crea.ca\/fr\/wp-json\/wp\/v2\/coauthors?post=39424"}],"curies":[{"name":"wp","href":"https:\/\/api.w.org\/{rel}","templated":true}]}}