{"id":39144,"date":"2021-09-14T10:57:10","date_gmt":"2021-09-14T14:57:10","guid":{"rendered":"https:\/\/archive.cafe.crea.ca\/?p=39144"},"modified":"2021-09-14T10:57:13","modified_gmt":"2021-09-14T14:57:13","slug":"la-banque-du-canada-maintient-le-taux-directeur","status":"publish","type":"post","link":"https:\/\/archive.cafe.crea.ca\/fr\/la-banque-du-canada-maintient-le-taux-directeur\/","title":{"rendered":"La Banque du Canada maintient le taux directeur"},"content":{"rendered":"\n<p>Lors de son <a href=\"https:\/\/www.banqueducanada.ca\/2021\/09\/fad-communique-2021-09-08\/\" target=\"_blank\" rel=\"noreferrer noopener\" aria-label=\"annonce pr\u00e9vue (opens in a new tab)\">annonce pr\u00e9vue<\/a> du 8&nbsp;septembre&nbsp;2021, la Banque du Canada a fait savoir qu\u2019elle maintient le taux cible du financement \u00e0 un jour \u00e0 sa valeur plancher de 0,25&nbsp;%. Elle indique de plus qu\u2019elle poursuit son programme d\u2019assouplissement quantitatif au rythme cible de 2&nbsp;milliards de dollars en obligations du gouvernement du Canada par semaine.<\/p>\n\n\n\n<p>Selon la Banque du Canada, la croissance \u00e9conomique canadienne au deuxi\u00e8me trimestre n\u2019a pas \u00e9t\u00e9 aussi vigoureuse que pr\u00e9vu dans son&nbsp;<em>Rapport sur la politique mon\u00e9taire&nbsp;<\/em>de juillet et elle s\u2019est contract\u00e9e d\u2019environ 1&nbsp;%. Ce r\u00e9sultat refl\u00e8te surtout la contraction des exportations dues en partie aux perturbations des cha\u00eenes d\u2019approvisionnement li\u00e9es \u00e0 la pand\u00e9mie et \u00e0 un recul de l\u2019activit\u00e9 sur le march\u00e9 du logement. L\u2019emploi a toutefois remont\u00e9 au cours de l\u2019\u00e9t\u00e9, l\u2019assouplissement des mesures sanitaires ayant entra\u00een\u00e9 des embauches dans les secteurs o\u00f9 la distanciation est difficile. La Banque s\u2019attend \u00e0 ce que la croissance du PIB canadien se renforce au cours du second trimestre de 2021, mais pr\u00e9cise que \u00ab&nbsp;la quatri\u00e8me vague de cas de COVID-19 et les goulots d\u2019\u00e9tranglement persistants pourraient peser sur la reprise&nbsp;\u00bb.<\/p>\n\n\n\n<p>La Banque a r\u00e9affirm\u00e9 que la hausse r\u00e9cente de l\u2019IPC est passag\u00e8re, citant les effets de glissement annuel, le prix de l\u2019essence plus \u00e9lev\u00e9 et les goulots d\u2019\u00e9tranglement des cha\u00eenes d\u2019approvisionnement li\u00e9s \u00e0 la pand\u00e9mie comme facteurs ayant aliment\u00e9 l\u2019inflation. Le Conseil de direction convient toutefois que la persistance et l\u2019ampleur de ces chocs inflationnistes sont \u00ab&nbsp;incertaines et seront suivies de pr\u00e8s&nbsp;\u00bb.<\/p>\n\n\n\n<figure class=\"wp-block-image\"><img loading=\"lazy\" decoding=\"async\" width=\"1324\" height=\"571\" src=\"https:\/\/archive.cafe.crea.ca\/wp-content\/uploads\/2021\/09\/BlogBanner_1324x571_InterestRate_InsideBlog.jpg\" alt=\"\" class=\"wp-image-39166\" srcset=\"https:\/\/archive.cafe.crea.ca\/wp-content\/uploads\/2021\/09\/BlogBanner_1324x571_InterestRate_InsideBlog.jpg 1324w, https:\/\/archive.cafe.crea.ca\/wp-content\/uploads\/2021\/09\/BlogBanner_1324x571_InterestRate_InsideBlog-768x331.jpg 768w\" sizes=\"(max-width: 1324px) 100vw, 1324px\" \/><\/figure>\n\n\n\n<h2 class=\"wp-block-heading\">\u00c0 quoi faut-il s\u2019attendre?<\/h2>\n\n\n\n<p>Le Conseil de direction juge \u00ab&nbsp;qu\u2019une marge de capacit\u00e9s exc\u00e9dentaires consid\u00e9rable subsiste dans l\u2019\u00e9conomie canadienne et que la reprise doit continuer d\u2019\u00eatre appuy\u00e9e par des mesures de politique mon\u00e9taire exceptionnelles&nbsp;\u00bb. Il indique de plus qu\u2019il reste engag\u00e9 \u00ab&nbsp;\u00e0 maintenir le taux directeur \u00e0 sa valeur plancher jusqu\u2019\u00e0 ce que ces capacit\u00e9s exc\u00e9dentaires se r\u00e9sorbent, de sorte que la cible d\u2019inflation de 2&nbsp;% soit atteinte de mani\u00e8re durable&nbsp;\u00bb. Selon la projection de juillet de la Banque, cela se produirait au cours de la seconde moiti\u00e9 de 2022.<\/p>\n\n\n\n<h2 class=\"wp-block-heading\">Taux hypoth\u00e9caires<\/h2>\n\n\n\n<p>Depuis le 1er&nbsp;juin&nbsp;2021, le taux admissible applicable aux pr\u00eats hypoth\u00e9caires est fix\u00e9 au plus \u00e9lev\u00e9 entre le taux hypoth\u00e9caire contractuel major\u00e9 de 2&nbsp;% et 5,25&nbsp;%, comme d\u00e9cr\u00e9t\u00e9 par le BSIF et le minist\u00e8re des Finances. Tous les demandeurs de pr\u00eat hypoth\u00e9caire doivent \u00eatre admissibles \u00e0 un pr\u00eat assorti d\u2019un taux d\u2019int\u00e9r\u00eat \u00e9gal au taux de r\u00e9f\u00e9rence sur cinq&nbsp;ans, m\u00eame si la dur\u00e9e du pr\u00eat est inf\u00e9rieure \u00e0 cinq&nbsp;ans.&nbsp;<\/p>\n\n\n\n<p>Les grandes banques \u00e0 charte canadiennes affichent actuellement des pr\u00eats hypoth\u00e9caires de cinq&nbsp;ans \u00e0 un taux fixe sp\u00e9cial d\u2019environ 2,44&nbsp;%. Les emprunteurs peuvent souvent n\u00e9gocier un taux selon leur solvabilit\u00e9 et le volume de l\u2019ensemble de leurs op\u00e9rations bancaires aupr\u00e8s du pr\u00eateur hypoth\u00e9caire.&nbsp;<\/p>\n\n\n\n<p>La prochaine annonce de la Banque du Canada sur le taux directeur est fix\u00e9e au&nbsp;27&nbsp;octobre&nbsp;2021. La nouvelle projection pour l\u2019\u00e9conomie et l\u2019inflation ainsi qu\u2019une analyse des risques connexes seront publi\u00e9es dans le&nbsp;<em>Rapport sur la politique mon\u00e9taire<\/em>&nbsp;que la Banque fera para\u00eetre \u00e0 cette m\u00eame date.<\/p>\n\n\n\n<p>\n\nPour en savoir plus sur les r\u00e9percussions sur les march\u00e9s de l\u2019habitation du Canada, visitez&nbsp;<a href=\"https:\/\/creastats.crea.ca\/fr-CA\/\">CREAStats.ca<\/a>.\n\n<\/p>\n","protected":false},"excerpt":{"rendered":"<p>Lors de son annonce pr\u00e9vue du 8&nbsp;septembre&nbsp;2021, la Banque du Canada a fait savoir qu\u2019elle maintient le taux cible du financement \u00e0 un jour \u00e0 sa valeur plancher de 0,25&nbsp;%. Elle indique de plus qu\u2019elle poursuit son programme d\u2019assouplissement quantitatif au rythme cible de 2&nbsp;milliards de dollars en obligations du gouvernement du Canada par semaine. &hellip; <a href=\"https:\/\/archive.cafe.crea.ca\/fr\/la-banque-du-canada-maintient-le-taux-directeur\/\" class=\"more-link\">Continue reading <span class=\"screen-reader-text\">La Banque du Canada maintient le taux directeur<\/span><\/a><\/p>\n","protected":false},"author":130,"featured_media":39164,"comment_status":"open","ping_status":"open","sticky":false,"template":"","format":"standard","meta":{"footnotes":""},"categories":[2367],"tags":[2378],"coauthors":[2388],"class_list":["post-39144","post","type-post","status-publish","format-standard","has-post-thumbnail","hentry","category-statistiques","tag-featured"],"aioseo_notices":[],"_links":{"self":[{"href":"https:\/\/archive.cafe.crea.ca\/fr\/wp-json\/wp\/v2\/posts\/39144"}],"collection":[{"href":"https:\/\/archive.cafe.crea.ca\/fr\/wp-json\/wp\/v2\/posts"}],"about":[{"href":"https:\/\/archive.cafe.crea.ca\/fr\/wp-json\/wp\/v2\/types\/post"}],"author":[{"embeddable":true,"href":"https:\/\/archive.cafe.crea.ca\/fr\/wp-json\/wp\/v2\/users\/130"}],"replies":[{"embeddable":true,"href":"https:\/\/archive.cafe.crea.ca\/fr\/wp-json\/wp\/v2\/comments?post=39144"}],"version-history":[{"count":2,"href":"https:\/\/archive.cafe.crea.ca\/fr\/wp-json\/wp\/v2\/posts\/39144\/revisions"}],"predecessor-version":[{"id":39170,"href":"https:\/\/archive.cafe.crea.ca\/fr\/wp-json\/wp\/v2\/posts\/39144\/revisions\/39170"}],"wp:featuredmedia":[{"embeddable":true,"href":"https:\/\/archive.cafe.crea.ca\/fr\/wp-json\/wp\/v2\/media\/39164"}],"wp:attachment":[{"href":"https:\/\/archive.cafe.crea.ca\/fr\/wp-json\/wp\/v2\/media?parent=39144"}],"wp:term":[{"taxonomy":"category","embeddable":true,"href":"https:\/\/archive.cafe.crea.ca\/fr\/wp-json\/wp\/v2\/categories?post=39144"},{"taxonomy":"post_tag","embeddable":true,"href":"https:\/\/archive.cafe.crea.ca\/fr\/wp-json\/wp\/v2\/tags?post=39144"},{"taxonomy":"author","embeddable":true,"href":"https:\/\/archive.cafe.crea.ca\/fr\/wp-json\/wp\/v2\/coauthors?post=39144"}],"curies":[{"name":"wp","href":"https:\/\/api.w.org\/{rel}","templated":true}]}}