{"id":39049,"date":"2021-09-02T10:02:49","date_gmt":"2021-09-02T14:02:49","guid":{"rendered":"https:\/\/archive.cafe.crea.ca\/?p=39049"},"modified":"2021-09-02T10:02:51","modified_gmt":"2021-09-02T14:02:51","slug":"sommet-des-dirigeants-dagence-du-printemps-lavenir-des-agences-immobilieres","status":"publish","type":"post","link":"https:\/\/archive.cafe.crea.ca\/fr\/sommet-des-dirigeants-dagence-du-printemps-lavenir-des-agences-immobilieres\/","title":{"rendered":"Sommet des dirigeants d\u2019agence du printemps : L\u2019avenir des agences immobili\u00e8res"},"content":{"rendered":"\n<p>Le mois dernier, des courtiers et agents immobiliers de partout au Canada ont particip\u00e9 \u00e0 une demi-journ\u00e9e de discussions et d\u2019apprentissages dans le cadre du Sommet des dirigeants d\u2019agence de l\u2019ACI du printemps, sous le th\u00e8me \u00ab&nbsp;L\u2019avenir des agences immobili\u00e8res&nbsp;\u00bb.<\/p>\n\n\n\n<p>Des courtiers et agents qui ont su continuer d\u2019apprendre et de s\u2019adapter aux changements constants dans le march\u00e9 immobilier canadien nous ont fait part de leur exp\u00e9rience. Ils ont notamment discut\u00e9 des r\u00e9percussions de la pand\u00e9mie, du recrutement et du perfectionnement, et des march\u00e9s r\u00e9sidentiel et commercial. Bien entendu, la plupart des changements se sont produits \u00e0 la vitesse de l\u2019\u00e9clair au cours des&nbsp;18&nbsp;derniers mois, et le secteur immobilier a d\u00fb s\u2019adapter \u00e0 un nouveau contexte. L\u2019objectif \u00e9tait donc de discuter des sujets d\u2019actualit\u00e9 et de comparer les perspectives des courtiers et des agents de diverses r\u00e9gions pour mieux nous pr\u00e9parer \u00e0 une r\u00e9alit\u00e9 en constante \u00e9volution.<\/p>\n\n\n\n<h2 class=\"wp-block-heading\"><strong>Un effet domino post-pand\u00e9mique<\/strong><\/h2>\n\n\n\n<iframe loading=\"lazy\" width=\"560\" height=\"315\" src=\"https:\/\/www.youtube.com\/embed\/TlBWkTfiD04\" title=\"YouTube video player\" frameborder=\"0\" allow=\"accelerometer; autoplay; clipboard-write; encrypted-media; gyroscope; picture-in-picture\" allowfullscreen><\/iframe>\n\n\n\n<p>L\u2019une des discussions portait sur les perturbations post-pand\u00e9miques \u00e9ventuelles sur l\u2019environnement de bureau. Nous en sommes rapidement venus \u00e0 la conclusion que les effets se faisaient ressentir non seulement sur le march\u00e9 des espaces commerciaux, mais aussi sur la r\u00e9tention des nouveaux membres de l\u2019ACI, qui doivent suivre une courbe d\u2019apprentissage particuli\u00e8rement abrupte. La discussion s\u2019est ensuite tourn\u00e9e vers les perspectives pour l\u2019investissement, la location et la promotion immobili\u00e8re.&nbsp;<a href=\"https:\/\/www.youtube.com\/watch?v=TlBWkTfiD04\" target=\"_blank\" rel=\"noreferrer noopener\">\u00c9coutez la discussion sur cet effet domino<\/a>.<\/p>\n\n\n\n<h2 class=\"wp-block-heading\"><strong>FAQ sur les nouvelles exigences de CANAFE<\/strong><\/h2>\n\n\n\n<figure><iframe loading=\"lazy\" width=\"500\" height=\"281\" src=\"https:\/\/www.youtube.com\/embed\/5lO3Wa8ebXQ?feature=oembed&amp;enablejsapi=1&amp;origin=https%3A%2F%2Fnews2me.crea.ca\" allowfullscreen=\"\"><\/iframe><\/figure>\n\n\n\n<p>Simon&nbsp;Parham, avocat-conseil et chef de la protection des renseignements personnels de l\u2019ACI, s\u2019est attaqu\u00e9 \u00e0 un autre sujet important&nbsp;: les changements au r\u00e9gime de CANAFE entr\u00e9s en vigueur le&nbsp;1<sup>er<\/sup>&nbsp;juin&nbsp;2021. Il a r\u00e9pondu \u00e0 des questions fr\u00e9quemment pos\u00e9es et relev\u00e9 les points importants que les membres de l\u2019ACI doivent retenir.&nbsp;<a href=\"https:\/\/www.youtube.com\/watch?v=5lO3Wa8ebXQ\" target=\"_blank\" rel=\"noreferrer noopener\">Visionnez sa pr\u00e9sentation<\/a>&nbsp;et d\u00e9couvrez o\u00f9 vous pouvez trouver r\u00e9ponse si vous avez d\u2019autres questions.<\/p>\n\n\n\n<h2 class=\"wp-block-heading\"><strong>Une nouvelle g\u00e9n\u00e9ration d\u2019acheteurs<\/strong><\/h2>\n\n\n\n<iframe loading=\"lazy\" width=\"560\" height=\"315\" src=\"https:\/\/www.youtube.com\/embed\/QTzzkEmUSpg\" title=\"YouTube video player\" frameborder=\"0\" allow=\"accelerometer; autoplay; clipboard-write; encrypted-media; gyroscope; picture-in-picture\" allowfullscreen><\/iframe>\n\n\n\n<p>L\u2019arriv\u00e9e d\u2019une nouvelle g\u00e9n\u00e9ration d\u2019acheteurs est un autre sujet de l\u2019heure. Comment se comportent-ils sur le march\u00e9? Que font les membres de l\u2019ACI pour se d\u00e9marquer? Comment ces deux parties se c\u00f4toient-elles? Les courtiers et agents se demandent aussi comment entretenir ces relations, et s\u2019ils doivent adapter leurs m\u00e9thodes de communication et leurs activit\u00e9s de marketing. Pour avoir r\u00e9ponse \u00e0 ces questions,&nbsp;<a href=\"https:\/\/www.youtube.com\/watch?v=QTzzkEmUSpg\" target=\"_blank\" rel=\"noreferrer noopener\">\u00e9coutez nos pan\u00e9listes expliquer ce qu\u2019ils ont fait pour s\u2019adapter<\/a>.<\/p>\n","protected":false},"excerpt":{"rendered":"<p>Le mois dernier, des courtiers et agents immobiliers de partout au Canada ont particip\u00e9 \u00e0 une demi-journ\u00e9e de discussions et d\u2019apprentissages dans le cadre du Sommet des dirigeants d\u2019agence de l\u2019ACI du printemps, sous le th\u00e8me \u00ab&nbsp;L\u2019avenir des agences immobili\u00e8res&nbsp;\u00bb. Des courtiers et agents qui ont su continuer d\u2019apprendre et de s\u2019adapter aux changements constants &hellip; <a href=\"https:\/\/archive.cafe.crea.ca\/fr\/sommet-des-dirigeants-dagence-du-printemps-lavenir-des-agences-immobilieres\/\" class=\"more-link\">Continue reading <span class=\"screen-reader-text\">Sommet des dirigeants d\u2019agence du printemps : L\u2019avenir des agences immobili\u00e8res<\/span><\/a><\/p>\n","protected":false},"author":166,"featured_media":39045,"comment_status":"open","ping_status":"open","sticky":false,"template":"","format":"standard","meta":{"footnotes":""},"categories":[2366],"tags":[],"coauthors":[2432],"class_list":["post-39049","post","type-post","status-publish","format-standard","has-post-thumbnail","hentry","category-nouvelles-de-laci"],"aioseo_notices":[],"_links":{"self":[{"href":"https:\/\/archive.cafe.crea.ca\/fr\/wp-json\/wp\/v2\/posts\/39049"}],"collection":[{"href":"https:\/\/archive.cafe.crea.ca\/fr\/wp-json\/wp\/v2\/posts"}],"about":[{"href":"https:\/\/archive.cafe.crea.ca\/fr\/wp-json\/wp\/v2\/types\/post"}],"author":[{"embeddable":true,"href":"https:\/\/archive.cafe.crea.ca\/fr\/wp-json\/wp\/v2\/users\/166"}],"replies":[{"embeddable":true,"href":"https:\/\/archive.cafe.crea.ca\/fr\/wp-json\/wp\/v2\/comments?post=39049"}],"version-history":[{"count":1,"href":"https:\/\/archive.cafe.crea.ca\/fr\/wp-json\/wp\/v2\/posts\/39049\/revisions"}],"predecessor-version":[{"id":39050,"href":"https:\/\/archive.cafe.crea.ca\/fr\/wp-json\/wp\/v2\/posts\/39049\/revisions\/39050"}],"wp:featuredmedia":[{"embeddable":true,"href":"https:\/\/archive.cafe.crea.ca\/fr\/wp-json\/wp\/v2\/media\/39045"}],"wp:attachment":[{"href":"https:\/\/archive.cafe.crea.ca\/fr\/wp-json\/wp\/v2\/media?parent=39049"}],"wp:term":[{"taxonomy":"category","embeddable":true,"href":"https:\/\/archive.cafe.crea.ca\/fr\/wp-json\/wp\/v2\/categories?post=39049"},{"taxonomy":"post_tag","embeddable":true,"href":"https:\/\/archive.cafe.crea.ca\/fr\/wp-json\/wp\/v2\/tags?post=39049"},{"taxonomy":"author","embeddable":true,"href":"https:\/\/archive.cafe.crea.ca\/fr\/wp-json\/wp\/v2\/coauthors?post=39049"}],"curies":[{"name":"wp","href":"https:\/\/api.w.org\/{rel}","templated":true}]}}