{"id":39005,"date":"2021-08-26T10:17:43","date_gmt":"2021-08-26T14:17:43","guid":{"rendered":"https:\/\/archive.cafe.crea.ca\/?p=39005"},"modified":"2021-08-26T10:17:46","modified_gmt":"2021-08-26T14:17:46","slug":"elections-federales-de-2021-de-vraies-idees-pour-accroitre-loffre-sur-le-marche-de-lhabitation","status":"publish","type":"post","link":"https:\/\/archive.cafe.crea.ca\/fr\/elections-federales-de-2021-de-vraies-idees-pour-accroitre-loffre-sur-le-marche-de-lhabitation\/","title":{"rendered":"\u00c9lections f\u00e9d\u00e9rales de 2021 : de VRAIES id\u00e9es pour accro\u00eetre l\u2019offre sur le march\u00e9 de l\u2019habitation"},"content":{"rendered":"\n<p>En cette p\u00e9riode\n\u00e9lectorale, on s\u2019attend \u00e0 ce que la p\u00e9nurie de l\u2019offre soit un enjeu important pour\ntous les partis politiques.<\/p>\n\n\n\n<p>Des march\u00e9s de plus en\nplus concurrentiels continuent de rendre l\u2019accession \u00e0 la propri\u00e9t\u00e9 hors de\nport\u00e9e pour plusieurs Canadiens; pourtant, \u00eatre propri\u00e9taire procure des\navantages financiers et non financiers. Ces avantages, dont b\u00e9n\u00e9ficient tant\nles propri\u00e9taires que la soci\u00e9t\u00e9 en g\u00e9n\u00e9ral, s\u2019\u00e9tendent \u00e0 tous les niveaux de\nrevenu, \u00e0 tous les \u00e2ges et \u00e0 toutes les r\u00e9gions.<\/p>\n\n\n\n<h2 class=\"wp-block-heading\"><strong>Pour en savoir plus\nsur les avantages de la propri\u00e9t\u00e9&nbsp;:<\/strong><\/h2>\n\n\n\n<ul class=\"wp-block-list\"><li><a rel=\"noreferrer noopener\" href=\"https:\/\/archive.cafe.crea.ca\/fr\/sante-et-bonheur-les-avantages-societaux-de-la-propriete\/\" target=\"_blank\">Sant\u00e9 et bonheur : les avantages soci\u00e9taux de la propri\u00e9t\u00e9<\/a><\/li><li><a rel=\"noreferrer noopener\" href=\"https:\/\/archive.cafe.crea.ca\/fr\/la-valeur-dune-propriete-ne-se-limite-pas-a-quatre-murs-et-un-toit\/\" target=\"_blank\">La valeur d\u2019une propri\u00e9t\u00e9 ne se limite pas \u00e0 quatre murs et un toit<\/a><\/li><li><a rel=\"noreferrer noopener\" href=\"https:\/\/archive.cafe.crea.ca\/fr\/comment-laccession-a-la-propriete-peut-elle-reduire-les-inegalites\/\" target=\"_blank\">Comment l\u2019accession \u00e0 la propri\u00e9t\u00e9 peut-elle r\u00e9duire les in\u00e9galit\u00e9s?<\/a><\/li><\/ul>\n\n\n\n<p>Lorsque des candidats\nse pr\u00e9senteront \u00e0 votre porte afin d\u2019obtenir votre soutien, c\u2019est \u00e0 vous, les\ncourtiers et agents immobiliers, de leur faire comprendre l\u2019importance de\nd\u00e9fendre des politiques qui r\u00e9pondent aux besoins des propri\u00e9taires et de ceux\nqui souhaitent r\u00e9aliser ce r\u00eave. Cette conversation initiale constitue la\npremi\u00e8re \u00e9tape pour influencer les d\u00e9cisions du gouvernement qui seront prises\nune fois que les votes auront \u00e9t\u00e9 recens\u00e9s et que les si\u00e8ges de la Chambre des\ncommunes auront \u00e9t\u00e9 attribu\u00e9s. C\u2019est l\u00e0 que les bases sont jet\u00e9es pour influer\nsur les d\u00e9cisions qui auront un impact sur vos clients et votre entreprise au\ncours des quatre&nbsp;prochaines ann\u00e9es.<\/p>\n\n\n\n<p>L\u2019ACI doit profiter de\ncette occasion pour d\u00e9montrer la passion, le professionnalisme et les capacit\u00e9s\norganisationnelles de ses membres, quelle que soit leur all\u00e9geance politique\npersonnelle. Avec plus de&nbsp;140&nbsp;000&nbsp;membres, nous formons l\u2019une\ndes plus grandes associations commerciales du Canada et sommes une voix\npuissante pour faire conna\u00eetre les priorit\u00e9s du secteur de l\u2019immobilier!<\/p>\n\n\n\n<p>Vous pouvez vous\nengager \u00e0 d\u00e9fendre les int\u00e9r\u00eats de vos clients de nombreuses fa\u00e7ons dans le\ncadre de cette \u00e9lection. Chaque petit geste peut avoir un impact et contribuer\n\u00e0 recentrer le discours politique sur nos enjeux. Voici des fa\u00e7ons dont les\nmembres de l\u2019ACI peuvent y contribuer&nbsp;:<\/p>\n\n\n\n<ul class=\"wp-block-list\"><li>Visitez <a rel=\"noreferrer noopener\" aria-label=\" (opens in a new tab)\" href=\"https:\/\/devraiesidees.ca\/\" target=\"_blank\">deVRAIESidees.ca<\/a> afin d\u2019en savoir plus sur nos recommandations et sur les engagements \u00e9lectoraux des partis.<\/li><li>Allez sur les m\u00e9dias sociaux et faites passer le mot au sujet de l\u2019offre et de l\u2019abordabilit\u00e9 du logement au moyen des images t\u00e9l\u00e9chargeables disponibles sur deVRAIESidees.ca.<\/li><\/ul>\n\n\n\n<figure class=\"wp-block-image\"><img loading=\"lazy\" decoding=\"async\" width=\"1080\" height=\"1080\" src=\"https:\/\/archive.cafe.crea.ca\/wp-content\/uploads\/2021\/08\/SPARK-CREA-SOCIAL-OOREACH-BI9_FR-SQ-6.jpg\" alt=\"Hors de portee\" class=\"wp-image-39006\" srcset=\"https:\/\/archive.cafe.crea.ca\/wp-content\/uploads\/2021\/08\/SPARK-CREA-SOCIAL-OOREACH-BI9_FR-SQ-6.jpg 1080w, https:\/\/archive.cafe.crea.ca\/wp-content\/uploads\/2021\/08\/SPARK-CREA-SOCIAL-OOREACH-BI9_FR-SQ-6-768x768.jpg 768w, https:\/\/archive.cafe.crea.ca\/wp-content\/uploads\/2021\/08\/SPARK-CREA-SOCIAL-OOREACH-BI9_FR-SQ-6-571x571.jpg 571w\" sizes=\"(max-width: 1080px) 100vw, 1080px\" \/><\/figure>\n\n\n\n<ul class=\"wp-block-list\"><li>Lorsqu\u2019un candidat se pr\u00e9sente chez vous, saisissez cette occasion et abordez nos enjeux. Vous pouvez aussi le faire lors d\u2019un \u00e9v\u00e9nement communautaire virtuel ou en personne. Si vous connaissez un des candidats, assurez-vous de discuter avec lui de nos enjeux et de lui communiquer les recommandations des courtiers et agents.<\/li><li>Participez \u00e0 des \u00e9v\u00e9nements o\u00f9 tous les candidats sont pr\u00e9sents. Une forte pr\u00e9sence permettra aux futurs parlementaires de comprendre la vaste port\u00e9e du r\u00e9seau immobilier.<\/li><\/ul>\n\n\n\n<h2 class=\"wp-block-heading\"> Recommandations <\/h2>\n\n\n\n<p class=\"has-background has-very-light-gray-background-color\"><strong>Recommandation 1 <\/strong>: Accro\u00eetre l\u2019offre de nouveaux logements dans tout l\u2019\u00e9ventail du logement par l\u2019ajout de clauses sur le logement dans les ententes bilat\u00e9rales sur l\u2019infrastructure conclues entre Infrastructure Canada et ses partenaires provinciaux et territoriaux. Pr\u00e9voir notamment des mesures incitatives et le renforcement des capacit\u00e9s des administrations locales, ainsi que le r\u00e9am\u00e9nagement des actifs actuels.<\/p>\n\n\n\n<p class=\"has-background has-very-light-gray-background-color\"> <strong>Recommandation 2<\/strong> : Redresser la situation du logement au Canada en faisant de ce dossier une priorit\u00e9 nationale. Le gouvernement f\u00e9d\u00e9ral devrait mettre sur pied une Table ronde nationale permanente sur le logement r\u00e9unissant les administrations f\u00e9d\u00e9rales, provinciales et municipales, ainsi que les constructeurs, les professionnels de l\u2019immobilier et les organisations de la soci\u00e9t\u00e9 civile \u2013 l\u2019objectif \u00e9tant de mieux comprendre l\u2019ampleur de l\u2019enjeu qu\u2019est l\u2019offre de logements, de consigner les multiples obstacles \u00e0 l\u2019augmentation de l\u2019offre et de trouver des solutions \u00e0 ces obstacles. <\/p>\n\n\n\n<p class=\"has-background has-very-light-gray-background-color\"><strong>Recommandation 3 :<\/strong> Rendre les propri\u00e9t\u00e9s plus abordables pour la population canadienne en offrant aux acc\u00e9dants \u00e0 la propri\u00e9t\u00e9 plus d\u2019incitatifs et une capacit\u00e9 accrue d\u2019emprunt pour en financer l\u2019achat. Il s\u2019agirait notamment d\u2019am\u00e9liorer le R\u00e9gime d\u2019accession \u00e0 la propri\u00e9t\u00e9 en augmentant la limite de retrait non imposable des REER et de favoriser la r\u00e9duction de la dette en ramenant l\u2019amortissement sur 30 ans. <\/p>\n\n\n\n<p>Bien que tous les partis reconnaissent volontiers la <a href=\"https:\/\/archive.cafe.crea.ca\/fr\/la-valeur-dune-propriete-ne-se-limite-pas-a-quatre-murs-et-un-toit\/\" target=\"_blank\" rel=\"noreferrer noopener\" aria-label=\" (opens in a new tab)\">valeur de l\u2019accession \u00e0 la propri\u00e9t\u00e9<\/a>, les prochaines \u00e9lections repr\u00e9sentent l\u2019occasion de faire passer ce message aupr\u00e8s des candidats qui formeront le prochain gouvernement du Canada.<\/p>\n\n\n\n<div class=\"wp-block-button\"><a class=\"wp-block-button__link\" href=\"https:\/\/www.crea.ca\/fr\/advocacy\/protectinghomeownership\/homeownershipdividend\/\">Plus de d\u00e9tails sur le dividende de la propri\u00e9t\u00e9 pour les Canadien <\/a><\/div>\n\n\n\n<p><\/p>\n\n\n\n<p>Veuillez noter que la collecte de fonds par les partis politiques est soumise \u00e0 une r\u00e9glementation stricte, qui limite consid\u00e9rablement les contributions politiques des particuliers et interdit celles des entreprises et des associations. Consultez la section Financement d\u2019un parti politique de notre <a href=\"https:\/\/www.realtorlink.ca\/content\/dam\/realtorlink\/crea\/Francais\/Relations_gouvernmentales_et_publiques\/Defense_des_interets_aupres_du_gouvernement_federal\/trousse-%C3%A9lectorale\/Election%20Toolkit%202021-FR.pdf\" target=\"_blank\" rel=\"noreferrer noopener\" aria-label=\" (opens in a new tab)\">Trousse \u00e9lectorale de 2021<\/a>.<\/p>\n\n\n\n<p>La prudence est de mise pour les particuliers et les organisations qui souhaitent faire la promotion d\u2019une \u00e9lection ou organiser une activit\u00e9 partisane pendant la p\u00e9riode vis\u00e9e par la r\u00e9glementation, c\u2019est-\u00e0-dire du 15\u00a0ao\u00fbt\u00a02021 au 15\u00a0septembre\u00a02021. Consultez la section R\u00e8gles r\u00e9gissant la publicit\u00e9 faite par les tiers de notre <a href=\"https:\/\/www.realtorlink.ca\/content\/dam\/realtorlink\/crea\/Francais\/Relations_gouvernmentales_et_publiques\/Defense_des_interets_aupres_du_gouvernement_federal\/trousse-%C3%A9lectorale\/Election%20Toolkit%202021-FR.pdf\" target=\"_blank\" rel=\"noreferrer noopener\" aria-label=\" (opens in a new tab)\">Trousse \u00e9lectorale de 2021<\/a>.<\/p>\n\n\n\n<p>Du personnel de l\u2019ACI sera \u00e0 votre disposition tout au long de la campagne pour vous aider \u00e0 organiser des \u00e9v\u00e9nements et vous appuyer dans vos relations avec les m\u00e9dias. Communiquez avec Dil Puar, directeur des Relations gouvernementales de l\u2019ACI, \u00e0 <a href=\"mailto:dpuar@crea.ca\" target=\"_blank\" rel=\"noreferrer noopener\" aria-label=\" (opens in a new tab)\">dpuar@crea.ca<\/a>, ou au 613-237-7111.<\/p>\n","protected":false},"excerpt":{"rendered":"<p>En cette p\u00e9riode \u00e9lectorale, on s\u2019attend \u00e0 ce que la p\u00e9nurie de l\u2019offre soit un enjeu important pour tous les partis politiques. Des march\u00e9s de plus en plus concurrentiels continuent de rendre l\u2019accession \u00e0 la propri\u00e9t\u00e9 hors de port\u00e9e pour plusieurs Canadiens; pourtant, \u00eatre propri\u00e9taire procure des avantages financiers et non financiers. Ces avantages, dont &hellip; <a href=\"https:\/\/archive.cafe.crea.ca\/fr\/elections-federales-de-2021-de-vraies-idees-pour-accroitre-loffre-sur-le-marche-de-lhabitation\/\" class=\"more-link\">Continue reading <span class=\"screen-reader-text\">\u00c9lections f\u00e9d\u00e9rales de 2021 : de VRAIES id\u00e9es pour accro\u00eetre l\u2019offre sur le march\u00e9 de l\u2019habitation<\/span><\/a><\/p>\n","protected":false},"author":175,"featured_media":38999,"comment_status":"open","ping_status":"open","sticky":false,"template":"","format":"standard","meta":{"footnotes":""},"categories":[2369],"tags":[2378,2380],"coauthors":[2441],"class_list":["post-39005","post","type-post","status-publish","format-standard","has-post-thumbnail","hentry","category-defense-des-interets","tag-featured","tag-featured-fr-2"],"aioseo_notices":[],"_links":{"self":[{"href":"https:\/\/archive.cafe.crea.ca\/fr\/wp-json\/wp\/v2\/posts\/39005"}],"collection":[{"href":"https:\/\/archive.cafe.crea.ca\/fr\/wp-json\/wp\/v2\/posts"}],"about":[{"href":"https:\/\/archive.cafe.crea.ca\/fr\/wp-json\/wp\/v2\/types\/post"}],"author":[{"embeddable":true,"href":"https:\/\/archive.cafe.crea.ca\/fr\/wp-json\/wp\/v2\/users\/175"}],"replies":[{"embeddable":true,"href":"https:\/\/archive.cafe.crea.ca\/fr\/wp-json\/wp\/v2\/comments?post=39005"}],"version-history":[{"count":1,"href":"https:\/\/archive.cafe.crea.ca\/fr\/wp-json\/wp\/v2\/posts\/39005\/revisions"}],"predecessor-version":[{"id":39008,"href":"https:\/\/archive.cafe.crea.ca\/fr\/wp-json\/wp\/v2\/posts\/39005\/revisions\/39008"}],"wp:featuredmedia":[{"embeddable":true,"href":"https:\/\/archive.cafe.crea.ca\/fr\/wp-json\/wp\/v2\/media\/38999"}],"wp:attachment":[{"href":"https:\/\/archive.cafe.crea.ca\/fr\/wp-json\/wp\/v2\/media?parent=39005"}],"wp:term":[{"taxonomy":"category","embeddable":true,"href":"https:\/\/archive.cafe.crea.ca\/fr\/wp-json\/wp\/v2\/categories?post=39005"},{"taxonomy":"post_tag","embeddable":true,"href":"https:\/\/archive.cafe.crea.ca\/fr\/wp-json\/wp\/v2\/tags?post=39005"},{"taxonomy":"author","embeddable":true,"href":"https:\/\/archive.cafe.crea.ca\/fr\/wp-json\/wp\/v2\/coauthors?post=39005"}],"curies":[{"name":"wp","href":"https:\/\/api.w.org\/{rel}","templated":true}]}}