{"id":38945,"date":"2021-08-19T10:09:19","date_gmt":"2021-08-19T14:09:19","guid":{"rendered":"https:\/\/archive.cafe.crea.ca\/?p=38945"},"modified":"2021-08-19T10:09:21","modified_gmt":"2021-08-19T14:09:21","slug":"nos-gains-au-cours-de-la-43e-legislature","status":"publish","type":"post","link":"https:\/\/archive.cafe.crea.ca\/fr\/nos-gains-au-cours-de-la-43e-legislature\/","title":{"rendered":"Nos gains au cours de la 43e l\u00e9gislature"},"content":{"rendered":"\n<p>\u00c0 l\u2019approche de la fin de la 43<sup>e<\/sup>&nbsp;l\u00e9gislature f\u00e9d\u00e9rale et des prochaines \u00e9lections, nous revenons sur les victoires obtenues pour les courtiers et les agents immobiliers pendant la session parlementaire du printemps. Malgr\u00e9 les d\u00e9fis caus\u00e9s par la pand\u00e9mie, l\u2019\u00e9quipe des Relations gouvernementales et les membres de l\u2019ACI ont travaill\u00e9 avec les \u00e9lus pour s\u2019assurer que l\u2019accession \u00e0 la propri\u00e9t\u00e9 demeure une priorit\u00e9. Les gains r\u00e9alis\u00e9s t\u00e9moignent de l\u2019efficacit\u00e9 de nos d\u00e9marches de lobbying et de ce qu\u2019on peut accomplir lorsqu\u2019on milite pour les int\u00e9r\u00eats de nos membres et de nos clients.<\/p>\n\n\n\n<p>\u00c0 l\u2019approche de la fin de la 43<sup>e<\/sup>&nbsp;l\u00e9gislature f\u00e9d\u00e9rale et des prochaines \u00e9lections, nous revenons sur les victoires obtenues pour les courtiers et les agents immobiliers pendant la session parlementaire du printemps. Malgr\u00e9 les d\u00e9fis caus\u00e9s par la pand\u00e9mie, l\u2019\u00e9quipe des Relations gouvernementales et les membres de l\u2019ACI ont travaill\u00e9 avec les \u00e9lus pour s\u2019assurer que l\u2019accession \u00e0 la propri\u00e9t\u00e9 demeure une priorit\u00e9. Les gains r\u00e9alis\u00e9s t\u00e9moignent de l\u2019efficacit\u00e9 de nos d\u00e9marches de lobbying et de ce qu\u2019on peut accomplir lorsqu\u2019on milite pour les int\u00e9r\u00eats de nos membres et de nos clients.<\/p>\n\n\n\n<h2 class=\"wp-block-heading\"><strong>Initiative pour des maisons plus vertes<\/strong><\/h2>\n\n\n\n<p>R\u00e9troactivement au 1<sup>er<\/sup>&nbsp;d\u00e9cembre&nbsp;2020, le gouvernement f\u00e9d\u00e9ral fournira jusqu\u2019\u00e0 700&nbsp;000&nbsp;subventions pouvant atteindre 5&nbsp;000&nbsp;$ pour&nbsp;<a href=\"https:\/\/www.rncan.gc.ca\/efficacite-energetique\/efficacite-energetique-maisons\/subvention-canadienne-pour-des-maisons-plus-vertes\/23445?_ga=2.157361907.894073365.1627476495-645430498.1627476495\" target=\"_blank\" rel=\"noreferrer noopener\">aider les propri\u00e9taires \u00e0 effectuer des am\u00e9liorations \u00e9co\u00e9nerg\u00e9tiques<\/a>, et jusqu\u2019\u00e0 un million d\u2019\u00e9valuations \u00e9nerg\u00e9tiques \u00c9nerGuide gratuites. Nos membres ont directement contribu\u00e9 \u00e0 cette initiative qui aide la population canadienne \u00e0 am\u00e9liorer l\u2019efficacit\u00e9 \u00e9nerg\u00e9tique de leur propri\u00e9t\u00e9 et \u00e0 lutter contre les changements climatiques.<\/p>\n\n\n\n<p>Le Budget&nbsp;2021 d\u00e9pos\u00e9 le 19&nbsp;avril propose un financement de 4,4&nbsp;milliards de dollars pour aider les propri\u00e9taires \u00e0 faire des r\u00e9novations majeures au moyen de pr\u00eats sans int\u00e9r\u00eat pouvant atteindre 40&nbsp;000&nbsp;$.<\/p>\n\n\n\n<h2 class=\"wp-block-heading\"><strong>L\u2019Incitatif \u00e0 l\u2019achat d\u2019une premi\u00e8re propri\u00e9t\u00e9 de la SCHL<\/strong><\/h2>\n\n\n\n<p>Le 3&nbsp;mai, l\u2019<a href=\"https:\/\/www.cmhc-schl.gc.ca\/fr\/consumers\/home-buying\/first-time-home-buyer-incentive\" target=\"_blank\" rel=\"noreferrer noopener\">Incitatif \u00e0 l\u2019achat d\u2019une premi\u00e8re propri\u00e9t\u00e9<\/a>&nbsp;(IAPP) a \u00e9t\u00e9 bonifi\u00e9 pour les r\u00e9gions de Toronto, Vancouver et Victoria. Dans ces trois r\u00e9gions, le seuil de revenu de l\u2019acheteur admissible passe de 120&nbsp;000&nbsp;$ \u00e0 150&nbsp;000&nbsp;$, et sa capacit\u00e9 \u00e0 acheter une propri\u00e9t\u00e9 de 4 \u00e0 4,5&nbsp;fois son revenu familial. L\u2019<a href=\"https:\/\/www.chezsoidabord.ca\/fthbi\/first-time-homebuyer-incentive\">IAPP<\/a>&nbsp;facilite donc l\u2019accession \u00e0 la propri\u00e9t\u00e9 en renfor\u00e7ant le pouvoir d\u2019achat.<\/p>\n\n\n\n<h2 class=\"wp-block-heading\"><strong>Table ronde sur l\u2019abordabilit\u00e9 du logement<\/strong><\/h2>\n\n\n\n<p>Le 15&nbsp;juin, Michael Bourque, chef de la direction de l\u2019ACI, et des acteurs du logement et de l\u2019immobilier se sont entretenus avec la vice-premi\u00e8re ministre et ministre des Finances, M<sup>me<\/sup>&nbsp;Chrystia Freeland, et le ministre de la Famille, des Enfants et du D\u00e9veloppement social, M.&nbsp;Ahmed&nbsp;Hussen, lors d\u2019une table ronde. La discussion portait sur la n\u00e9cessit\u00e9 de repenser les politiques de logement, d\u2019augmenter l\u2019offre et de r\u00e9soudre les probl\u00e8mes d\u2019abordabilit\u00e9 pour les populations vuln\u00e9rables et la classe moyenne.<\/p>\n\n\n\n<p>Les ministres ont profit\u00e9 de l\u2019occasion pour r\u00e9affirmer l\u2019engagement d\u2019Ottawa \u00e0 offrir des logements abordables et \u00e0 favoriser la collaboration des diff\u00e9rents ordres du gouvernement pour r\u00e9duire le d\u00e9s\u00e9quilibre grandissant entre l\u2019offre et la demande et r\u00e9gler les probl\u00e8mes d\u2019abordabilit\u00e9. Ce genre d\u2019efforts de d\u00e9fense des int\u00e9r\u00eats au nom des courtiers et agents immobiliers et de leurs clients reste une priorit\u00e9 absolue pour l\u2019ACI.<\/p>\n\n\n\n<h2 class=\"wp-block-heading\"><strong>CANAFE<\/strong><\/h2>\n\n\n\n<p>Dans le cadre du budget&nbsp;2021, le gouvernement f\u00e9d\u00e9ral a affect\u00e9 2,1&nbsp;millions de dollars sur deux ans \u00e0 la cr\u00e9ation d\u2019un registre public de la propri\u00e9t\u00e9 effective des entreprises d\u2019ici 2025. Cette initiative aidera les courtiers et agents immobiliers \u00e0 lutter contre le blanchiment d\u2019argent dans le secteur immobilier.<\/p>\n\n\n\n<p>Les nouvelles exigences relatives au r\u00e9gime de CANAFE sont entr\u00e9es en vigueur le 1<sup>er<\/sup>&nbsp;juin. Pour faciliter la vie de ses membres, l\u2019ACI a travaill\u00e9 de pr\u00e8s avec des cadres de CANAFE afin d\u2019obtenir une p\u00e9riode de gr\u00e2ce et d\u2019accorder plus de temps aux membres pour qu\u2019ils se familiarisent avec les&nbsp;<a href=\"https:\/\/www.realtorlink.ca\/content\/realtorlink\/crea\/fr_CA\/resources---compliance\/legal-compliance---national-standards\/compliance-resources\/money-laundering.html\" target=\"_blank\" rel=\"noreferrer noopener\">diverses ressources<\/a>&nbsp;cr\u00e9\u00e9es pour les aider \u00e0 se conformer aux nouvelles exigences.<\/p>\n\n\n\n<h2 class=\"wp-block-heading\"><strong>La SCHL fait marche arri\u00e8re<\/strong><\/h2>\n\n\n\n<p>Le 5&nbsp;juillet, la SCHL est retourn\u00e9e \u00e0 ses pratiques de souscription de l\u2019assurance hypoth\u00e9caire ant\u00e9rieures \u00e0 juillet&nbsp;2020, annulant les changements temporaires apport\u00e9s en r\u00e9ponse \u00e0 l\u2019incertitude \u00e9conomique caus\u00e9e par la pand\u00e9mie. Le chef de la direction de l\u2019ACI Michael&nbsp;Bourque s\u2019est entretenu avec Romy Bowers, nouvelle pr\u00e9sidente et premi\u00e8re dirigeante de la SCHL, et tous deux se sont engag\u00e9s \u00e0 entretenir un dialogue ouvert au sujet des probl\u00e8mes d\u2019abordabilit\u00e9 du logement.<\/p>\n\n\n\n<h2 class=\"wp-block-heading\">#deVRAIESid\u00e9es<\/h2>\n\n\n\n<p>Les prix records des propri\u00e9t\u00e9s au Canada rendent bien difficile l\u2019acc\u00e8s \u00e0 la propri\u00e9t\u00e9 pour les familles de la classe moyenne, les membres de la g\u00e9n\u00e9ration Y et les N\u00e9o-Canadiens. <\/p>\n\n\n\n<p>L\u2019ACI, la voix des courtiers et agents aupr\u00e8s du f\u00e9d\u00e9ral, plaide au nom de la population que ce dossier soit pris en main par les \u00e9lus afin d\u2019accro\u00eetre l\u2019offre et l\u2019abordabilit\u00e9 pour que plus de Canadiens puissent avoir un chez-soi bien \u00e0 eux. \u00c0 l\u2019approche des \u00e9lections, il est temps d\u2019agir. Cette question est importante et, ensemble, nous pouvons nous y attaquer.  <br>Lisez nos recommandations :   <a rel=\"noreferrer noopener\" href=\"https:\/\/devraiesidees.ca\/fr\/index.html\" target=\"_blank\">deVRAIESidees.ca.\ufeff<\/a> <\/p>\n\n\n\n<p><\/p>\n","protected":false},"excerpt":{"rendered":"<p>\u00c0 l\u2019approche de la fin de la 43e&nbsp;l\u00e9gislature f\u00e9d\u00e9rale et des prochaines \u00e9lections, nous revenons sur les victoires obtenues pour les courtiers et les agents immobiliers pendant la session parlementaire du printemps. Malgr\u00e9 les d\u00e9fis caus\u00e9s par la pand\u00e9mie, l\u2019\u00e9quipe des Relations gouvernementales et les membres de l\u2019ACI ont travaill\u00e9 avec les \u00e9lus pour s\u2019assurer &hellip; <a href=\"https:\/\/archive.cafe.crea.ca\/fr\/nos-gains-au-cours-de-la-43e-legislature\/\" class=\"more-link\">Continue reading <span class=\"screen-reader-text\">Nos gains au cours de la 43e l\u00e9gislature<\/span><\/a><\/p>\n","protected":false},"author":174,"featured_media":38941,"comment_status":"open","ping_status":"open","sticky":false,"template":"","format":"standard","meta":{"footnotes":""},"categories":[2369],"tags":[],"coauthors":[2440],"class_list":["post-38945","post","type-post","status-publish","format-standard","has-post-thumbnail","hentry","category-defense-des-interets"],"aioseo_notices":[],"_links":{"self":[{"href":"https:\/\/archive.cafe.crea.ca\/fr\/wp-json\/wp\/v2\/posts\/38945"}],"collection":[{"href":"https:\/\/archive.cafe.crea.ca\/fr\/wp-json\/wp\/v2\/posts"}],"about":[{"href":"https:\/\/archive.cafe.crea.ca\/fr\/wp-json\/wp\/v2\/types\/post"}],"author":[{"embeddable":true,"href":"https:\/\/archive.cafe.crea.ca\/fr\/wp-json\/wp\/v2\/users\/174"}],"replies":[{"embeddable":true,"href":"https:\/\/archive.cafe.crea.ca\/fr\/wp-json\/wp\/v2\/comments?post=38945"}],"version-history":[{"count":2,"href":"https:\/\/archive.cafe.crea.ca\/fr\/wp-json\/wp\/v2\/posts\/38945\/revisions"}],"predecessor-version":[{"id":38948,"href":"https:\/\/archive.cafe.crea.ca\/fr\/wp-json\/wp\/v2\/posts\/38945\/revisions\/38948"}],"wp:featuredmedia":[{"embeddable":true,"href":"https:\/\/archive.cafe.crea.ca\/fr\/wp-json\/wp\/v2\/media\/38941"}],"wp:attachment":[{"href":"https:\/\/archive.cafe.crea.ca\/fr\/wp-json\/wp\/v2\/media?parent=38945"}],"wp:term":[{"taxonomy":"category","embeddable":true,"href":"https:\/\/archive.cafe.crea.ca\/fr\/wp-json\/wp\/v2\/categories?post=38945"},{"taxonomy":"post_tag","embeddable":true,"href":"https:\/\/archive.cafe.crea.ca\/fr\/wp-json\/wp\/v2\/tags?post=38945"},{"taxonomy":"author","embeddable":true,"href":"https:\/\/archive.cafe.crea.ca\/fr\/wp-json\/wp\/v2\/coauthors?post=38945"}],"curies":[{"name":"wp","href":"https:\/\/api.w.org\/{rel}","templated":true}]}}