{"id":38620,"date":"2021-07-21T08:49:46","date_gmt":"2021-07-21T12:49:46","guid":{"rendered":"https:\/\/archive.cafe.crea.ca\/?p=38620"},"modified":"2021-07-21T08:49:48","modified_gmt":"2021-07-21T12:49:48","slug":"la-banque-du-canada-maintient-son-taux-directeur-et-abaisse-ses-previsions-de-croissance","status":"publish","type":"post","link":"https:\/\/archive.cafe.crea.ca\/fr\/la-banque-du-canada-maintient-son-taux-directeur-et-abaisse-ses-previsions-de-croissance\/","title":{"rendered":"La Banque du Canada maintient son taux directeur et abaisse ses pr\u00e9visions de croissance"},"content":{"rendered":"\n<p>Lors de son <a href=\"https:\/\/www.banqueducanada.ca\/2021\/07\/fad-communique-2021-07-14\/?_ga=2.131157190.836442649.1626446952-1000579513.1626290172\" target=\"_blank\" rel=\"noreferrer noopener\" aria-label=\" (opens in a new tab)\">annonce pr\u00e9vue<\/a> du 14&nbsp;juillet&nbsp;2021, la Banque du Canada a fait savoir qu\u2019elle maintient le taux cible du financement \u00e0 un jour \u00e0 sa valeur plancher de 0,25&nbsp;%. Elle ajuste aussi \u00e0 la baisse son programme d\u2019assouplissement quantitatif de mani\u00e8re \u00e0 viser un rythme cible de 2&nbsp;milliards de dollars en obligations du gouvernement du Canada par semaine. Cet ajustement refl\u00e8te les progr\u00e8s qui continuent d\u2019\u00eatre r\u00e9alis\u00e9s sur la voie de la reprise, ainsi que la confiance accrue de la Banque dans la vigueur des perspectives de l\u2019\u00e9conomie canadienne.<\/p>\n\n\n\n<p>Selon la Banque du Canada, la troisi\u00e8me vague de la pand\u00e9mie a frein\u00e9 la croissance \u00e9conomique au Canada au deuxi\u00e8me trimestre. Toutefois, la diminution du nombre de cas de COVID-19, la progression de la vaccination et l\u2019assouplissement des restrictions laissent entrevoir un fort redressement durant le second semestre de 2021. La Banque s\u2019attend maintenant \u00e0 une croissance du PIB canadien d\u2019environ 6&nbsp;% en 2021, un rythme un peu plus lent que celui pr\u00e9vu dans son <em><a href=\"https:\/\/archive.cafe.crea.ca\/fr\/la-banque-du-canada-maintiendra-le-taux-directeur-jusqua-latteinte-durable-de-lobjectif-dinflation-mais-laisse-entendre-que-cela-pourrait-se-produire-plus-tot-que\/\" target=\"_blank\" rel=\"noreferrer noopener\" aria-label=\" (opens in a new tab)\">Rapport sur la politique mon\u00e9taire<\/a><\/em><a href=\"https:\/\/archive.cafe.crea.ca\/fr\/la-banque-du-canada-maintiendra-le-taux-directeur-jusqua-latteinte-durable-de-lobjectif-dinflation-mais-laisse-entendre-que-cela-pourrait-se-produire-plus-tot-que\/\" target=\"_blank\" rel=\"noreferrer noopener\" aria-label=\" (opens in a new tab)\"> d\u2019avril<\/a>, mais elle a revu \u00e0 la hausse sa projection pour 2022, qui atteint 4,5&nbsp;%, et anticipe une croissance sup\u00e9rieure \u00e0 3&nbsp;% en 2023.<\/p>\n\n\n\n<p>Elle s\u2019attend aussi \u00e0 ce que la consommation soit le moteur de la reprise de l\u2019\u00e9conomie canadienne, les m\u00e9nages se remettant \u00e0 consommer plus normalement. La Banque pr\u00e9voit cependant un l\u00e9ger recul de l\u2019activit\u00e9 sur le march\u00e9 de l\u2019habitation par rapport aux sommets historiques atteints, <a href=\"https:\/\/archive.cafe.crea.ca\/fr\/accalmie-dans-le-marche-de-lhabitation-pour-linstant\/\" target=\"_blank\" rel=\"noreferrer noopener\" aria-label=\" (opens in a new tab)\">recul qui est d\u00e9j\u00e0 bien entam\u00e9 si l\u2019on se fie aux donn\u00e9es<\/a>.<\/p>\n\n\n\n<h2 class=\"wp-block-heading\">\u00c0 quoi faut-il\ns\u2019attendre?<\/h2>\n\n\n\n<p>Le Conseil de direction juge \u00ab&nbsp;qu\u2019une marge de\ncapacit\u00e9s exc\u00e9dentaires consid\u00e9rable subsiste dans l\u2019\u00e9conomie canadienne et que\nla reprise doit continuer d\u2019\u00eatre appuy\u00e9e par des mesures de politique mon\u00e9taire\nexceptionnelles&nbsp;\u00bb. Il demeure toutefois engag\u00e9 \u00e0 \u00ab&nbsp;maintenir le taux\ndirecteur \u00e0 sa valeur plancher jusqu\u2019\u00e0 ce que ces capacit\u00e9s exc\u00e9dentaires se\nr\u00e9sorbent, de sorte que la cible d\u2019inflation de 2&nbsp;% soit atteinte de\nmani\u00e8re durable.<\/p>\n\n\n\n<p>Selon la projection de juillet de la Banque, cela se\nproduirait au cours du deuxi\u00e8me semestre de 2022. Voil\u00e0 pourquoi elle entend\ncontinuer de \u00ab&nbsp;procurer le niveau de d\u00e9tente mon\u00e9taire n\u00e9cessaire pour\nsoutenir la reprise et atteindre l\u2019objectif d\u2019inflation&nbsp;\u00bb.<\/p>\n\n\n\n<h2 class=\"wp-block-heading\">Taux\nhypoth\u00e9caires<\/h2>\n\n\n\n<p>Depuis le 1<sup>er<\/sup>&nbsp;juin&nbsp;2021, le taux admissible applicable aux pr\u00eats hypoth\u00e9caires est fix\u00e9 au plus \u00e9lev\u00e9 entre le taux hypoth\u00e9caire contractuel major\u00e9 de 2&nbsp;% et 5,25&nbsp;%, comme d\u00e9cr\u00e9t\u00e9 par le <a href=\"https:\/\/www.osfi-bsif.gc.ca\/fra\/Pages\/default.aspx\" target=\"_blank\" rel=\"noreferrer noopener\" aria-label=\" (opens in a new tab)\">Bureau du surintendant des institutions financi\u00e8res (BSIF)<\/a> et le minist\u00e8re des Finances. Tous les demandeurs de pr\u00eat hypoth\u00e9caire doivent \u00eatre admissibles \u00e0 un pr\u00eat assorti d\u2019un taux d\u2019int\u00e9r\u00eat \u00e9gal au taux de r\u00e9f\u00e9rence sur cinq&nbsp;ans, m\u00eame si la dur\u00e9e du pr\u00eat est inf\u00e9rieure \u00e0 cinq&nbsp;ans.<\/p>\n\n\n\n<p>Les grandes banques \u00e0 charte canadiennes affichent\nactuellement des pr\u00eats hypoth\u00e9caires de cinq&nbsp;ans \u00e0 un taux fixe sp\u00e9cial d\u2019environ\n2,44&nbsp;%. Les acheteurs peuvent souvent n\u00e9gocier le taux d\u2019int\u00e9r\u00eat de leur\npr\u00eat hypoth\u00e9caire en fonction de leur cote de cr\u00e9dit et du nombre d\u2019autres services\nbancaires que leur fournit le pr\u00eateur hypoth\u00e9caire.<\/p>\n\n\n\n<p>La prochaine annonce de la Banque du Canada sur le\ntaux directeur est fix\u00e9e au 8&nbsp;septembre&nbsp;2021. La nouvelle projection\npour l\u2019\u00e9conomie et l\u2019inflation ainsi qu\u2019une analyse des risques connexes seront\npubli\u00e9es dans le <em>Rapport sur la politique mon\u00e9taire<\/em> que la Banque fera\npara\u00eetre le 27&nbsp;octobre&nbsp;2021.<\/p>\n\n\n\n<p>Pour en savoir plus sur les r\u00e9percussions sur les\nmarch\u00e9s de l\u2019habitation du Canada, visitez <a href=\"https:\/\/creastats.crea.ca\/fr-CA\/\">CREAStats.ca<\/a>.<\/p>\n","protected":false},"excerpt":{"rendered":"<p>Lors de son annonce pr\u00e9vue du 14&nbsp;juillet&nbsp;2021, la Banque du Canada a fait savoir qu\u2019elle maintient le taux cible du financement \u00e0 un jour \u00e0 sa valeur plancher de 0,25&nbsp;%. Elle ajuste aussi \u00e0 la baisse son programme d\u2019assouplissement quantitatif de mani\u00e8re \u00e0 viser un rythme cible de 2&nbsp;milliards de dollars en obligations du gouvernement &hellip; <a href=\"https:\/\/archive.cafe.crea.ca\/fr\/la-banque-du-canada-maintient-son-taux-directeur-et-abaisse-ses-previsions-de-croissance\/\" class=\"more-link\">Continue reading <span class=\"screen-reader-text\">La Banque du Canada maintient son taux directeur et abaisse ses pr\u00e9visions de croissance<\/span><\/a><\/p>\n","protected":false},"author":130,"featured_media":38616,"comment_status":"open","ping_status":"open","sticky":false,"template":"","format":"standard","meta":{"footnotes":""},"categories":[2367],"tags":[2378],"coauthors":[2388],"class_list":["post-38620","post","type-post","status-publish","format-standard","has-post-thumbnail","hentry","category-statistiques","tag-featured"],"aioseo_notices":[],"_links":{"self":[{"href":"https:\/\/archive.cafe.crea.ca\/fr\/wp-json\/wp\/v2\/posts\/38620"}],"collection":[{"href":"https:\/\/archive.cafe.crea.ca\/fr\/wp-json\/wp\/v2\/posts"}],"about":[{"href":"https:\/\/archive.cafe.crea.ca\/fr\/wp-json\/wp\/v2\/types\/post"}],"author":[{"embeddable":true,"href":"https:\/\/archive.cafe.crea.ca\/fr\/wp-json\/wp\/v2\/users\/130"}],"replies":[{"embeddable":true,"href":"https:\/\/archive.cafe.crea.ca\/fr\/wp-json\/wp\/v2\/comments?post=38620"}],"version-history":[{"count":2,"href":"https:\/\/archive.cafe.crea.ca\/fr\/wp-json\/wp\/v2\/posts\/38620\/revisions"}],"predecessor-version":[{"id":38642,"href":"https:\/\/archive.cafe.crea.ca\/fr\/wp-json\/wp\/v2\/posts\/38620\/revisions\/38642"}],"wp:featuredmedia":[{"embeddable":true,"href":"https:\/\/archive.cafe.crea.ca\/fr\/wp-json\/wp\/v2\/media\/38616"}],"wp:attachment":[{"href":"https:\/\/archive.cafe.crea.ca\/fr\/wp-json\/wp\/v2\/media?parent=38620"}],"wp:term":[{"taxonomy":"category","embeddable":true,"href":"https:\/\/archive.cafe.crea.ca\/fr\/wp-json\/wp\/v2\/categories?post=38620"},{"taxonomy":"post_tag","embeddable":true,"href":"https:\/\/archive.cafe.crea.ca\/fr\/wp-json\/wp\/v2\/tags?post=38620"},{"taxonomy":"author","embeddable":true,"href":"https:\/\/archive.cafe.crea.ca\/fr\/wp-json\/wp\/v2\/coauthors?post=38620"}],"curies":[{"name":"wp","href":"https:\/\/api.w.org\/{rel}","templated":true}]}}