{"id":38609,"date":"2021-07-20T08:58:20","date_gmt":"2021-07-20T12:58:20","guid":{"rendered":"https:\/\/archive.cafe.crea.ca\/?p=38609"},"modified":"2021-07-20T08:58:20","modified_gmt":"2021-07-20T12:58:20","slug":"la-valeur-reelle-dune-propriete","status":"publish","type":"post","link":"https:\/\/archive.cafe.crea.ca\/fr\/la-valeur-reelle-dune-propriete\/","title":{"rendered":"La valeur r\u00e9elle d\u2019une propri\u00e9t\u00e9"},"content":{"rendered":"\n<p>Apr\u00e8s plus\nd\u2019une ann\u00e9e de ventes r\u00e9sidentielles records au pays, il est clair que les\nCanadiens veulent un chez-soi bien \u00e0 eux.<\/p>\n\n\n\n<p>Si les Canadiens connaissent bien les <a rel=\"noreferrer noopener\" aria-label=\" (opens in a new tab)\" href=\"https:\/\/archive.cafe.crea.ca\/fr\/comment-laccession-a-la-propriete-peut-elle-reduire-les-inegalites\/\" target=\"_blank\">avantages financiers<\/a> de la propri\u00e9t\u00e9\u00a0\u2013\u00a0permettre aux propri\u00e9taires de se constituer un capital et contribuer \u00e0 la prosp\u00e9rit\u00e9 de millions de m\u00e9nages au pays\u00a0\u2013,\u00a0ils sont peut-\u00eatre moins conscients des <a href=\"https:\/\/archive.cafe.crea.ca\/fr\/sante-et-bonheur-les-avantages-societaux-de-la-propriete\/\" target=\"_blank\" rel=\"noreferrer noopener\" aria-label=\" (opens in a new tab)\">avantages non financiers<\/a> qui en r\u00e9sultent. Ceux-ci comprennent un large \u00e9ventail d\u2019avantages civiques, \u00e9ducatifs, sanitaires et socioculturels dont profitent les familles et l\u2019ensemble de la soci\u00e9t\u00e9.<\/p>\n\n\n\n<h2 class=\"wp-block-heading\">Pour en\nsavoir plus sur les avantages de la propri\u00e9t\u00e9&nbsp;:<\/h2>\n\n\n\n<ul class=\"wp-block-list\"><li><strong><a rel=\"noreferrer noopener\" aria-label=\" (opens in a new tab)\" href=\"https:\/\/archive.cafe.crea.ca\/fr\/sante-et-bonheur-les-avantages-societaux-de-la-propriete\/\" target=\"_blank\">Sant\u00e9 et bonheur : les avantages soci\u00e9taux de la propri\u00e9t\u00e9<\/a><\/strong><\/li><li><strong><a rel=\"noreferrer noopener\" aria-label=\" (opens in a new tab)\" href=\"https:\/\/archive.cafe.crea.ca\/fr\/la-valeur-dune-propriete-ne-se-limite-pas-a-quatre-murs-et-un-toit\/\" target=\"_blank\">La valeur d\u2019une propri\u00e9t\u00e9 ne se limite pas \u00e0 quatre murs et un toit<\/a><\/strong><\/li><li><strong><a rel=\"noreferrer noopener\" aria-label=\" (opens in a new tab)\" href=\"https:\/\/archive.cafe.crea.ca\/fr\/comment-laccession-a-la-propriete-peut-elle-reduire-les-inegalites\/\" target=\"_blank\">Comment l\u2019accession \u00e0 la propri\u00e9t\u00e9 peut-elle r\u00e9duire les in\u00e9galit\u00e9s?<\/a><\/strong><\/li><\/ul>\n\n\n\n<p>Les\navantages de la propri\u00e9t\u00e9 s\u2019\u00e9tendent \u00e0 tous les niveaux de revenus, \u00e0 tous les\ngroupes d\u2019\u00e2ge et \u00e0 toutes les r\u00e9gions. En fait, les donn\u00e9es et les \u00e9tudes\nmontrent que bon nombre de ces avantages sont plus marqu\u00e9s pour les m\u00e9nages \u00e0\nrevenu faible et moyen. Notons, par exemple, que le logement repr\u00e9sente pr\u00e8s de\n50&nbsp;% de la valeur nette totale des m\u00e9nages canadiens dont les revenus sont\ninf\u00e9rieurs \u00e0 56&nbsp;495&nbsp;$.<\/p>\n\n\n\n<p>S\u2019appuyant sur des donn\u00e9es provenant du Canada, des \u00c9tats-Unis, de l\u2019Europe et d\u2019ailleurs dans le monde, l\u2019ACI a examin\u00e9 en profondeur l\u2019historique, la recherche et les analyses de ces avantages et a r\u00e9dig\u00e9 le <a href=\"https:\/\/www.crea.ca\/wp-content\/uploads\/2021\/04\/Homeownership-White-Paper_2021_FRE_Apr-6.pdf\" target=\"_blank\" rel=\"noreferrer noopener\" aria-label=\" (opens in a new tab)\">livre blanc, <\/a><em><a href=\"https:\/\/www.crea.ca\/wp-content\/uploads\/2021\/04\/Homeownership-White-Paper_2021_FRE_Apr-6.pdf\" target=\"_blank\" rel=\"noreferrer noopener\" aria-label=\" (opens in a new tab)\">Le dividende de la propri\u00e9t\u00e9 pour les Canadiens<\/a><\/em>.<\/p>\n\n\n\n<figure class=\"wp-block-image\"><img loading=\"lazy\" decoding=\"async\" width=\"2513\" height=\"3263\" src=\"https:\/\/archive.cafe.crea.ca\/wp-content\/uploads\/2021\/07\/REALTIME-cover_Issue6_ALTERNATE.jpg\" alt=\"\" class=\"wp-image-38603\" srcset=\"https:\/\/archive.cafe.crea.ca\/wp-content\/uploads\/2021\/07\/REALTIME-cover_Issue6_ALTERNATE.jpg 2513w, https:\/\/archive.cafe.crea.ca\/wp-content\/uploads\/2021\/07\/REALTIME-cover_Issue6_ALTERNATE-768x997.jpg 768w, https:\/\/archive.cafe.crea.ca\/wp-content\/uploads\/2021\/07\/REALTIME-cover_Issue6_ALTERNATE-440x571.jpg 440w\" sizes=\"(max-width: 2513px) 100vw, 2513px\" \/><\/figure>\n\n\n\n<h2 class=\"wp-block-heading\">\u00c9dition de\nl\u2019\u00e9t\u00e9 du magazine <strong>EN DIRECT<\/strong><\/h2>\n\n\n\n<p>Dans ce\nnum\u00e9ro d\u2019<strong>EN DIRECT<\/strong>, nous nous int\u00e9ressons au \u00ab&nbsp;dividende de la\npropri\u00e9t\u00e9&nbsp;\u00bb et nous offrons une perspective pour vous aider, vos clients\net vous, \u00e0 mieux comprendre le march\u00e9 immobilier d\u2019aujourd\u2019hui, hautement\nconcurrentiel. <\/p>\n\n\n\n<p>Commen\u00e7ons\npar vos clients. Il importe que vous trouviez la fa\u00e7on de les aider \u00e0 entrer\ndans le march\u00e9 ou \u00e0 y progresser. Nous avons pr\u00e9par\u00e9 \u00e0 cette fin des articles\nsur des sujets divers, de la mise en valeur r\u00e9sidentielle au speed dating\nimmobilier, en passant par la d\u00e9construction de mythes li\u00e9s \u00e0 notre secteur et\nla comparaison des types de propri\u00e9t\u00e9s (dont celles de location et les\nmini-maisons) et de lieux (ville et campagne) qui s\u2019offrent \u00e0 eux.<\/p>\n\n\n\n<p>Nous\ntraitons aussi des programmes disponibles pour l\u2019achat d\u2019une premi\u00e8re\npropri\u00e9t\u00e9, et nous discutons avec la New Zealand Real Estate Authority des\nench\u00e8res en ligne et de leurs \u00e9ventuels avantages pour le Canada.<\/p>\n\n\n\n<p>Le march\u00e9\nimmobilier canadien continue de battre des records. En mai&nbsp;2021, les\nventes ont atteint un nouveau record pour le mois : le nombre r\u00e9el (non\nd\u00e9saisonnalis\u00e9) de transactions a augment\u00e9 de&nbsp;103,6&nbsp;% d\u2019une ann\u00e9e \u00e0\nl\u2019autre. Alors que davantage de Canadiens prennent conscience de l\u2019int\u00e9r\u00eat \u00e0\ndevenir propri\u00e9taire, nous devons en souligner les bienfaits qui vont au-del\u00e0\nde l\u2019individu et qui ont des retomb\u00e9es positives sur l\u2019ensemble de la\ncollectivit\u00e9. <\/p>\n\n\n\n<p>Bien que le march\u00e9 immobilier semble se stabiliser, la fr\u00e9n\u00e9sie immobili\u00e8re s\u2019emparera-t-elle de nouveau des Canadiens de plus en plus immunis\u00e9s qui s\u2019adaptent \u00e0 la \u00ab\u00a0nouvelle normalit\u00e9\u00a0\u00bb? D\u2019ici l\u00e0, lisez le dernier num\u00e9ro d\u2019<strong><a href=\"https:\/\/www.crea.ca\/fr\/realtime-magazine\/summer-edition-2021\/\" target=\"_blank\" rel=\"noreferrer noopener\" aria-label=\"EN DIRECT (opens in a new tab)\">EN DIRECT<\/a> <\/strong>pour tirer le maximum des conditions actuelles. <\/p>\n\n\n\n<p>Commentaires ou questions au sujet du magazine <strong>EN DIRECT<\/strong>? Communiquez avec le r\u00e9dacteur en chef, <a href=\"mailto:mshaw@crea.ca?subject=REAL%20TIME\" target=\"_blank\" rel=\"noreferrer noopener\" aria-label=\" (opens in a new tab)\">Michael\u00a0Shaw.<\/a><\/p>\n","protected":false},"excerpt":{"rendered":"<p>Apr\u00e8s plus d\u2019une ann\u00e9e de ventes r\u00e9sidentielles records au pays, il est clair que les Canadiens veulent un chez-soi bien \u00e0 eux. Si les Canadiens connaissent bien les avantages financiers de la propri\u00e9t\u00e9\u00a0\u2013\u00a0permettre aux propri\u00e9taires de se constituer un capital et contribuer \u00e0 la prosp\u00e9rit\u00e9 de millions de m\u00e9nages au pays\u00a0\u2013,\u00a0ils sont peut-\u00eatre moins conscients &hellip; <a href=\"https:\/\/archive.cafe.crea.ca\/fr\/la-valeur-reelle-dune-propriete\/\" class=\"more-link\">Continue reading <span class=\"screen-reader-text\">La valeur r\u00e9elle d\u2019une propri\u00e9t\u00e9<\/span><\/a><\/p>\n","protected":false},"author":88,"featured_media":38605,"comment_status":"open","ping_status":"open","sticky":false,"template":"","format":"standard","meta":{"footnotes":""},"categories":[2366],"tags":[],"coauthors":[2218],"class_list":["post-38609","post","type-post","status-publish","format-standard","has-post-thumbnail","hentry","category-nouvelles-de-laci"],"aioseo_notices":[],"_links":{"self":[{"href":"https:\/\/archive.cafe.crea.ca\/fr\/wp-json\/wp\/v2\/posts\/38609"}],"collection":[{"href":"https:\/\/archive.cafe.crea.ca\/fr\/wp-json\/wp\/v2\/posts"}],"about":[{"href":"https:\/\/archive.cafe.crea.ca\/fr\/wp-json\/wp\/v2\/types\/post"}],"author":[{"embeddable":true,"href":"https:\/\/archive.cafe.crea.ca\/fr\/wp-json\/wp\/v2\/users\/88"}],"replies":[{"embeddable":true,"href":"https:\/\/archive.cafe.crea.ca\/fr\/wp-json\/wp\/v2\/comments?post=38609"}],"version-history":[{"count":1,"href":"https:\/\/archive.cafe.crea.ca\/fr\/wp-json\/wp\/v2\/posts\/38609\/revisions"}],"predecessor-version":[{"id":38610,"href":"https:\/\/archive.cafe.crea.ca\/fr\/wp-json\/wp\/v2\/posts\/38609\/revisions\/38610"}],"wp:featuredmedia":[{"embeddable":true,"href":"https:\/\/archive.cafe.crea.ca\/fr\/wp-json\/wp\/v2\/media\/38605"}],"wp:attachment":[{"href":"https:\/\/archive.cafe.crea.ca\/fr\/wp-json\/wp\/v2\/media?parent=38609"}],"wp:term":[{"taxonomy":"category","embeddable":true,"href":"https:\/\/archive.cafe.crea.ca\/fr\/wp-json\/wp\/v2\/categories?post=38609"},{"taxonomy":"post_tag","embeddable":true,"href":"https:\/\/archive.cafe.crea.ca\/fr\/wp-json\/wp\/v2\/tags?post=38609"},{"taxonomy":"author","embeddable":true,"href":"https:\/\/archive.cafe.crea.ca\/fr\/wp-json\/wp\/v2\/coauthors?post=38609"}],"curies":[{"name":"wp","href":"https:\/\/api.w.org\/{rel}","templated":true}]}}