{"id":38222,"date":"2021-07-06T09:11:31","date_gmt":"2021-07-06T13:11:31","guid":{"rendered":"https:\/\/archive.cafe.crea.ca\/?p=38222"},"modified":"2021-07-06T16:51:44","modified_gmt":"2021-07-06T20:51:44","slug":"portrait-de-cliff-stevenson-le-nouveau-president-de-laci","status":"publish","type":"post","link":"https:\/\/archive.cafe.crea.ca\/fr\/portrait-de-cliff-stevenson-le-nouveau-president-de-laci\/","title":{"rendered":"Portrait de Cliff Stevenson, le nouveau pr\u00e9sident de l\u2019ACI"},"content":{"rendered":"\n<p><a rel=\"noreferrer noopener\" aria-label=\"Cliff&nbsp;Stevenson (opens in a new tab)\" href=\"https:\/\/www.realtor.ca\/courtier-immobilier\/1561747\/cliff-stevenson-115-8820-blackfoot-trail-se-calgary-alberta-t2j3j1#firstname=Cliff&amp;lastname=Stevenson&amp;page=1&amp;sort=3-A\" target=\"_blank\">Cliff&nbsp;Stevenson<\/a> est officiellement pr\u00e9sident du <a href=\"https:\/\/www.crea.ca\/fr\/about\/board-of-directors\/\" target=\"_blank\" rel=\"noreferrer noopener\" aria-label=\"conseil d\u2019administration (opens in a new tab)\">conseil d\u2019administration<\/a> depuis avril. Depuis, il a saut\u00e9 sur toutes les occasions de poursuivre son travail de communication et de mobilisation des membres, travail qu\u2019il adore. Nous avons parl\u00e9 \u00e0 Cliff (chacun \u00e0 son bureau, dans sa province) pour en savoir plus sur son parcours, sa philosophie et ses projets pour l\u2019ann\u00e9e \u00e0 venir.<\/p>\n\n\n\n<p>S\u2019il est arriv\u00e9 \u00e0 l\u2019immobilier par un chemin atypique, Cliff assure qu\u2019il n\u2019a \u00ab&nbsp;aucun regret&nbsp;\u00bb et qu\u2019il est ravi du concours de circonstances qui l\u2019a amen\u00e9 sur cette voie.<\/p>\n\n\n\n<p>\u00ab&nbsp;En fait, c\u2019est une histoire int\u00e9ressante. Je me suis greff\u00e9 \u00e0 un groupe de sept&nbsp;autres personnes qui voulaient investir dans l\u2019immobilier. Comme je cumulais neuf&nbsp;ann\u00e9es d\u2019\u00e9tudes, je me suis tout naturellement port\u00e9 volontaire pour suivre les formations en immobilier afin de mieux conna\u00eetre le march\u00e9. Je ne pr\u00e9voyais pas passer les examens, mais au fil des formations, et au fil de mes rencontres avec des professionnels du secteur, il est devenu \u00e9vident que je devais pousser plus loin. Au risque de tomber dans les clich\u00e9s, je m\u2019identifie vraiment au th\u00e8me de la campagne publicitaire&nbsp;2020&nbsp;: \u201cn\u00e9 pour \u00eatre courtier ou agent\u201d. Je suis n\u00e9 pour faire ce m\u00e9tier m\u00eame si, au d\u00e9part, je l\u2019ignorais.&nbsp;\u00bb<\/p>\n\n\n\n<p>Pendant sa carri\u00e8re en immobilier, Cliff a eu la chance de rencontrer des personnes extraordinaires, avec qui il a nou\u00e9 des liens personnels et professionnels. Il se sent privil\u00e9gi\u00e9 d\u2019avoir gagn\u00e9 leur confiance.<\/p>\n\n\n\n<p>\u00ab&nbsp;Plusieurs clients et coll\u00e8gues sont devenus des amis; j\u2019en suis vraiment reconnaissant. Dans le secteur structur\u00e9 de l\u2019immobilier, je me sens particuli\u00e8rement choy\u00e9 d\u2019avoir pu occuper des postes comme celui-ci. \u00c7a me touche beaucoup qu\u2019une masse critique de membres me fassent confiance.&nbsp;\u00bb<\/p>\n\n\n\n<p>Cliff accorde une grande importance aux relations humaines et pr\u00eate une oreille attentive aux commentaires&nbsp;\u2013&nbsp;positifs comme n\u00e9gatifs&nbsp;\u2013&nbsp;dans une optique d\u2019am\u00e9lioration continue.<\/p>\n\n\n\n<p>\u00ab&nbsp;Chaque occasion de discuter avec quelqu\u2019un qui a de l\u2019information utile pour nos membres est un privil\u00e8ge. C\u2019est merveilleux que nos membres soient investis dans notre association au point de nous poser des questions ou de nous donner leur avis. M\u00eame les personnes tr\u00e8s en col\u00e8re ont de l\u2019information utile \u00e0 nous transmettre. C\u2019est pourquoi je veux mobiliser nos membres tout au long de l\u2019ann\u00e9e.&nbsp;\u00bb<\/p>\n\n\n\n<p>Nous avons demand\u00e9 \u00e0 Cliff quels signes d\u2019espoir il entrevoit dans un avenir proche et comment il pr\u00e9voit en profiter pendant son mandat, apr\u00e8s une ann\u00e9e difficile et impr\u00e9visible.<\/p>\n\n\n\n<p>\u00ab&nbsp;Premi\u00e8rement, il faudra renouer avec les relations en personne tout en misant plus que jamais sur un mod\u00e8le hybride. Je ne veux pas perdre les \u00e9normes progr\u00e8s r\u00e9alis\u00e9s sur le plan virtuel, et je pense que nous gagnerons \u00e0 combiner les deux. Il faudra travailler fort, mais nous pourrons accro\u00eetre notre pr\u00e9sence et rejoindre des gens qui ne peuvent participer \u00e0 des rencontres et \u00e0 des activit\u00e9s en personne. En lisant une conversation&nbsp;sur Twitter entre deux&nbsp;scientifiques, j\u2019ai trouv\u00e9 cette citation&nbsp;: \u201cLe principal attrait d\u2019un congr\u00e8s, c\u2019est rarement les conf\u00e9rences pr\u00e9sent\u00e9es. C\u2019est plut\u00f4t le pouvoir catalytique des discussions et des interactions entre des personnes sur la m\u00eame longueur d\u2019onde.\u201d J\u2019avais d\u00e9j\u00e0 entendu des affirmations semblables, mais cette formulation-l\u00e0 m\u2019a vraiment marqu\u00e9. Les relations humaines, \u00e7a vaut de l\u2019or, et je crois qu\u2019il faut r\u00e9fl\u00e9chir aux fa\u00e7ons d\u2019int\u00e9grer plus de gens \u00e0 nos discussions; c\u2019est une question que nous devons explorer.&nbsp;\u00bb<\/p>\n\n\n\n<h2 class=\"wp-block-heading\">Quelques questions en rafale, juste pour le plaisir&nbsp;:<\/h2>\n\n\n\n<p><strong>Quel est votre repas pr\u00e9f\u00e9r\u00e9?<\/strong><\/p>\n\n\n\n<p>Un faux-filet de b\u0153uf albertain, avec \u00e0 peu pr\u00e8s n\u2019importe quel accompagnement.<\/p>\n\n\n\n<p><strong>Si vous pouviez partager un repas avec n\u2019importe quelle personne sur la plan\u00e8te, qui choisiriez-vous?<\/strong><\/p>\n\n\n\n<p>Mon p\u00e8re. C\u2019est un bon gars hilarant, un Anglais, avec un tr\u00e8s grand sens de l\u2019humour, alors je le choisirais sans h\u00e9sitation.<\/p>\n\n\n\n<p><strong>Que faites-vous pour relaxer ou d\u00e9compresser?<\/strong><\/p>\n\n\n\n<p>Je regarde un film en buvant un verre de vin rouge, g\u00e9n\u00e9ralement un cabernet-sauvignon de la Napa Valley.<\/p>\n\n\n\n<p><strong>Quel est votre sport ou passe-temps pr\u00e9f\u00e9r\u00e9?<\/strong><\/p>\n\n\n\n<p>J\u2019ai jou\u00e9 au volleyball \u00e0 l\u2019universit\u00e9, mais j\u2019aime aussi le golf. Sur les terrains de golf, je fais rire de moi, mais j\u2019ai du plaisir.<\/p>\n\n\n\n<p><strong>Si vous n\u2019\u00e9tiez pas agent immobilier, que feriez-vous?<\/strong><\/p>\n\n\n\n<p>Je serais avocat. Je suis un pro de l\u2019argumentation et je gagne ma vie en r\u00e9glant des probl\u00e8mes. C\u2019est comme \u00e7a que mon cerveau fonctionne, et \u00e7a m\u2019aide beaucoup dans mon r\u00f4le d\u2019agent immobilier.<\/p>\n\n\n\n<p><strong>Qu\u2019avez-vous h\u00e2te de faire apr\u00e8s la pand\u00e9mie?<\/strong><\/p>\n\n\n\n<p>Voyager&nbsp;\u2013&nbsp;sortir de chez moi et sortir de la ville! J\u2019ai entendu plein de belles choses sur Hawa\u00ef; ce sera probablement ma premi\u00e8re destination.<\/p>\n\n\n\n<p><strong>Comme nous passons encore beaucoup de temps \u00e0 la maison, quelle t\u00e9l\u00e9s\u00e9rie nous recommanderiez-vous?<\/strong><\/p>\n\n\n\n<p><em>StartUp<\/em>, sur Amazon Prime. C\u2019est vraiment bon, j\u2019ai \u00e9t\u00e9 surpris!<\/p>\n","protected":false},"excerpt":{"rendered":"<p>Cliff&nbsp;Stevenson est officiellement pr\u00e9sident du conseil d\u2019administration depuis avril. Depuis, il a saut\u00e9 sur toutes les occasions de poursuivre son travail de communication et de mobilisation des membres, travail qu\u2019il adore. Nous avons parl\u00e9 \u00e0 Cliff (chacun \u00e0 son bureau, dans sa province) pour en savoir plus sur son parcours, sa philosophie et ses projets &hellip; <a href=\"https:\/\/archive.cafe.crea.ca\/fr\/portrait-de-cliff-stevenson-le-nouveau-president-de-laci\/\" class=\"more-link\">Continue reading <span class=\"screen-reader-text\">Portrait de Cliff Stevenson, le nouveau pr\u00e9sident de l\u2019ACI<\/span><\/a><\/p>\n","protected":false},"author":166,"featured_media":38214,"comment_status":"open","ping_status":"open","sticky":false,"template":"","format":"standard","meta":{"footnotes":""},"categories":[2366],"tags":[],"coauthors":[2432],"class_list":["post-38222","post","type-post","status-publish","format-standard","has-post-thumbnail","hentry","category-nouvelles-de-laci"],"aioseo_notices":[],"_links":{"self":[{"href":"https:\/\/archive.cafe.crea.ca\/fr\/wp-json\/wp\/v2\/posts\/38222"}],"collection":[{"href":"https:\/\/archive.cafe.crea.ca\/fr\/wp-json\/wp\/v2\/posts"}],"about":[{"href":"https:\/\/archive.cafe.crea.ca\/fr\/wp-json\/wp\/v2\/types\/post"}],"author":[{"embeddable":true,"href":"https:\/\/archive.cafe.crea.ca\/fr\/wp-json\/wp\/v2\/users\/166"}],"replies":[{"embeddable":true,"href":"https:\/\/archive.cafe.crea.ca\/fr\/wp-json\/wp\/v2\/comments?post=38222"}],"version-history":[{"count":3,"href":"https:\/\/archive.cafe.crea.ca\/fr\/wp-json\/wp\/v2\/posts\/38222\/revisions"}],"predecessor-version":[{"id":38300,"href":"https:\/\/archive.cafe.crea.ca\/fr\/wp-json\/wp\/v2\/posts\/38222\/revisions\/38300"}],"wp:featuredmedia":[{"embeddable":true,"href":"https:\/\/archive.cafe.crea.ca\/fr\/wp-json\/wp\/v2\/media\/38214"}],"wp:attachment":[{"href":"https:\/\/archive.cafe.crea.ca\/fr\/wp-json\/wp\/v2\/media?parent=38222"}],"wp:term":[{"taxonomy":"category","embeddable":true,"href":"https:\/\/archive.cafe.crea.ca\/fr\/wp-json\/wp\/v2\/categories?post=38222"},{"taxonomy":"post_tag","embeddable":true,"href":"https:\/\/archive.cafe.crea.ca\/fr\/wp-json\/wp\/v2\/tags?post=38222"},{"taxonomy":"author","embeddable":true,"href":"https:\/\/archive.cafe.crea.ca\/fr\/wp-json\/wp\/v2\/coauthors?post=38222"}],"curies":[{"name":"wp","href":"https:\/\/api.w.org\/{rel}","templated":true}]}}