{"id":38210,"date":"2021-06-23T09:00:52","date_gmt":"2021-06-23T13:00:52","guid":{"rendered":"https:\/\/archive.cafe.crea.ca\/?p=38210"},"modified":"2021-06-22T11:53:35","modified_gmt":"2021-06-22T15:53:35","slug":"laci-annonce-un-partenariat-avec-la-lgbtq-real-estate-alliance","status":"publish","type":"post","link":"https:\/\/archive.cafe.crea.ca\/fr\/laci-annonce-un-partenariat-avec-la-lgbtq-real-estate-alliance\/","title":{"rendered":"L\u2019ACI annonce un partenariat avec la LGBTQ+ Real Estate Alliance"},"content":{"rendered":"\n<p>Alors que les c\u00e9l\u00e9brations du Mois de la Fiert\u00e9 ont\nlieu (virtuellement) au pays, l\u2019ACI est fi\u00e8re d\u2019annoncer un nouveau partenariat\navec la <a href=\"https:\/\/realestatealliance.org\/\">LGBTQ+ Real Estate Alliance<\/a> visant \u00e0\nsensibiliser les gens aux d\u00e9fis que rencontrent les acheteurs et les\npropri\u00e9taires-vendeurs membres de la communaut\u00e9 LGBTQ+*.<\/p>\n\n\n\n<p>Ce nouveau partenariat entre l\u2019ACI et l\u2019Alliance s\u2019aligne\nsur l\u2019<a href=\"https:\/\/www.crea.ca\/fr\/about\/crea-dei\/\">engagement<\/a> r\u00e9cent que\nnous avons pris de favoriser un environnement diversifi\u00e9, \u00e9quitable, inclusif\net antiraciste pour nos employ\u00e9s, nos b\u00e9n\u00e9voles et nos membres. Cette\ncollaboration permettra aux partenaires de sensibiliser les gens aux d\u00e9fis que\ndoivent surmonter les membres de la communaut\u00e9 LGBTQ+ qui souhaitent acc\u00e9der \u00e0\nla propri\u00e9t\u00e9 et de favoriser la compr\u00e9hension des nuances culturelles dont il\nfaut tenir compte en travaillant avec les membres de cette communaut\u00e9.<\/p>\n\n\n\n<p>\u00ab&nbsp;L\u2019ACI est heureuse de donner le coup d\u2019envoi du\nMois de la Fiert\u00e9 en annon\u00e7ant qu\u2019elle s\u2019est associ\u00e9e \u00e0 la LGBTQ+ Real Estate\nAlliance, d\u00e9clare Cliff&nbsp;Stevenson, pr\u00e9sident de l\u2019ACI. Nous sommes ravis\nde nous faire les champions de l\u2019accession \u00e0 la propri\u00e9t\u00e9 des membres de la\ncommunaut\u00e9 LGBTQ+ et d\u2019offrir des possibilit\u00e9s d\u2019apprentissage, de r\u00e9seautage\net d\u2019aiguillage \u00e0 nos membres de partout au Canada.&nbsp;\u00bb<\/p>\n\n\n\n<div class=\"wp-block-button\"><a class=\"wp-block-button__link has-background has-vivid-red-background-color\" href=\"https:\/\/archive.cafe.crea.ca\/fr\/etre-fier-de-travailler-en-immobilier\/\"><strong>\u00catre fier de travailler en immobilier<\/strong>   <\/a><\/div>\n\n\n\n<p>L\u2019Alliance d\u00e9fend les int\u00e9r\u00eats de la communaut\u00e9 LGBTQ+\nsur une vari\u00e9t\u00e9 de sujets li\u00e9s au logement. Organisation sans but lucratif \u00e9tablie\naux \u00c9tats-Unis, elle offre aussi \u00e0 ses membres une foule d\u2019occasions d\u2019apprentissage\net d\u2019affaires. L\u2019organisation a commenc\u00e9 \u00e0 accepter des membres en\noctobre&nbsp;2020 et compte maintenant plus de 50&nbsp;sections r\u00e9gionales aux\n\u00c9tats-Unis, au Canada et \u00e0 Porto Rico. Sa mission vise entre autres \u00e0 c\u00e9l\u00e9brer\nla diversit\u00e9 et l\u2019inclusion parmi ses membres et ses partenaires alli\u00e9s, tout\nen pr\u00e9conisant un logement \u00e9quitable pour tous.<\/p>\n\n\n\n<p>\u00ab&nbsp;Le secteur immobilier et les gouvernements devraient consacrer plus de temps et d\u2019attention aux enjeux particuliers en mati\u00e8re de logement auxquels est confront\u00e9e la communaut\u00e9 LGBTQ+. L\u2019Alliance propose un forum o\u00f9 l\u2019on peut discuter de ces enjeux et trouver des solutions pour \u00e9liminer la discrimination \u00e0 l\u2019encontre des membres de cette communaut\u00e9 qui souhaitent acheter ou louer une propri\u00e9t\u00e9 ainsi qu\u2019obtenir un pr\u00eat hypoth\u00e9caire, indique <a rel=\"noreferrer noopener\" aria-label=\" (opens in a new tab)\" href=\"https:\/\/www.realtor.ca\/courtier-immobilier\/1403645\/john-king-292-somerset-street-west-ottawa-ontario-k2p0j6\" target=\"_blank\">John&nbsp;King<\/a>, un agent d\u2019Ottawa \u00e0 la fois membre de l\u2019ACI et de l\u2019Alliance. Le <a href=\"http:\/\/www.freddiemac.com\/research\/consumer-research\/20181001_lgbt_homeownership.page\" target=\"_blank\" rel=\"noreferrer noopener\" aria-label=\" (opens in a new tab)\">taux d\u2019accession \u00e0 la propri\u00e9t\u00e9<\/a> des membres de la communaut\u00e9 LGBTQ+ est inf\u00e9rieur \u00e0 celui de la population g\u00e9n\u00e9rale; nous devons donc comprendre les raisons de cette anomalie et prendre des mesures correctives, car ils devraient b\u00e9n\u00e9ficier du m\u00eame acc\u00e8s au logement que les autres membres de la soci\u00e9t\u00e9.&nbsp;\u00bb<\/p>\n\n\n\n<figure class=\"wp-block-image\"><img loading=\"lazy\" decoding=\"async\" width=\"896\" height=\"518\" src=\"https:\/\/archive.cafe.crea.ca\/wp-content\/uploads\/2021\/06\/Inside-the-blog_Pride-waving-flag_896x518px.jpg\" alt=\"\" class=\"wp-image-38261\" srcset=\"https:\/\/archive.cafe.crea.ca\/wp-content\/uploads\/2021\/06\/Inside-the-blog_Pride-waving-flag_896x518px.jpg 896w, https:\/\/archive.cafe.crea.ca\/wp-content\/uploads\/2021\/06\/Inside-the-blog_Pride-waving-flag_896x518px-768x444.jpg 768w\" sizes=\"(max-width: 896px) 100vw, 896px\" \/><\/figure>\n\n\n\n<h2 class=\"wp-block-heading\">Pourquoi une alliance comme celle-ci est-elle si\nimportante pour le secteur de l\u2019immobilier?<\/h2>\n\n\n\n<p>M.&nbsp;King fait remarquer que les Canadiens sont prot\u00e9g\u00e9s contre la discrimination en vertu de la <em>Charte canadienne des droits et libert\u00e9s<\/em>, alors qu\u2019il y a 27&nbsp;\u00e9tats am\u00e9ricains o\u00f9 la discrimination \u00e0 l\u2019encontre de la communaut\u00e9 LGBTQ+ est toujours l\u00e9gale. Par ailleurs, les membres de cette communaut\u00e9<a href=\"https:\/\/www.cmhc-schl.gc.ca\/fr\/blog\/2019-housing-observer\/lgbtq2s-housing-needs-challenges\" target=\"_blank\" rel=\"noreferrer noopener\" aria-label=\" (opens in a new tab)\"> pr\u00e9sentent un taux d\u2019itin\u00e9rance disproportionn\u00e9 au Canada<\/a>.<\/p>\n\n\n\n<p>L\u2019ACI a r\u00e9cemment publi\u00e9 un <a href=\"https:\/\/www.crea.ca\/wp-content\/uploads\/2021\/04\/Homeownership-White-Paper_2021_FRE_Apr-6.pdf\" target=\"_blank\" rel=\"noreferrer noopener\" aria-label=\" (opens in a new tab)\">livre blanc<\/a> pr\u00e9sentant des r\u00e9sultats de recherche qui montrent que l\u2019accession \u00e0 la propri\u00e9t\u00e9 apporte des avantages financiers et non financiers aux propri\u00e9taires et \u00e0 la soci\u00e9t\u00e9 en g\u00e9n\u00e9ral.<\/p>\n\n\n\n<p>\u00ab&nbsp;Nous sommes fiers de nous associer \u00e0 l\u2019ACI et d\u2019\u00e9tendre\nnotre port\u00e9e au Canada, affirme John&nbsp;Thorpe, pr\u00e9sident de la LGBTQ+ Real\nEstate Alliance. Nous avons h\u00e2te de collaborer avec l\u2019ACI et ses membres afin\nde sensibiliser les gens aux probl\u00e8mes de logement rencontr\u00e9s par la communaut\u00e9\nLGBTQ+ et de lutter pour \u00e9liminer la discrimination qui fait obstacle \u00e0 l\u2019accession\n\u00e0 la propri\u00e9t\u00e9 en Am\u00e9rique du Nord.&nbsp;\u00bb<\/p>\n\n\n\n<p>Le <a href=\"https:\/\/www.realtorlink.ca\/content\/dam\/realtorlink\/crea\/Francais\/Ressources_et_confimite\/Publications\/Gouvernance\/Code_REALTOR%C2%AE_Rebranded_FRE.pdf\" target=\"_blank\" rel=\"noreferrer noopener\" aria-label=\" (opens in a new tab)\">Code REALTOR\u00ae<\/a> de l\u2019ACI stipule que tout membre \u00ab&nbsp;ne doit refuser ses services professionnels \u00e0 aucune personne, ni participer \u00e0 tout plan qui favoriserait la discrimination contre quiconque, pour des raisons de race, d\u2019origine nationale ou ethnique, de religion, de couleur, de sexe, d\u2019\u00e9tat familial, d\u2019\u00e2ge, d\u2019identit\u00e9 sexuelle, d\u2019orientation sexuelle, d\u2019\u00e9tat civil ou d\u2019invalidit\u00e9&nbsp;\u00bb. Cependant pour de nombreux professionnels de l\u2019immobilier, l\u2019inclusion est pratique habituelle.<\/p>\n\n\n\n<p>\u00ab&nbsp;J\u2019essaie toujours de faire en sorte que mes\nclients se sentent \u00e0 l\u2019aise, entendus et compris, et ce, peu importe leur\norigine, ethnicit\u00e9, religion, genre ou orientation sexuelle&nbsp;\u00bb, pr\u00e9cise M.&nbsp;King.<\/p>\n\n\n\n<p>Il peut \u00eatre difficile pour les membres de la\ncommunaut\u00e9 LGBTQ+ d\u2019aborder certaines questions, \u00e0 savoir si un quartier donn\u00e9\nest diversifi\u00e9 et accueillant \u00e0 leur \u00e9gard, et quels services sont disponibles\n\u00e0 proximit\u00e9.<\/p>\n\n\n\n<p>\u00ab&nbsp;Faire en sorte que les clients se sentent \u00e0 l\u2019aise\nde poser des questions repr\u00e9sente un d\u00e9fi pour tous les courtiers et agents,\nmais il suffit d\u2019\u00e9couter et d\u2019\u00eatre sensible \u00e0 leurs besoins et de comprendre ce\nqui est vraiment important pour eux&nbsp;\u00bb, ajoute M.&nbsp;King.<\/p>\n\n\n\n<p>Pour <a href=\"https:\/\/www.realtor.ca\/courtier-immobilier\/1997345\/steven-lubiarz-box-206-234-5149-country-hills-blvd-nw-calgary-alberta-t3a5k8#firstname=steven&amp;lastname=lubiarz&amp;page=1&amp;sort=3-A\" target=\"_blank\" rel=\"noreferrer noopener\" aria-label=\" (opens in a new tab)\">Steven&nbsp;Lubiarz<\/a>, \u00e0 la fois membre de l\u2019ACI et de l\u2019Alliance, il s\u2019agit de b\u00e2tir une communaut\u00e9 s\u00e9curitaire.<\/p>\n\n\n\n<p>\u00ab&nbsp;Cette Alliance offre un espace s\u00e9curitaire permettant aux\nconsommateurs et aux professionnels de l\u2019immobilier d\u2019\u00e9tablir des liens sans\njugement. \u00c0 titre d\u2019agent ouvertement gai, je me r\u00e9jouis de cette Alliance qui\npermet, \u00e0 moi et mes coll\u00e8gues, de continuer \u00e0 b\u00e2tir une communaut\u00e9 LGBTQ+\nforte, saine et dynamique, dit-il. L\u2019Alliance donne aux consommateurs la possibilit\u00e9\nde trouver un courtier ou agent dans leur r\u00e9gion g\u00e9ographique avec lequel\ncollaborer afin d\u2019acheter ou vendre une propri\u00e9t\u00e9, sans pr\u00e9jug\u00e9 ni jugement.&nbsp;\u00bb<\/p>\n\n\n\n<figure class=\"wp-block-image\"><img loading=\"lazy\" decoding=\"async\" width=\"896\" height=\"518\" src=\"https:\/\/archive.cafe.crea.ca\/wp-content\/uploads\/2021\/06\/Inside-the-blog_Pride-silhouettes_896x518px.jpg\" alt=\"\" class=\"wp-image-38263\" srcset=\"https:\/\/archive.cafe.crea.ca\/wp-content\/uploads\/2021\/06\/Inside-the-blog_Pride-silhouettes_896x518px.jpg 896w, https:\/\/archive.cafe.crea.ca\/wp-content\/uploads\/2021\/06\/Inside-the-blog_Pride-silhouettes_896x518px-768x444.jpg 768w\" sizes=\"(max-width: 896px) 100vw, 896px\" \/><\/figure>\n\n\n\n<h2 class=\"wp-block-heading\">Comment les courtiers et agents peuvent-ils \u00eatre de\nmeilleurs alli\u00e9s?<\/h2>\n\n\n\n<p>Ce partenariat avec l\u2019Alliance cr\u00e9era plus d\u2019occasions\nd\u2019apprentissage pour les courtiers et agents; ils pourront ainsi mieux comprendre\nles clients qu\u2019ils servent. Le fait de conna\u00eetre les pr\u00e9occupations de leurs\nclients ou les obstacles auxquels ils peuvent \u00eatre confront\u00e9s vous aidera \u00e0 offrir\ndes services plus inclusifs.<\/p>\n\n\n\n<p>\u00ab&nbsp;N\u2019oubliez pas de remettre en question vos\npratiques en poursuivant la discussion, la conversation et la sensibilisation,\nnon seulement pour les membres de la communaut\u00e9 LGBTQ+, mais pour toutes les\npersonnes. En fin de compte, nous voulons tous \u00eatre aim\u00e9s et accept\u00e9s, et\ntrouver un endroit o\u00f9 nous nous sentons chez nous&nbsp;\u00bb, pr\u00e9cise M.&nbsp;Lubiarz.<\/p>\n\n\n\n<p>M.&nbsp;King note qu\u2019\u00eatre un alli\u00e9 est simple.<\/p>\n\n\n\n<p>\u00ab&nbsp;En g\u00e9n\u00e9ral, je pense qu\u2019\u00e0 Ottawa, les agents\nfont un travail fantastique aupr\u00e8s de la communaut\u00e9 LGBTQ+, mais on peut\ntoujours faire mieux. Il suffit d\u2019\u00eatre \u00e0 l\u2019\u00e9coute et d\u2019\u00eatre sensible aux\nbesoins de vos clients.&nbsp;\u00bb<\/p>\n\n\n\n<p>L\u2019ACI s\u2019engage \u00e0 favoriser un environnement diversifi\u00e9, \u00e9quitable, inclusif et antiraciste pour tous ses employ\u00e9s, ses b\u00e9n\u00e9voles et ses membres. <a href=\"https:\/\/www.crea.ca\/about\/crea-dei\/\" target=\"_blank\" rel=\"noreferrer noopener\" aria-label=\" (opens in a new tab)\">Plus de d\u00e9tails sur nos engagements en mati\u00e8re de DEIA<\/a><\/p>\n\n\n\n<p>* L\u2019ACI utilise l\u2019acronyme LGBTQ2+ pour inclure la\ncommunaut\u00e9 bispirituelle.<\/p>\n","protected":false},"excerpt":{"rendered":"<p>Alors que les c\u00e9l\u00e9brations du Mois de la Fiert\u00e9 ont lieu (virtuellement) au pays, l\u2019ACI est fi\u00e8re d\u2019annoncer un nouveau partenariat avec la LGBTQ+ Real Estate Alliance visant \u00e0 sensibiliser les gens aux d\u00e9fis que rencontrent les acheteurs et les propri\u00e9taires-vendeurs membres de la communaut\u00e9 LGBTQ+*. Ce nouveau partenariat entre l\u2019ACI et l\u2019Alliance s\u2019aligne sur &hellip; <a href=\"https:\/\/archive.cafe.crea.ca\/fr\/laci-annonce-un-partenariat-avec-la-lgbtq-real-estate-alliance\/\" class=\"more-link\">Continue reading <span class=\"screen-reader-text\">L\u2019ACI annonce un partenariat avec la LGBTQ+ Real Estate Alliance<\/span><\/a><\/p>\n","protected":false},"author":123,"featured_media":38257,"comment_status":"open","ping_status":"open","sticky":false,"template":"","format":"standard","meta":{"footnotes":""},"categories":[2366],"tags":[2378,2380],"coauthors":[2383],"class_list":["post-38210","post","type-post","status-publish","format-standard","has-post-thumbnail","hentry","category-nouvelles-de-laci","tag-featured","tag-featured-fr-2"],"aioseo_notices":[],"_links":{"self":[{"href":"https:\/\/archive.cafe.crea.ca\/fr\/wp-json\/wp\/v2\/posts\/38210"}],"collection":[{"href":"https:\/\/archive.cafe.crea.ca\/fr\/wp-json\/wp\/v2\/posts"}],"about":[{"href":"https:\/\/archive.cafe.crea.ca\/fr\/wp-json\/wp\/v2\/types\/post"}],"author":[{"embeddable":true,"href":"https:\/\/archive.cafe.crea.ca\/fr\/wp-json\/wp\/v2\/users\/123"}],"replies":[{"embeddable":true,"href":"https:\/\/archive.cafe.crea.ca\/fr\/wp-json\/wp\/v2\/comments?post=38210"}],"version-history":[{"count":2,"href":"https:\/\/archive.cafe.crea.ca\/fr\/wp-json\/wp\/v2\/posts\/38210\/revisions"}],"predecessor-version":[{"id":38265,"href":"https:\/\/archive.cafe.crea.ca\/fr\/wp-json\/wp\/v2\/posts\/38210\/revisions\/38265"}],"wp:featuredmedia":[{"embeddable":true,"href":"https:\/\/archive.cafe.crea.ca\/fr\/wp-json\/wp\/v2\/media\/38257"}],"wp:attachment":[{"href":"https:\/\/archive.cafe.crea.ca\/fr\/wp-json\/wp\/v2\/media?parent=38210"}],"wp:term":[{"taxonomy":"category","embeddable":true,"href":"https:\/\/archive.cafe.crea.ca\/fr\/wp-json\/wp\/v2\/categories?post=38210"},{"taxonomy":"post_tag","embeddable":true,"href":"https:\/\/archive.cafe.crea.ca\/fr\/wp-json\/wp\/v2\/tags?post=38210"},{"taxonomy":"author","embeddable":true,"href":"https:\/\/archive.cafe.crea.ca\/fr\/wp-json\/wp\/v2\/coauthors?post=38210"}],"curies":[{"name":"wp","href":"https:\/\/api.w.org\/{rel}","templated":true}]}}