{"id":38101,"date":"2021-06-09T09:46:49","date_gmt":"2021-06-09T13:46:49","guid":{"rendered":"https:\/\/archive.cafe.crea.ca\/?p=38101"},"modified":"2022-08-02T16:34:14","modified_gmt":"2022-08-02T20:34:14","slug":"engagements-de-laci-en-matiere-de-diversite-dequite-dinclusion-et-dantiracisme","status":"publish","type":"post","link":"https:\/\/archive.cafe.crea.ca\/fr\/engagements-de-laci-en-matiere-de-diversite-dequite-dinclusion-et-dantiracisme\/","title":{"rendered":"Engagements de l\u2019ACI en mati\u00e8re de diversit\u00e9, d\u2019\u00e9quit\u00e9, d\u2019inclusion et d\u2019antiracisme"},"content":{"rendered":"\n<p>En tant qu\u2019une des plus importantes associations commerciales du Canada et l\u2019association nationale qui repr\u00e9sente les courtiers et agents immobiliers, nous avons l\u2019honneur de servir un ensemble diversifi\u00e9 de membres, soit plus de 135 000 courtiers et agents, qui vivent, travaillent et redonnent dans presque toutes les r\u00e9gions de notre merveilleux pays. Ces personnes redonnent aux collectivit\u00e9s o\u00f9 elles vivent et travaillent. Nous jouons un r\u00f4le de premier plan au sein de notre secteur, sur la Colline du Parlement et au-del\u00e0. Nous poss\u00e9dons et exploitons le site Web immobilier le plus populaire au Canada, REALTOR.ca, site qui a re\u00e7u 73&nbsp;millions de visites au cours de l\u2019ann\u00e9e derni\u00e8re seulement. Nous sommes l\u2019employeur d\u2019une \u00e9quipe de plus de 100&nbsp;personnes talentueuses qui se consacrent \u00e0 la r\u00e9ussite des courtiers et agents membres de l\u2019ACI. En bref, notre travail a un impact sur le monde qui nous entoure, et nous prenons cette responsabilit\u00e9 au s\u00e9rieux.<\/p>\n\n\n\n<figure class=\"wp-block-image\"><img loading=\"lazy\" decoding=\"async\" width=\"896\" height=\"518\" src=\"https:\/\/archive.cafe.crea.ca\/wp-content\/uploads\/2021\/06\/deia_blog_2.jpg\" alt=\"\" class=\"wp-image-38095\" srcset=\"https:\/\/archive.cafe.crea.ca\/wp-content\/uploads\/2021\/06\/deia_blog_2.jpg 896w, https:\/\/archive.cafe.crea.ca\/wp-content\/uploads\/2021\/06\/deia_blog_2-768x444.jpg 768w\" sizes=\"(max-width: 896px) 100vw, 896px\" \/><\/figure>\n\n\n\n<p>Nous tenons \u00e0 ce que nos membres sachent que\u00a0<strong>r\u00e9cemment,<\/strong>\u00a0<strong>notre conseil d\u2019administration et notre \u00e9quipe de gestion se sont engag\u00e9s officiellement \u00e0 favoriser un environnement diversifi\u00e9, \u00e9quitable, inclusif et antiraciste pour tous ses employ\u00e9s, ses b\u00e9n\u00e9voles et ses membres.<\/strong>\u00a0Nous nous sommes pench\u00e9s sur le sens des termes diversit\u00e9, \u00e9quit\u00e9, inclusion et antiracisme, et avons \u00e9tabli des objectifs pour int\u00e9grer ces valeurs aux activit\u00e9s de l\u2019ACI.\u00a0<a href=\"https:\/\/www.crea.ca\/fr\/a-propos\/notre-mission\/nos-valeurs-et-nos-engagements-en-matiere-de-deia\/\" target=\"_blank\" rel=\"noreferrer noopener\" aria-label=\" (opens in a new tab)\">Nous vous invitons \u00e0 lire nos engagements en mati\u00e8re de DEIA que nous avons rendus publics sur CREA.ca<\/a>.<\/p>\n\n\n\n<blockquote class=\"wp-block-quote is-layout-flow wp-block-quote-is-layout-flow\"><p> L\u2019ACI s\u2019efforcera de cr\u00e9er et de maintenir un environnement de travail inclusif, dans lequel tous les employ\u00e9s et les b\u00e9n\u00e9voles se sentent valoris\u00e9s, respect\u00e9s et appuy\u00e9s, et o\u00f9 ils peuvent se pr\u00e9senter tels qu\u2019ils sont. <\/p><\/blockquote>\n\n\n\n<p>Nous intensifions nos efforts dans ce dossier cette ann\u00e9e, tout en \u00e9tant conscients qu\u2019il s\u2019agit d\u2019une mission continue. Nous envisageons toutefois de vous communiquer nos progr\u00e8s, alors que nous assumons notre responsabilit\u00e9, nous renfor\u00e7ons nos capacit\u00e9s et nous am\u00e9liorons continuellement nos pratiques li\u00e9es \u00e0 ces questions de si grande importance.<\/p>\n","protected":false},"excerpt":{"rendered":"<p>En tant qu\u2019une des plus importantes associations commerciales du Canada et l\u2019association nationale qui repr\u00e9sente les courtiers et agents immobiliers, nous avons l\u2019honneur de servir un ensemble diversifi\u00e9 de membres, soit plus de 135 000 courtiers et agents, qui vivent, travaillent et redonnent dans presque toutes les r\u00e9gions de notre merveilleux pays. Ces personnes redonnent &hellip; <a href=\"https:\/\/archive.cafe.crea.ca\/fr\/engagements-de-laci-en-matiere-de-diversite-dequite-dinclusion-et-dantiracisme\/\" class=\"more-link\">Continue reading <span class=\"screen-reader-text\">Engagements de l\u2019ACI en mati\u00e8re de diversit\u00e9, d\u2019\u00e9quit\u00e9, d\u2019inclusion et d\u2019antiracisme<\/span><\/a><\/p>\n","protected":false},"author":134,"featured_media":38097,"comment_status":"open","ping_status":"open","sticky":false,"template":"","format":"standard","meta":{"footnotes":""},"categories":[2366],"tags":[2378],"coauthors":[2397],"class_list":["post-38101","post","type-post","status-publish","format-standard","has-post-thumbnail","hentry","category-nouvelles-de-laci","tag-featured"],"aioseo_notices":[],"_links":{"self":[{"href":"https:\/\/archive.cafe.crea.ca\/fr\/wp-json\/wp\/v2\/posts\/38101"}],"collection":[{"href":"https:\/\/archive.cafe.crea.ca\/fr\/wp-json\/wp\/v2\/posts"}],"about":[{"href":"https:\/\/archive.cafe.crea.ca\/fr\/wp-json\/wp\/v2\/types\/post"}],"author":[{"embeddable":true,"href":"https:\/\/archive.cafe.crea.ca\/fr\/wp-json\/wp\/v2\/users\/134"}],"replies":[{"embeddable":true,"href":"https:\/\/archive.cafe.crea.ca\/fr\/wp-json\/wp\/v2\/comments?post=38101"}],"version-history":[{"count":2,"href":"https:\/\/archive.cafe.crea.ca\/fr\/wp-json\/wp\/v2\/posts\/38101\/revisions"}],"predecessor-version":[{"id":41328,"href":"https:\/\/archive.cafe.crea.ca\/fr\/wp-json\/wp\/v2\/posts\/38101\/revisions\/41328"}],"wp:featuredmedia":[{"embeddable":true,"href":"https:\/\/archive.cafe.crea.ca\/fr\/wp-json\/wp\/v2\/media\/38097"}],"wp:attachment":[{"href":"https:\/\/archive.cafe.crea.ca\/fr\/wp-json\/wp\/v2\/media?parent=38101"}],"wp:term":[{"taxonomy":"category","embeddable":true,"href":"https:\/\/archive.cafe.crea.ca\/fr\/wp-json\/wp\/v2\/categories?post=38101"},{"taxonomy":"post_tag","embeddable":true,"href":"https:\/\/archive.cafe.crea.ca\/fr\/wp-json\/wp\/v2\/tags?post=38101"},{"taxonomy":"author","embeddable":true,"href":"https:\/\/archive.cafe.crea.ca\/fr\/wp-json\/wp\/v2\/coauthors?post=38101"}],"curies":[{"name":"wp","href":"https:\/\/api.w.org\/{rel}","templated":true}]}}