{"id":37894,"date":"2021-05-19T09:38:17","date_gmt":"2021-05-19T13:38:17","guid":{"rendered":"https:\/\/archive.cafe.crea.ca\/?p=37894"},"modified":"2021-05-19T09:38:20","modified_gmt":"2021-05-19T13:38:20","slug":"reflexion-sur-le-racisme-anti-asiatique-dans-limmobilier","status":"publish","type":"post","link":"https:\/\/archive.cafe.crea.ca\/fr\/reflexion-sur-le-racisme-anti-asiatique-dans-limmobilier\/","title":{"rendered":"R\u00e9flexion sur le racisme anti-asiatique dans l\u2019immobilier"},"content":{"rendered":"\n<p>Bien que\nd\u00e9cri\u00e9e dans les m\u00e9dias depuis le d\u00e9but de la pand\u00e9mie, la mont\u00e9e du racisme\ncontre les personnes d\u2019ascendance asiatique a engendr\u00e9 une trag\u00e9die horrible\nprouvant \u00e0 quel point elle peut \u00eatre dangereuse.<\/p>\n\n\n\n<p>En <a rel=\"noreferrer noopener\" aria-label=\" (opens in a new tab)\" href=\"https:\/\/www.nytimes.com\/live\/2021\/03\/17\/us\/shooting-atlanta-acworth\" target=\"_blank\">mars\u00a02021, huit\u00a0personnes ont \u00e9t\u00e9 tu\u00e9es dans une fusillade de masse \u00e0 Atlanta, <\/a>signalant la <a rel=\"noreferrer noopener\" aria-label=\" (opens in a new tab)\" href=\"https:\/\/www.bbc.com\/news\/world-us-canada-56218684\" target=\"_blank\">croissance du racisme anti-asiatique aux \u00c9tats-Unis<\/a> et <a href=\"https:\/\/globalnews.ca\/news\/7784170\/hidden-hate-exposing-the-roots-of-anti-asian-racism-in-canada\/\" target=\"_blank\" rel=\"noreferrer noopener\" aria-label=\" (opens in a new tab)\">au Canada<\/a>.<\/p>\n\n\n\n<p><a href=\"https:\/\/vancouverpoliceboard.ca\/police\/policeboard\/agenda\/2021\/0218\/5-1-2102P01-Year-end-2020-KPI-Report.pdf\" target=\"_blank\" rel=\"noreferrer noopener\" aria-label=\" (opens in a new tab)\">Un r\u00e9cent rapport<\/a> du service de police de Vancouver indique une augmentation de 717\u00a0% des crimes haineux anti-asiatiques entre 2019 et 2020.<\/p>\n\n\n\n<p>M\u00eame sc\u00e9nario dans d\u2019autres grandes villes du pays\u00a0: des \u00e9tudes montrent <a href=\"https:\/\/www.ctvnews.ca\/canada\/reports-of-anti-asian-hate-crimes-are-surging-in-canada-during-the-covid-19-pandemic-1.5351481\" target=\"_blank\" rel=\"noreferrer noopener\" aria-label=\" (opens in a new tab)\">qu\u2019il y a eu une augmentation significative des crimes haineux contre les Canadiens d\u2019origine asiatique<\/a> depuis le d\u00e9but de la pand\u00e9mie.<\/p>\n\n\n\n<p>Pour souligner le <a rel=\"noreferrer noopener\" aria-label=\" (opens in a new tab)\" href=\"https:\/\/www.canada.ca\/fr\/patrimoine-canadien\/campagnes\/mois-patrimoine-asiatique.html\" target=\"_blank\">Mois du patrimoine asiatique<\/a>, j\u2019ai pens\u00e9 inviter des courtiers et agents immobiliers d\u2019origine est-asiatique \u00e0 nous faire part de leur v\u00e9cu avec le racisme, comme l\u2019ont fait quatre de nos courageux membres de la communaut\u00e9 noire <a href=\"https:\/\/archive.cafe.crea.ca\/fr\/les-membres-de-laci-reflechissent-a-black-lives-matter-et-au-racisme-au-canada\/\" target=\"_blank\" rel=\"noreferrer noopener\" aria-label=\" (opens in a new tab)\">en juin dernier<\/a>. Cependant, je me doutais que j\u2019allais avoir de la difficult\u00e9 \u00e0 trouver quelqu\u2019un de dispos\u00e9 \u00e0 se confier, car discuter publiquement du racisme anti-asiatique a toujours \u00e9t\u00e9 g\u00e9n\u00e9ralement d\u00e9courag\u00e9 dans ma famille. C\u2019est un sujet dont on ne parle tout simplement pas.<\/p>\n\n\n\n<p>En\ndiscutant avec des amis et coll\u00e8gues asiatiques comme moi, j\u2019ai confirm\u00e9 que\nmon exp\u00e9rience n\u2019\u00e9tait pas unique.<\/p>\n\n\n\n<p>En 2018, un membre de l\u2019ACI de la Colombie-Britannique a re\u00e7u une <a rel=\"noreferrer noopener\" aria-label=\" (opens in a new tab)\" href=\"https:\/\/www.ctvnews.ca\/canada\/it-disgusts-me-outrage-after-racist-letter-sent-to-asian-realtor-in-b-c-1.4109531\" target=\"_blank\">lettre de menaces anonyme<\/a> bl\u00e2mant les personnes asiatiques pour la crise du logement du Grand Vancouver. \u00c0 l\u2019\u00e9poque, <a rel=\"noreferrer noopener\" aria-label=\" (opens in a new tab)\" href=\"https:\/\/www.realtor.ca\/courtier-immobilier\/1428241\/tina-mak-201---5501-kingsway-burnaby-colombie-britannique-v5h2g3#firstname=Tina%20&amp;lastname=Mak&amp;page=1&amp;sort=3-A\" target=\"_blank\">Tina\u00a0Mak<\/a> de Macdonald Realty, membre de l\u2019ACI et pr\u00e9sidente fondatrice de la <a href=\"https:\/\/areaa.org\/vancouver\" target=\"_blank\" rel=\"noreferrer noopener\" aria-label=\" (opens in a new tab)\">section de Vancouver de l\u2019Asian Real Estate Association of America<\/a>, a parl\u00e9 de la pr\u00e9valence du racisme anti-asiatique \u00e0 Vancouver \u00e0 des journalistes.<\/p>\n\n\n\n<p>Elle a eu\nla g\u00e9n\u00e9rosit\u00e9 de me donner son opinion sur les attitudes envers les Canadiens d\u2019origine\nchinoise dans l\u2019ouest du Canada.<\/p>\n\n\n\n<p>\u00ab\u00a0Les investisseurs chinois sont fr\u00e9quemment bl\u00e2m\u00e9s pour la hausse des prix de l\u2019immobilier, et, malheureusement, sous cette influence, les d\u00e9cideurs sont maintenant sur le point d\u2019imposer une taxe f\u00e9d\u00e9rale aux propri\u00e9taires \u00e9trangers qui aura un impact disproportionn\u00e9 sur la communaut\u00e9 chinoise de la Colombie-Britannique\u00a0\u00bb, a-t-elle d\u00e9clar\u00e9, faisant r\u00e9f\u00e9rence au lien potentiel entre la <a href=\"https:\/\/www2.gov.bc.ca\/gov\/content\/taxes\/speculation-vacancy-tax\" target=\"_blank\" rel=\"noreferrer noopener\" aria-label=\" (opens in a new tab)\">taxe sur la sp\u00e9culation et l\u2019inoccupation en Colombie-Britannique<\/a> et les droits de mutation immobili\u00e8re pour les acheteurs \u00e9trangers dans la r\u00e9gion m\u00e9tropolitaine de Vancouver. \u00ab\u00a0Il vaudrait mieux que les diff\u00e9rents niveaux de gouvernement se concertent pour augmenter l\u2019offre de logements et lutter contre le blanchiment d\u2019argent\u2026 mais ce type de mesure ne permet pas de pointer un bouc \u00e9missaire du doigt.\u00a0\u00bb<\/p>\n\n\n\n<p>Concernant\nla r\u00e9ticence de la communaut\u00e9 chinoise \u00e0 s\u2019exprimer sur le sujet, M<sup>me<\/sup>&nbsp;Mak\npense que les attitudes changent et que la jeune g\u00e9n\u00e9ration va dans la bonne\ndirection. \u00ab&nbsp;Nos a\u00een\u00e9s n\u2019ont jamais voulu s\u2019exprimer par peur de\nrepr\u00e9sailles, ou parce qu\u2019ils croyaient que la confrontation ne serait pas\nproductive. Cependant, les Canadiens d\u2019origine chinoise de deuxi\u00e8me, troisi\u00e8me\nou quatri\u00e8me g\u00e9n\u00e9ration n\u2019acceptent simplement pas le peu d\u2019importance qu\u2019on\naccorde \u00e0 leurs revendications et ne tol\u00e8rent pas les abus. Ils parlent de leur\nsouffrance et je suis tr\u00e8s fi\u00e8re d\u2019eux.&nbsp;\u00bb<\/p>\n\n\n\n<p>Deux\u00a0membres de l\u2019ACI ont r\u00e9cemment \u00e9t\u00e9 l\u2019objet de propos anti-asiatiques apr\u00e8s avoir inscrit une propri\u00e9t\u00e9 de luxe de 12,8\u00a0M$ en Colombie-Britannique. Ils ont racont\u00e9 leur exp\u00e9rience dans <a href=\"https:\/\/www.bclocalnews.com\/news\/12-8-million-penticton-home-listing-sparks-racist-hateful-comments-2\/\" target=\"_blank\" rel=\"noreferrer noopener\" aria-label=\" (opens in a new tab)\">la presse locale<\/a>.<\/p>\n\n\n\n<p><a rel=\"noreferrer noopener\" aria-label=\" (opens in a new tab)\" href=\"https:\/\/www.realtor.ca\/courtier-immobilier\/2079664\/matt-zhang-3195-oak-street-vancouver-colombie-britannique-v6h2l2#firstname=Matt&amp;lastname=Zhang&amp;page=1&amp;sort=3-A\" target=\"_blank\">Matt\u00a0Zhang<\/a>, qui est sino-canadien, <a rel=\"noreferrer noopener\" aria-label=\" (opens in a new tab)\" href=\"https:\/\/globalnews.ca\/news\/7811704\/vancouver-realtors-racist-threatening-messages-okanagan-home\/\" target=\"_blank\">a d\u00e9clar\u00e9 \u00e0 Global News<\/a> que lui et son associ\u00e9 <a href=\"https:\/\/www.realtor.ca\/courtier-immobilier\/1957105\/kevin-chen-3195-oak-street-vancouver-colombie-britannique-v6h2l2\" target=\"_blank\" rel=\"noreferrer noopener\" aria-label=\" (opens in a new tab)\">Kevin\u00a0Chen<\/a> avaient remarqu\u00e9 des commentaires racistes en ligne apr\u00e8s la publication d\u2019un article concernant la propri\u00e9t\u00e9.<\/p>\n\n\n\n<p>\u00ab\u00a0C\u2019est triste \u00e0 dire, mais on y est habitu\u00e9s. En tant que jeunes hommes asiatiques dans l\u2019immobilier, \u00e7a fait partie de notre vie. C\u2019est juste triste que les sautent aux conclusions\u00a0\u00bb, <a href=\"https:\/\/globalnews.ca\/news\/7811704\/vancouver-realtors-racist-threatening-messages-okanagan-home\/\" target=\"_blank\" rel=\"noreferrer noopener\" aria-label=\" (opens in a new tab)\">a-t-il d\u00e9clar\u00e9 \u00e0 la cha\u00eene d\u2019information<\/a>.<\/p>\n\n\n\n<h2 class=\"wp-block-heading\">R\u00e9actions\npolitiques<\/h2>\n\n\n\n<p>La classe politique a aussi r\u00e9agi \u00e0 la tuerie de mars\u00a02021. <a href=\"https:\/\/globalnews.ca\/news\/7712225\/mps-condemn-anti-asian-hate\/\" target=\"_blank\" rel=\"noreferrer noopener\" aria-label=\" (opens in a new tab)\">Jagmeet\u00a0Singh, le chef du NPD, a pr\u00e9sent\u00e9 une motion<\/a> qui a \u00e9t\u00e9 adopt\u00e9e \u00e0 l\u2019unanimit\u00e9 \u00e0 la Chambre des communes, demandant aux d\u00e9put\u00e9s de condamner la mont\u00e9e du racisme anti-asiatique et des attaques racistes partout en Am\u00e9rique du Nord, et a exhort\u00e9 le gouvernement \u00e0 prendre de nouvelles mesures pour lutter contre les crimes haineux.<\/p>\n\n\n\n<p>En outre, la <a href=\"https:\/\/www.macleans.ca\/news\/asian-canadians-will-not-be-able-to-fight-this-alone-mary-ng-on-anti-asian-racism\/\" target=\"_blank\" rel=\"noreferrer noopener\" aria-label=\" (opens in a new tab)\">ministre de la Petite Entreprise, de la Promotion des exportations et du Commerce international<\/a> Mary\u00a0Ng a racont\u00e9 comment les \u00e9v\u00e9nements l\u2019ont affect\u00e9e en tant que personne d\u2019origine est-asiatique\u00a0:<\/p>\n\n\n\n<p>\u00ab&nbsp;Il y\na quelques jours, une amie m\u2019a envoy\u00e9 un texto tellement d\u00e9courageant qui\ndisait&nbsp;: \u201cTu ne vas pas le croire, mais ma m\u00e8re de 70&nbsp;ans me demande\no\u00f9 acheter du poivre de Cayenne \u00e0 Vancouver\u201d, parce qu\u2019elle s\u2019inqui\u00e9tait pour\nsa s\u00e9curit\u00e9. J\u2019ai peur de ce qu\u2019il pourrait arriver. \u00c7a pourrait arriver \u00e0 n\u2019importe\nqui&nbsp;: nos amis, nos voisins, des travailleurs de premi\u00e8re ligne, des\nm\u00e9decins, des professionnels. Et peut-\u00eatre m\u00eame \u00e0 moi&nbsp;\u00bb, s\u2019inqui\u00e8te-t-elle\ndans une entrevue pour le magazine <em>Maclean\u2019s<\/em>.<\/p>\n\n\n\n<blockquote class=\"instagram-media\" data-instgrm-captioned data-instgrm-permalink=\"https:\/\/www.instagram.com\/p\/CMhWg7bp7EG\/?utm_source=ig_embed&amp;utm_campaign=loading\" data-instgrm-version=\"13\" style=\" background:#FFF; border:0; border-radius:3px; box-shadow:0 0 1px 0 rgba(0,0,0,0.5),0 1px 10px 0 rgba(0,0,0,0.15); margin: 1px; max-width:540px; min-width:326px; padding:0; width:99.375%; width:-webkit-calc(100% - 2px); width:calc(100% - 2px);\"><div style=\"padding:16px;\"> <a href=\"https:\/\/www.instagram.com\/p\/CMhWg7bp7EG\/?utm_source=ig_embed&amp;utm_campaign=loading\" style=\" background:#FFFFFF; line-height:0; padding:0 0; text-align:center; text-decoration:none; width:100%;\" target=\"_blank\" rel=\"noopener noreferrer\"> <div style=\" display: flex; flex-direction: row; align-items: center;\"> <div style=\"background-color: #F4F4F4; border-radius: 50%; flex-grow: 0; height: 40px; margin-right: 14px; width: 40px;\"><\/div> <div style=\"display: flex; flex-direction: column; flex-grow: 1; justify-content: center;\"> <div style=\" background-color: #F4F4F4; border-radius: 4px; flex-grow: 0; height: 14px; margin-bottom: 6px; width: 100px;\"><\/div> <div style=\" background-color: #F4F4F4; border-radius: 4px; flex-grow: 0; height: 14px; width: 60px;\"><\/div><\/div><\/div><div style=\"padding: 19% 0;\"><\/div> <div style=\"display:block; height:50px; margin:0 auto 12px; width:50px;\"><svg width=\"50px\" height=\"50px\" viewBox=\"0 0 60 60\" version=\"1.1\" xmlns=\"https:\/\/www.w3.org\/2000\/svg\" xmlns:xlink=\"https:\/\/www.w3.org\/1999\/xlink\"><g stroke=\"none\" stroke-width=\"1\" fill=\"none\" fill-rule=\"evenodd\"><g transform=\"translate(-511.000000, -20.000000)\" fill=\"#000000\"><g><path d=\"M556.869,30.41 C554.814,30.41 553.148,32.076 553.148,34.131 C553.148,36.186 554.814,37.852 556.869,37.852 C558.924,37.852 560.59,36.186 560.59,34.131 C560.59,32.076 558.924,30.41 556.869,30.41 M541,60.657 C535.114,60.657 530.342,55.887 530.342,50 C530.342,44.114 535.114,39.342 541,39.342 C546.887,39.342 551.658,44.114 551.658,50 C551.658,55.887 546.887,60.657 541,60.657 M541,33.886 C532.1,33.886 524.886,41.1 524.886,50 C524.886,58.899 532.1,66.113 541,66.113 C549.9,66.113 557.115,58.899 557.115,50 C557.115,41.1 549.9,33.886 541,33.886 M565.378,62.101 C565.244,65.022 564.756,66.606 564.346,67.663 C563.803,69.06 563.154,70.057 562.106,71.106 C561.058,72.155 560.06,72.803 558.662,73.347 C557.607,73.757 556.021,74.244 553.102,74.378 C549.944,74.521 548.997,74.552 541,74.552 C533.003,74.552 532.056,74.521 528.898,74.378 C525.979,74.244 524.393,73.757 523.338,73.347 C521.94,72.803 520.942,72.155 519.894,71.106 C518.846,70.057 518.197,69.06 517.654,67.663 C517.244,66.606 516.755,65.022 516.623,62.101 C516.479,58.943 516.448,57.996 516.448,50 C516.448,42.003 516.479,41.056 516.623,37.899 C516.755,34.978 517.244,33.391 517.654,32.338 C518.197,30.938 518.846,29.942 519.894,28.894 C520.942,27.846 521.94,27.196 523.338,26.654 C524.393,26.244 525.979,25.756 528.898,25.623 C532.057,25.479 533.004,25.448 541,25.448 C548.997,25.448 549.943,25.479 553.102,25.623 C556.021,25.756 557.607,26.244 558.662,26.654 C560.06,27.196 561.058,27.846 562.106,28.894 C563.154,29.942 563.803,30.938 564.346,32.338 C564.756,33.391 565.244,34.978 565.378,37.899 C565.522,41.056 565.552,42.003 565.552,50 C565.552,57.996 565.522,58.943 565.378,62.101 M570.82,37.631 C570.674,34.438 570.167,32.258 569.425,30.349 C568.659,28.377 567.633,26.702 565.965,25.035 C564.297,23.368 562.623,22.342 560.652,21.575 C558.743,20.834 556.562,20.326 553.369,20.18 C550.169,20.033 549.148,20 541,20 C532.853,20 531.831,20.033 528.631,20.18 C525.438,20.326 523.257,20.834 521.349,21.575 C519.376,22.342 517.703,23.368 516.035,25.035 C514.368,26.702 513.342,28.377 512.574,30.349 C511.834,32.258 511.326,34.438 511.181,37.631 C511.035,40.831 511,41.851 511,50 C511,58.147 511.035,59.17 511.181,62.369 C511.326,65.562 511.834,67.743 512.574,69.651 C513.342,71.625 514.368,73.296 516.035,74.965 C517.703,76.634 519.376,77.658 521.349,78.425 C523.257,79.167 525.438,79.673 528.631,79.82 C531.831,79.965 532.853,80.001 541,80.001 C549.148,80.001 550.169,79.965 553.369,79.82 C556.562,79.673 558.743,79.167 560.652,78.425 C562.623,77.658 564.297,76.634 565.965,74.965 C567.633,73.296 568.659,71.625 569.425,69.651 C570.167,67.743 570.674,65.562 570.82,62.369 C570.966,59.17 571,58.147 571,50 C571,41.851 570.966,40.831 570.82,37.631\"><\/path><\/g><\/g><\/g><\/svg><\/div><div style=\"padding-top: 8px;\"> <div style=\" color:#3897f0; font-family:Arial,sans-serif; font-size:14px; font-style:normal; font-weight:550; line-height:18px;\"> View this post on Instagram<\/div><\/div><div style=\"padding: 12.5% 0;\"><\/div> <div style=\"display: flex; flex-direction: row; margin-bottom: 14px; align-items: center;\"><div> <div style=\"background-color: #F4F4F4; border-radius: 50%; height: 12.5px; width: 12.5px; transform: translateX(0px) translateY(7px);\"><\/div> <div style=\"background-color: #F4F4F4; height: 12.5px; transform: rotate(-45deg) translateX(3px) translateY(1px); width: 12.5px; flex-grow: 0; margin-right: 14px; margin-left: 2px;\"><\/div> <div style=\"background-color: #F4F4F4; border-radius: 50%; height: 12.5px; width: 12.5px; transform: translateX(9px) translateY(-18px);\"><\/div><\/div><div style=\"margin-left: 8px;\"> <div style=\" background-color: #F4F4F4; border-radius: 50%; flex-grow: 0; height: 20px; width: 20px;\"><\/div> <div style=\" width: 0; height: 0; border-top: 2px solid transparent; border-left: 6px solid #f4f4f4; border-bottom: 2px solid transparent; transform: translateX(16px) translateY(-4px) rotate(30deg)\"><\/div><\/div><div style=\"margin-left: auto;\"> <div style=\" width: 0px; border-top: 8px solid #F4F4F4; border-right: 8px solid transparent; transform: translateY(16px);\"><\/div> <div style=\" background-color: #F4F4F4; flex-grow: 0; height: 12px; width: 16px; transform: translateY(-4px);\"><\/div> <div style=\" width: 0; height: 0; border-top: 8px solid #F4F4F4; border-left: 8px solid transparent; transform: translateY(-4px) translateX(8px);\"><\/div><\/div><\/div> <div style=\"display: flex; flex-direction: column; flex-grow: 1; justify-content: center; margin-bottom: 24px;\"> <div style=\" background-color: #F4F4F4; border-radius: 4px; flex-grow: 0; height: 14px; margin-bottom: 6px; width: 224px;\"><\/div> <div style=\" background-color: #F4F4F4; border-radius: 4px; flex-grow: 0; height: 14px; width: 144px;\"><\/div><\/div><\/a><p style=\" color:#c9c8cd; font-family:Arial,sans-serif; font-size:14px; line-height:17px; margin-bottom:0; margin-top:8px; overflow:hidden; padding:8px 0 7px; text-align:center; text-overflow:ellipsis; white-space:nowrap;\"><a href=\"https:\/\/www.instagram.com\/p\/CMhWg7bp7EG\/?utm_source=ig_embed&amp;utm_campaign=loading\" style=\" color:#c9c8cd; font-family:Arial,sans-serif; font-size:14px; font-style:normal; font-weight:normal; line-height:17px; text-decoration:none;\" target=\"_blank\" rel=\"noopener noreferrer\">A post shared by Mary Ng (@mary_ng)<\/a><\/p><\/div><\/blockquote> <script async src=\"\/\/www.instagram.com\/embed.js\"><\/script>\n\n\n\n<h2 class=\"wp-block-heading\">S\u00e9curit\u00e9 des courtiers et\nagents immobiliers<\/h2>\n\n\n\n<p>Alors, qu\u2019est-ce\nqu\u2019on peut faire?<\/p>\n\n\n\n<p>Premi\u00e8rement, la s\u00e9curit\u00e9 physique des courtiers et agents immobiliers et de leurs clients de la communaut\u00e9 asiatique est primordiale. Nos homologues am\u00e9ricains de la National Association of REALTORS\u00ae ont cr\u00e9\u00e9 la page <a rel=\"noreferrer noopener\" aria-label=\" (opens in a new tab)\" href=\"https:\/\/www.nar.realtor\/safety\" target=\"_blank\">REALTORS\u00ae Safety Program Resources<\/a>, qui pr\u00e9sente les meilleures pratiques pour assurer votre s\u00e9curit\u00e9. Nous vous encourageons \u00e0 la consulter et \u00e0 mettre en place les mesures propos\u00e9es au besoin.<\/p>\n\n\n\n<h2 class=\"wp-block-heading\"> Aussi, au Caf\u00e9 ACI :  <\/h2>\n\n\n\n<ul class=\"wp-block-list\"><li> \u00a0\u00a0\u00a0\u00a0\u00a0   <a rel=\"noreferrer noopener\" aria-label=\" (opens in a new tab)\" href=\"https:\/\/archive.cafe.crea.ca\/fr\/habiliter-les-membres-grace-a-la-formation-en-matiere-de-securite\/\" target=\"_blank\">Habiliter les membres gr\u00e2ce \u00e0 la   formation en mati\u00e8re de s\u00e9curit\u00e9<\/a>   <\/li><li> \u00a0\u00a0\u00a0\u00a0   <a href=\"https:\/\/archive.cafe.crea.ca\/fr\/votre-securite-passe-avant-tout-cinq-conseils-pour-courtiers-et-agents\/\" target=\"_blank\" rel=\"noreferrer noopener\" aria-label=\" (opens in a new tab)\">Votre s\u00e9curit\u00e9 passe avant tout\u00a0:   cinq\u00a0conseils pour courtiers et agents<\/a><\/li><\/ul>\n\n\n\n<p>Deuxi\u00e8mement,\nles agences immobili\u00e8res et les franchiseurs peuvent contribuer en s\u2019assurant\nde mettre en place des politiques rigoureuses contre la discrimination, le\nsectarisme et la violence. Les simples communiqu\u00e9s d\u2019appui \u00e0 la communaut\u00e9\nasiatique du Canada p\u00e8sent beaucoup moins dans la balance que les mesures\nconcr\u00e8tes, comme l\u2019examen du plan strat\u00e9gique de votre organisation dans une\noptique d\u2019\u00e9quit\u00e9 raciale et l\u2019embauche d\u2019un conseiller en diversit\u00e9 pour former\nles courtiers et agents immobiliers.<\/p>\n\n\n\n<p>Enfin, nos\ncourtiers et agents immobiliers asiatiques ne doivent pas laisser les incidents\nde racisme au travail passer sous le radar. Les probl\u00e8mes auxquels ils sont\nconfront\u00e9s ne seront jamais r\u00e9solus de mani\u00e8re ad\u00e9quate tant que l\u2019ampleur du\nprobl\u00e8me ne sera pas mise au jour. L\u2019avenir nous r\u00e9serve des discussions\ndifficiles, mais essentielles pour progresser.<\/p>\n\n\n\n<p>L\u2019ACI\nappuie les courtiers et agents immobiliers d\u2019origine asiatique et toute la\ncommunaut\u00e9 asiatique. Nous sommes soucieux de votre s\u00e9curit\u00e9, ainsi que de\ncelle de vos amis, proches et clients.<\/p>\n\n\n\n<p class=\"has-background has-very-light-gray-background-color\"><em>L\u2019ACI s\u2019engage \u00e0 favoriser un environnement diversifi\u00e9, \u00e9quitable, inclusif et antiraciste pour tous ses employ\u00e9s, ses b\u00e9n\u00e9voles et ses membres. Nous croyons que cet engagement continu en faveur de la diversit\u00e9, de l\u2019\u00e9quit\u00e9, de l\u2019inclusion (DEI) et de la lutte contre le racisme est la bonne chose \u00e0 faire. C\u2019est aussi un ingr\u00e9dient essentiel au succ\u00e8s \u00e0 long terme et de la p\u00e9rennit\u00e9 de notre association, et tous nos membres et la soci\u00e9t\u00e9 en g\u00e9n\u00e9ral en profiteront amplement. En savoir plus sur <a href=\"https:\/\/www.crea.ca\/fr\/about\/crea-dei\/\" target=\"_blank\" rel=\"noreferrer noopener\" aria-label=\" (opens in a new tab)\">les engagements de l\u2019ACI en mati\u00e8re de diversit\u00e9, d\u2019\u00e9quit\u00e9, d\u2019inclusion et d\u2019antiracisme.<\/a><\/em><\/p>\n","protected":false},"excerpt":{"rendered":"<p>Bien que d\u00e9cri\u00e9e dans les m\u00e9dias depuis le d\u00e9but de la pand\u00e9mie, la mont\u00e9e du racisme contre les personnes d\u2019ascendance asiatique a engendr\u00e9 une trag\u00e9die horrible prouvant \u00e0 quel point elle peut \u00eatre dangereuse. En mars\u00a02021, huit\u00a0personnes ont \u00e9t\u00e9 tu\u00e9es dans une fusillade de masse \u00e0 Atlanta, signalant la croissance du racisme anti-asiatique aux \u00c9tats-Unis &hellip; <a href=\"https:\/\/archive.cafe.crea.ca\/fr\/reflexion-sur-le-racisme-anti-asiatique-dans-limmobilier\/\" class=\"more-link\">Continue reading <span class=\"screen-reader-text\">R\u00e9flexion sur le racisme anti-asiatique dans l\u2019immobilier<\/span><\/a><\/p>\n","protected":false},"author":118,"featured_media":37890,"comment_status":"open","ping_status":"open","sticky":false,"template":"","format":"standard","meta":{"footnotes":""},"categories":[2369],"tags":[2378],"coauthors":[2329],"class_list":["post-37894","post","type-post","status-publish","format-standard","has-post-thumbnail","hentry","category-defense-des-interets","tag-featured"],"aioseo_notices":[],"_links":{"self":[{"href":"https:\/\/archive.cafe.crea.ca\/fr\/wp-json\/wp\/v2\/posts\/37894"}],"collection":[{"href":"https:\/\/archive.cafe.crea.ca\/fr\/wp-json\/wp\/v2\/posts"}],"about":[{"href":"https:\/\/archive.cafe.crea.ca\/fr\/wp-json\/wp\/v2\/types\/post"}],"author":[{"embeddable":true,"href":"https:\/\/archive.cafe.crea.ca\/fr\/wp-json\/wp\/v2\/users\/118"}],"replies":[{"embeddable":true,"href":"https:\/\/archive.cafe.crea.ca\/fr\/wp-json\/wp\/v2\/comments?post=37894"}],"version-history":[{"count":1,"href":"https:\/\/archive.cafe.crea.ca\/fr\/wp-json\/wp\/v2\/posts\/37894\/revisions"}],"predecessor-version":[{"id":37895,"href":"https:\/\/archive.cafe.crea.ca\/fr\/wp-json\/wp\/v2\/posts\/37894\/revisions\/37895"}],"wp:featuredmedia":[{"embeddable":true,"href":"https:\/\/archive.cafe.crea.ca\/fr\/wp-json\/wp\/v2\/media\/37890"}],"wp:attachment":[{"href":"https:\/\/archive.cafe.crea.ca\/fr\/wp-json\/wp\/v2\/media?parent=37894"}],"wp:term":[{"taxonomy":"category","embeddable":true,"href":"https:\/\/archive.cafe.crea.ca\/fr\/wp-json\/wp\/v2\/categories?post=37894"},{"taxonomy":"post_tag","embeddable":true,"href":"https:\/\/archive.cafe.crea.ca\/fr\/wp-json\/wp\/v2\/tags?post=37894"},{"taxonomy":"author","embeddable":true,"href":"https:\/\/archive.cafe.crea.ca\/fr\/wp-json\/wp\/v2\/coauthors?post=37894"}],"curies":[{"name":"wp","href":"https:\/\/api.w.org\/{rel}","templated":true}]}}