{"id":37833,"date":"2021-05-13T10:13:50","date_gmt":"2021-05-13T14:13:50","guid":{"rendered":"https:\/\/archive.cafe.crea.ca\/?p=37833"},"modified":"2021-05-13T10:35:43","modified_gmt":"2021-05-13T14:35:43","slug":"le-sommet-des-dirigeants-dagence-de-laci-du-printemps-se-penchera-sur-lavenir-des-agences-immobilieres","status":"publish","type":"post","link":"https:\/\/archive.cafe.crea.ca\/fr\/le-sommet-des-dirigeants-dagence-de-laci-du-printemps-se-penchera-sur-lavenir-des-agences-immobilieres\/","title":{"rendered":"Le Sommet des dirigeants d\u2019agence de l\u2019ACI du printemps se penchera sur l\u2019avenir des agences immobili\u00e8res"},"content":{"rendered":"\n<p>Attention dirigeants d\u2019agence! Le Sommet des dirigeants d\u2019agence de l\u2019ACI du printemps est de retour cette ann\u00e9e. Ne manquez pas cette occasion d\u2019obtenir des renseignements sur le march\u00e9 et des conseils d\u2019experts invit\u00e9s qui contribueront \u00e0 la r\u00e9ussite de votre entreprise.<\/p>\n\n\n\n<p>L\u2019an dernier, 300 dirigeants d\u2019agence chevronn\u00e9s ont assist\u00e9 au Sommet. Cette ann\u00e9e, des centaines d\u2019autres se joindront \u00e0 cette conf\u00e9rence virtuelle, qui sera anim\u00e9e par le pr\u00e9sident de l\u2019ACI, <a href=\"https:\/\/www.realtor.ca\/agent\/1561747\/cliff-stevenson-115-8820-blackfoot-trail-se-calgary-alberta-t2j3j1#firstname=Cliff%20&amp;lastname=Stevenson&amp;page=1&amp;sort=3-A\" target=\"_blank\" rel=\"noreferrer noopener\" aria-label=\"Cliff Stevenson (opens in a new tab)\">Cliff Stevenson<\/a>. Des leaders du secteur et des repr\u00e9sentants de l\u2019ACI discuteront de sujets cl\u00e9s, y compris :<\/p>\n\n\n\n<ul class=\"wp-block-list\"><li>les r\u00e9percussions sur les march\u00e9s r\u00e9sidentiels, sur l\u2019investissement, la location et le d\u00e9veloppement;<\/li><li>la conformit\u00e9 au r\u00e9gime CANAFE;<\/li><li>les occasions d\u2019affaires internationales;<\/li><li>l\u2019\u00e9volution des agences immobili\u00e8res;<\/li><li>la nouvelle g\u00e9n\u00e9ration d\u2019acheteurs;<\/li><li>la r\u00e9tention des talents;<\/li><li>d\u2019autres possibilit\u00e9s d\u2019apprentissage.<\/li><\/ul>\n\n\n\n<figure class=\"wp-block-image\"><img loading=\"lazy\" decoding=\"async\" width=\"1200\" height=\"630\" src=\"https:\/\/archive.cafe.crea.ca\/wp-content\/uploads\/2021\/05\/broker_summit_social_FR_1@2x.png\" alt=\"\" class=\"wp-image-37834\" srcset=\"https:\/\/archive.cafe.crea.ca\/wp-content\/uploads\/2021\/05\/broker_summit_social_FR_1@2x.png 1200w, https:\/\/archive.cafe.crea.ca\/wp-content\/uploads\/2021\/05\/broker_summit_social_FR_1@2x-768x403.png 768w, https:\/\/archive.cafe.crea.ca\/wp-content\/uploads\/2021\/05\/broker_summit_social_FR_1@2x-1088x571.png 1088w\" sizes=\"(max-width: 1200px) 100vw, 1200px\" \/><\/figure>\n\n\n\n<p>Pour seulement 65 $, vous pourrez assister \u00e0 tout un\napr\u00e8s-midi de s\u00e9ances en direct et pr\u00e9enregistr\u00e9es, y compris :<\/p>\n\n\n\n<p><strong>Saisir les occasions d\u2019affaires internationales<\/strong> avec <a rel=\"noreferrer noopener\" aria-label=\"Pauline Aunger  (opens in a new tab)\" href=\"https:\/\/www.realtor.ca\/agent\/1458209\/pauline-aunger-22-beckwith-st-s-smiths-falls-ontario-k7a2a8\" target=\"_blank\">Pauline Aunger <\/a>(propri\u00e9taire d\u2019agence, Royal LePage Advantage Real Estate, Brokerage), <a rel=\"noreferrer noopener\" aria-label=\"Tina Mak (opens in a new tab)\" href=\"https:\/\/www.realtor.ca\/agent\/1428241\/tina-mak-201---5501-kingsway-burnaby-british-columbia-v5h2g3#firstname=Tina%20&amp;lastname=Mak%20&amp;page=1&amp;sort=3-A\" target=\"_blank\">Tina Mak<\/a> (Macdonald Realty) et <a href=\"http:\/\/www.carlosluxhomes.com\/\" target=\"_blank\" rel=\"noreferrer noopener\" aria-label=\"Carlos Alleyne (opens in a new tab)\">Carlos Alleyne<\/a> (RE\/MAX Advantage Plus, Delray Beach (Floride)).<\/p>\n\n\n\n<p><strong>L\u2019\u00e9volution des agences immobili\u00e8res<\/strong> avec <a rel=\"noreferrer noopener\" aria-label=\"Kent Browne (opens in a new tab)\" href=\"https:\/\/www.realtor.ca\/agent\/1402971\/kent-browne-1723-carling-avenue-suite-1-ottawa-ontario-k2a1c8#firstname=Kent%20&amp;lastname=Browne%20&amp;page=1&amp;sort=3-A\" target=\"_blank\">Kent Browne<\/a> (propri\u00e9taire d\u2019agence, Royal LePage Team Realty), <a rel=\"noreferrer noopener\" aria-label=\"Costa Poulopoulos (opens in a new tab)\" href=\"https:\/\/www.realtor.ca\/agent\/1387787\/costa-poulopoulos-519-york-street-london-ontario-n6b1r4\" target=\"_blank\">Costa Poulopoulos<\/a> (propri\u00e9taire d\u2019agence, StreetCity Realty Inc. et pr\u00e9sident sortant de l\u2019ACI) et <a href=\"https:\/\/www.realtor.ca\/agent\/1662408\/rick-sergison#firstname=Rick%20&amp;lastname=Sergison%20&amp;page=1&amp;sort=3-A\" target=\"_blank\" rel=\"noreferrer noopener\" aria-label=\"Rick Sergison (opens in a new tab)\">Rick Sergison<\/a> (dirigeant d\u2019agence, EXP Realty Brokerage).<\/p>\n\n\n\n<p><strong>Perturbations possibles post-pand\u00e9mie<\/strong> avec <a href=\"https:\/\/www.shindico.com\/index.php\/sandy-shindleman\" target=\"_blank\" rel=\"noreferrer noopener\" aria-label=\"Sandy Shindleman (opens in a new tab)\">Sandy Shindleman<\/a> (pr\u00e9sident et chef de la direction, Shindico) et Damon Conrad (directeur national, immobilier commercial, Royal LePage Commercial).<\/p>\n\n\n\n<p><strong>Recruter et maintenir en poste une nouvelle g\u00e9n\u00e9ration de courtiers et d\u2019agents<\/strong> avec <a href=\"https:\/\/www.realtor.ca\/agent\/1405977\/dianne-usher-1867-yonge-street-ste-100-toronto-ontario-m4s1y5\" target=\"_blank\" rel=\"noreferrer noopener\" aria-label=\"Dianne Usher (opens in a new tab)\">Dianne Usher<\/a> (dirigeante d\u2019agence, Sotheby\u2019s International Realty) et <a rel=\"noreferrer noopener\" aria-label=\"Val\u00e9rie Paquin (opens in a new tab)\" href=\"https:\/\/www.realtor.ca\/agent\/1536251\/val%C3%A9rie-paquin-1048-boul-labelle--blainville-quebec-j7c2m6#firstname=Valerie%20&amp;lastname=Paquin%20&amp;page=1&amp;sort=3-A\" target=\"_blank\">Val\u00e9rie Paquin<\/a> (VIA CAPITALE RIVE-NORD &#8211; Blainville).<\/p>\n\n\n\n<p>Vous voulez savoir ce que vous avez manqu\u00e9 lors de notre\ndernier Sommet des dirigeants d\u2019agence?<\/p>\n\n\n\n<h2 class=\"wp-block-heading\">Vous pouvez vous rattraper en regardant les sessions\nci-dessous.<\/h2>\n\n\n\n<ul class=\"wp-block-list\"><li><a rel=\"noreferrer noopener\" aria-label=\"Viabilit\u00e9 des agences : les enjeux qui pr\u00e9occupent les dirigeants (opens in a new tab)\" href=\"https:\/\/archive.cafe.crea.ca\/fr\/viabilite-des-agences-les-enjeux-qui-preoccupent-les-dirigeants\/\" target=\"_blank\">Viabilit\u00e9 des agences : les enjeux qui pr\u00e9occupent les dirigeants<\/a><\/li><li><a rel=\"noreferrer noopener\" aria-label=\"L\u2019\u00e9mergence d\u2019\u00e9quipes au d\u00e9triment des agences traditionnelles (opens in a new tab)\" href=\"https:\/\/archive.cafe.crea.ca\/fr\/lemergence-dequipes-au-detriment-des-agences-traditionnelles\/\" target=\"_blank\">L\u2019\u00e9mergence d\u2019\u00e9quipes au d\u00e9triment des agences traditionnelles<\/a><\/li><li><a href=\"https:\/\/archive.cafe.crea.ca\/fr\/les-tendances-technologiques-influencant-le-modele-de-courtage\/\" target=\"_blank\" rel=\"noreferrer noopener\" aria-label=\"Les tendances technologiques influen\u00e7ant le mod\u00e8le de courtage (opens in a new tab)\">Les tendances technologiques influen\u00e7ant le mod\u00e8le de courtage<\/a><\/li><\/ul>\n\n\n\n<p>Visitez le<a href=\"https:\/\/www.crea.ca\/brokersummit?utm_source=realtor.ca&amp;utm_medium=referral&amp;utm_campaign=livingroom\" target=\"_blank\" rel=\"noreferrer noopener\" aria-label=\" site Web du Sommet (opens in a new tab)\"> site Web du Sommet<\/a> afin de consulter le programme complet et d\u2019obtenir des d\u00e9tails sur l\u2019inscription.<\/p>\n","protected":false},"excerpt":{"rendered":"<p>Attention dirigeants d\u2019agence! Le Sommet des dirigeants d\u2019agence de l\u2019ACI du printemps est de retour cette ann\u00e9e. Ne manquez pas cette occasion d\u2019obtenir des renseignements sur le march\u00e9 et des conseils d\u2019experts invit\u00e9s qui contribueront \u00e0 la r\u00e9ussite de votre entreprise. L\u2019an dernier, 300 dirigeants d\u2019agence chevronn\u00e9s ont assist\u00e9 au Sommet. Cette ann\u00e9e, des centaines &hellip; <a href=\"https:\/\/archive.cafe.crea.ca\/fr\/le-sommet-des-dirigeants-dagence-de-laci-du-printemps-se-penchera-sur-lavenir-des-agences-immobilieres\/\" class=\"more-link\">Continue reading <span class=\"screen-reader-text\">Le Sommet des dirigeants d\u2019agence de l\u2019ACI du printemps se penchera sur l\u2019avenir des agences immobili\u00e8res<\/span><\/a><\/p>\n","protected":false},"author":141,"featured_media":37836,"comment_status":"open","ping_status":"open","sticky":false,"template":"","format":"standard","meta":{"footnotes":""},"categories":[2366],"tags":[2378],"coauthors":[2404],"class_list":["post-37833","post","type-post","status-publish","format-standard","has-post-thumbnail","hentry","category-nouvelles-de-laci","tag-featured"],"aioseo_notices":[],"_links":{"self":[{"href":"https:\/\/archive.cafe.crea.ca\/fr\/wp-json\/wp\/v2\/posts\/37833"}],"collection":[{"href":"https:\/\/archive.cafe.crea.ca\/fr\/wp-json\/wp\/v2\/posts"}],"about":[{"href":"https:\/\/archive.cafe.crea.ca\/fr\/wp-json\/wp\/v2\/types\/post"}],"author":[{"embeddable":true,"href":"https:\/\/archive.cafe.crea.ca\/fr\/wp-json\/wp\/v2\/users\/141"}],"replies":[{"embeddable":true,"href":"https:\/\/archive.cafe.crea.ca\/fr\/wp-json\/wp\/v2\/comments?post=37833"}],"version-history":[{"count":2,"href":"https:\/\/archive.cafe.crea.ca\/fr\/wp-json\/wp\/v2\/posts\/37833\/revisions"}],"predecessor-version":[{"id":37842,"href":"https:\/\/archive.cafe.crea.ca\/fr\/wp-json\/wp\/v2\/posts\/37833\/revisions\/37842"}],"wp:featuredmedia":[{"embeddable":true,"href":"https:\/\/archive.cafe.crea.ca\/fr\/wp-json\/wp\/v2\/media\/37836"}],"wp:attachment":[{"href":"https:\/\/archive.cafe.crea.ca\/fr\/wp-json\/wp\/v2\/media?parent=37833"}],"wp:term":[{"taxonomy":"category","embeddable":true,"href":"https:\/\/archive.cafe.crea.ca\/fr\/wp-json\/wp\/v2\/categories?post=37833"},{"taxonomy":"post_tag","embeddable":true,"href":"https:\/\/archive.cafe.crea.ca\/fr\/wp-json\/wp\/v2\/tags?post=37833"},{"taxonomy":"author","embeddable":true,"href":"https:\/\/archive.cafe.crea.ca\/fr\/wp-json\/wp\/v2\/coauthors?post=37833"}],"curies":[{"name":"wp","href":"https:\/\/api.w.org\/{rel}","templated":true}]}}