{"id":37753,"date":"2021-05-06T09:23:22","date_gmt":"2021-05-06T13:23:22","guid":{"rendered":"https:\/\/archive.cafe.crea.ca\/?p=37753"},"modified":"2021-05-06T11:05:05","modified_gmt":"2021-05-06T15:05:05","slug":"deuxieme-assemblee-generale-annuelle-virtuelle-de-laci","status":"publish","type":"post","link":"https:\/\/archive.cafe.crea.ca\/fr\/deuxieme-assemblee-generale-annuelle-virtuelle-de-laci\/","title":{"rendered":"Deuxi\u00e8me Assembl\u00e9e g\u00e9n\u00e9rale annuelle (virtuelle) de l\u2019ACI"},"content":{"rendered":"\n<p>Le 13&nbsp;avril dernier, l\u2019ACI a tenu sa deuxi\u00e8me Assembl\u00e9e g\u00e9n\u00e9rale annuelle en mode virtuel, un contexte que nous connaissons tous trop bien. Le pr\u00e9sident sortant, Costa Poulopoulos, et le chef de la direction, Michael&nbsp;Bourque, ont pr\u00e9sent\u00e9 un excellent survol des r\u00e9alisations de l\u2019\u00e9quipe des Relations gouvernementales, des modifications au mode de fonctionnement de l\u2019ACI depuis la pand\u00e9mie, et des plans ambitieux mis en place l\u2019an dernier visant \u00e0 accro\u00eetre la collaboration entre l\u2019ACI, les chambres et associations, et l\u2019ensemble des membres de l\u2019ACI.<\/p>\n\n\n\n<p>Les Canadiens d\u2019un bout \u00e0 l\u2019autre du pays ont \u00e9t\u00e9 touch\u00e9s par la pand\u00e9mie de la COVID-19. En 2020, l\u2019ACI s\u2019est donn\u00e9 comme priorit\u00e9 d\u2019appuyer les courtiers et agents qui devaient faire face \u00e0 des d\u00e9fis sans pr\u00e9c\u00e9dent, et nous sommes fiers que les outils et les services lanc\u00e9s en 2021, de m\u00eame que nos efforts de communications aient \u00e9t\u00e9 tr\u00e8s bien accueillis par de nombreux membres. Nous avons notamment exerc\u00e9 des&nbsp;<a href=\"https:\/\/www.crea.ca\/fr\/what-realtors-should-know-about-covid-19\/\" target=\"_blank\" rel=\"noreferrer noopener\">pressions sur le gouvernement f\u00e9d\u00e9ral pour qu\u2019il tienne compte des courtiers et agents immobiliers dans ses programmes d\u2019aide lors de la pand\u00e9mie<\/a>, nous avons offert aux membres la&nbsp;<a href=\"https:\/\/archive.cafe.crea.ca\/fr\/la-diffusion-en-direct-sur-realtor-ca-mettre-en-valeur-les-proprietes-grace-a-la-technologie\/\" target=\"_blank\" rel=\"noreferrer noopener\">capacit\u00e9 de diffuser des visites libres en direct et d\u2019offrir des visites virtuelles dans leurs inscriptions sur REALTOR.ca<\/a>, et nous avons lanc\u00e9 le<a href=\"https:\/\/news2me.crea.ca\/fr\/2020-fr\/mars-2020\/en-direct-laci-lance-un-magazine-et-un-balado\/\" target=\"_blank\" rel=\"noreferrer noopener\">&nbsp;magazine et le balado&nbsp;<strong>EN DIRECT<\/strong><\/a>.<\/p>\n\n\n\n<p>Nous avons encore une fois vot\u00e9 virtuellement, accueilli un nouveau conseil d\u2019administration compos\u00e9 de visages et de noms connus, et pr\u00e9sent\u00e9 officiellement notre nouveau pr\u00e9sident, Cliff&nbsp;Stevenson. Notre entretien avec Cliff au sujet de ses projets et ses objectifs en tant que pr\u00e9sident figurera dans le prochain num\u00e9ro de&nbsp;<em>Quoi de 9?<\/em>.<\/p>\n\n\n\n<p>De plus, l\u2019ACI est heureuse d\u2019accueillir Stefan Swanepoel comme conseiller au sein de son conseil d\u2019administration.<\/p>\n\n\n\n<h2 class=\"wp-block-heading\"><strong>Notre conseil d\u2019administration&nbsp;:<\/strong><\/h2>\n\n\n\n<figure class=\"wp-block-image\"><a href=\"https:\/\/news2me.crea.ca\/wp-content\/uploads\/2021\/04\/CREA-BOD-2021-FR-1.png\"><img decoding=\"async\" src=\"https:\/\/news2me.crea.ca\/wp-content\/uploads\/2021\/04\/CREA-BOD-2021-FR-1.png\" alt=\"\" class=\"wp-image-25251\"\/><\/a><\/figure>\n\n\n\n<p><strong>Les d\u00e9l\u00e9gu\u00e9s ayant droit de vote se sont prononc\u00e9s sur les questions suivantes&nbsp;:<\/strong><\/p>\n\n\n\n<h2 class=\"wp-block-heading\"><strong>Code REALTOR<\/strong><strong><sup>\u00ae<\/sup><\/strong><\/h2>\n\n\n\n<p>Une modification au libell\u00e9 du R\u00e8glement&nbsp;9.3 a \u00e9t\u00e9 propos\u00e9e de fa\u00e7on \u00e0 y inclure les associations provinciales qui comptent des membres directs et \u00e0 permettre aux chambres et associations de se charger elles-m\u00eames de l\u2019application du Code REALTOR<sup>\u00ae<\/sup>&nbsp;ou de confier cette responsabilit\u00e9 \u00e0 un tiers, pourvu que les parties en conviennent. Avant cette modification, uniquement les chambres ayant des membres directs pouvaient le faire. Cependant, \u00e0 la suite de demandes de nombreuses associations provinciales, il \u00e9tait \u00e9vident qu\u2019il s\u2019agissait de la meilleure solution. La motion a \u00e9t\u00e9 adopt\u00e9e.<\/p>\n\n\n\n<h2 class=\"wp-block-heading\"><strong>Structure de vote<\/strong><\/h2>\n\n\n\n<p>Selon les recommandations du groupe de travail sur la structure de vote de l\u2019ACI, deux modifications ont \u00e9t\u00e9 propos\u00e9es \u00e0 la structure de vote afin de s\u2019assurer qu\u2019elle est juste et durable&nbsp;:<\/p>\n\n\n\n<p><strong>Plafonnement&nbsp;:<br><\/strong>Plafonner le nombre de voix dont peut disposer une chambre ou association pour toutes les questions aux assembl\u00e9es \u00e0 38&nbsp;% de l\u2019ensemble des voix pouvant \u00eatre exprim\u00e9es \u00e0 une assembl\u00e9e. La motion a \u00e9t\u00e9 adopt\u00e9e.<\/p>\n\n\n\n<p><strong>Majorit\u00e9 qualifi\u00e9e&nbsp;:<br><\/strong>Adoption d\u2019un syst\u00e8me \u00e0 majorit\u00e9 qualifi\u00e9e exigeant qu\u2019au moins 6&nbsp;% de toutes les chambres et associations appuient une motion pour qu\u2019elle soit adopt\u00e9e. La motion a \u00e9t\u00e9 adopt\u00e9e.<\/p>\n\n\n\n<h2 class=\"wp-block-heading\"><strong>Hausse des cotisations<\/strong><\/h2>\n\n\n\n<p>La motion sur la hausse des cotisations \u00e9tait la derni\u00e8re motion pr\u00e9sent\u00e9e. Darcy McLeod, pr\u00e9sident du comit\u00e9 des finances de l\u2019ACI, a pris la parole afin d\u2019expliquer les avantages et les justifications d\u2019une hausse propos\u00e9e, notamment&nbsp;:<\/p>\n\n\n\n<ul class=\"wp-block-list\"><li>la stabilisation du nombre de nouveaux membres en 2019 et au cours des ann\u00e9es ant\u00e9rieures;<\/li><li>l\u2019importance de continuer \u00e0 investir dans la technologie dont profitent les membres de l\u2019ACI;<\/li><li>les efforts de d\u00e9fense des int\u00e9r\u00eats de l\u2019ACI d\u00e9ploy\u00e9s au nom des courtiers et agents;<\/li><li>le travail de sensibilisation et de promotion aupr\u00e8s du grand public de la valeur des services d\u2019un courtier ou agent dans un march\u00e9 de plus en plus comp\u00e9titif;<\/li><li>les cotisations qui n\u2019ont pas \u00e9t\u00e9 augment\u00e9es depuis 10&nbsp;ans.<\/li><\/ul>\n\n\n\n<p>Cette motion a \u00e9t\u00e9 d\u00e9faite.<\/p>\n\n\n\n<p>Bien que cette motion n\u2019ait pas \u00e9t\u00e9 adopt\u00e9e, l\u2019ACI et ses comit\u00e9s continueront d\u2019offrir une valeur exceptionnelle aux membres et de d\u00e9ployer tous les efforts afin de soutenir les membres ainsi que les chambres et associations, tout en entretenant des communications ouvertes.<\/p>\n\n\n\n<p>Si vous avez des questions ou si vous souhaitez nous contacter au sujet des informations ci-dessus, n\u2019h\u00e9sitez pas \u00e0 communiquer avec le Centre de l\u2019exp\u00e9rience des membres \u00e0&nbsp;<a href=\"mailto:support@crea.ca\">support@crea.ca<\/a>.<\/p>\n","protected":false},"excerpt":{"rendered":"<p>Le 13&nbsp;avril dernier, l\u2019ACI a tenu sa deuxi\u00e8me Assembl\u00e9e g\u00e9n\u00e9rale annuelle en mode virtuel, un contexte que nous connaissons tous trop bien. Le pr\u00e9sident sortant, Costa Poulopoulos, et le chef de la direction, Michael&nbsp;Bourque, ont pr\u00e9sent\u00e9 un excellent survol des r\u00e9alisations de l\u2019\u00e9quipe des Relations gouvernementales, des modifications au mode de fonctionnement de l\u2019ACI depuis &hellip; <a href=\"https:\/\/archive.cafe.crea.ca\/fr\/deuxieme-assemblee-generale-annuelle-virtuelle-de-laci\/\" class=\"more-link\">Continue reading <span class=\"screen-reader-text\">Deuxi\u00e8me Assembl\u00e9e g\u00e9n\u00e9rale annuelle (virtuelle) de l\u2019ACI<\/span><\/a><\/p>\n","protected":false},"author":134,"featured_media":37749,"comment_status":"open","ping_status":"open","sticky":false,"template":"","format":"standard","meta":{"footnotes":""},"categories":[2366],"tags":[],"coauthors":[2397],"class_list":["post-37753","post","type-post","status-publish","format-standard","has-post-thumbnail","hentry","category-nouvelles-de-laci"],"aioseo_notices":[],"_links":{"self":[{"href":"https:\/\/archive.cafe.crea.ca\/fr\/wp-json\/wp\/v2\/posts\/37753"}],"collection":[{"href":"https:\/\/archive.cafe.crea.ca\/fr\/wp-json\/wp\/v2\/posts"}],"about":[{"href":"https:\/\/archive.cafe.crea.ca\/fr\/wp-json\/wp\/v2\/types\/post"}],"author":[{"embeddable":true,"href":"https:\/\/archive.cafe.crea.ca\/fr\/wp-json\/wp\/v2\/users\/134"}],"replies":[{"embeddable":true,"href":"https:\/\/archive.cafe.crea.ca\/fr\/wp-json\/wp\/v2\/comments?post=37753"}],"version-history":[{"count":1,"href":"https:\/\/archive.cafe.crea.ca\/fr\/wp-json\/wp\/v2\/posts\/37753\/revisions"}],"predecessor-version":[{"id":37754,"href":"https:\/\/archive.cafe.crea.ca\/fr\/wp-json\/wp\/v2\/posts\/37753\/revisions\/37754"}],"wp:featuredmedia":[{"embeddable":true,"href":"https:\/\/archive.cafe.crea.ca\/fr\/wp-json\/wp\/v2\/media\/37749"}],"wp:attachment":[{"href":"https:\/\/archive.cafe.crea.ca\/fr\/wp-json\/wp\/v2\/media?parent=37753"}],"wp:term":[{"taxonomy":"category","embeddable":true,"href":"https:\/\/archive.cafe.crea.ca\/fr\/wp-json\/wp\/v2\/categories?post=37753"},{"taxonomy":"post_tag","embeddable":true,"href":"https:\/\/archive.cafe.crea.ca\/fr\/wp-json\/wp\/v2\/tags?post=37753"},{"taxonomy":"author","embeddable":true,"href":"https:\/\/archive.cafe.crea.ca\/fr\/wp-json\/wp\/v2\/coauthors?post=37753"}],"curies":[{"name":"wp","href":"https:\/\/api.w.org\/{rel}","templated":true}]}}