{"id":37507,"date":"2021-04-07T10:57:03","date_gmt":"2021-04-07T14:57:03","guid":{"rendered":"https:\/\/archive.cafe.crea.ca\/?p=37507"},"modified":"2021-04-07T10:57:55","modified_gmt":"2021-04-07T14:57:55","slug":"edition-du-printemps-du-magazine-en-direct-les-membres-de-laci-surmontent-les-defis-de-la-covid-19","status":"publish","type":"post","link":"https:\/\/archive.cafe.crea.ca\/fr\/edition-du-printemps-du-magazine-en-direct-les-membres-de-laci-surmontent-les-defis-de-la-covid-19\/","title":{"rendered":"\u00c9dition du printemps du magazine EN DIRECT : les membres de l\u2019ACI surmontent les d\u00e9fis de la COVID-19"},"content":{"rendered":"\n<p>C\u2019est \u00e0 partir de ce moment-ci l\u2019an dernier que nous avons commenc\u00e9 \u00e0 entendre l\u2019expression \u00ab&nbsp;sans pr\u00e9c\u00e9dent&nbsp;\u00bb comme jamais auparavant. Nous n\u2019avions aucune id\u00e9e \u00e0 ce que nous r\u00e9servait le reste de&nbsp;2020, mais le pays s\u2019est adapt\u00e9 rapidement, \u00e0 un rythme difficile \u00e0 suivre. Et le secteur immobilier, comme nous l\u2019avons constat\u00e9, n\u2019a pas fait exception.<\/p>\n\n\n\n<p>Le printemps&nbsp;2020 a \u00e9t\u00e9 marqu\u00e9 par des baisses record des ventes dans le march\u00e9 de l\u2019habitation, mais l\u2019ann\u00e9e s\u2019est termin\u00e9e sur une tout autre note. Lorsque, bien en s\u00e9curit\u00e9 \u00e0 la maison, nous avons sabl\u00e9 le champagne pour c\u00e9l\u00e9brer la fin de cette ann\u00e9e difficile, il \u00e9tait \u00e9vident que 2020 \u00e9tait&nbsp;<a href=\"https:\/\/www.realtor.ca\/blogue\/du-confinement-%C3%A0-des-sommets-historiques-r%C3%A9trospective-du-march%C3%A9-de-lhabitation-canadien-en-2020\/17387\/3197\" target=\"_blank\" rel=\"noreferrer noopener\">une ann\u00e9e record<\/a>&nbsp;pour les ventes r\u00e9sidentielles au Canada.<\/p>\n\n\n\n<p>Dans ce num\u00e9ro d\u2019<strong>EN DIRECT<\/strong>, nous faisons une r\u00e9trospective de l\u2019ann\u00e9e&nbsp;2020 et examinons surtout ce que nous r\u00e9serve le reste de l\u2019ann\u00e9e&nbsp;2021. Nous discutons avec nos \u00e9conomistes qui d\u00e9cortiquent les chiffres et nous donnent un aper\u00e7u de ce qu\u2019un vaccin pourrait signifier pour les march\u00e9s immobiliers canadiens, les taux d\u2019int\u00e9r\u00eat et, bien s\u00fbr, l\u2019avenir de l\u2019immobilier au pays.<\/p>\n\n\n\n<p>De plus, nous avons pr\u00e9par\u00e9 des articles et des renseignements que vous pourrez transmettre \u00e0 vos clients pour les aider \u00e0 s\u2019adapter \u00e0 tous les changements qui touchent notre secteur. Enfin, nous nous penchons sur le r\u00f4le de la technologie et sur la n\u00e9cessit\u00e9 d\u2019accro\u00eetre l\u2019offre de logements.<\/p>\n\n\n\n<p>Nous esp\u00e9rons que la vaccination de masse nous permettra de retrouver un peu de cette normalit\u00e9 qui nous manque assur\u00e9ment, mais d\u2019ici l\u00e0, lisez le dernier num\u00e9ro&nbsp;<a href=\"https:\/\/www.crea.ca\/fr\/realtime-magazine\/Spring-edition-2021\/\" target=\"_blank\" rel=\"noreferrer noopener\">d\u2019<strong>EN DIRECT<\/strong><\/a>&nbsp;pour tirer le maximum des conditions actuelles.<\/p>\n\n\n\n<p>Quel sujet aimeriez-vous que nous abordions dans un prochain num\u00e9ro trimestriel d\u2019<strong>EN DIRECT<\/strong>?&nbsp;<a href=\"mailto:mshaw@crea.ca?subject=REAL%20TIME\">\u00c9crivez au r\u00e9dacteur en chef, Michael&nbsp;Shaw, pour lui en faire part.<\/a><\/p>\n","protected":false},"excerpt":{"rendered":"<p>C\u2019est \u00e0 partir de ce moment-ci l\u2019an dernier que nous avons commenc\u00e9 \u00e0 entendre l\u2019expression \u00ab&nbsp;sans pr\u00e9c\u00e9dent&nbsp;\u00bb comme jamais auparavant. Nous n\u2019avions aucune id\u00e9e \u00e0 ce que nous r\u00e9servait le reste de&nbsp;2020, mais le pays s\u2019est adapt\u00e9 rapidement, \u00e0 un rythme difficile \u00e0 suivre. Et le secteur immobilier, comme nous l\u2019avons constat\u00e9, n\u2019a pas fait &hellip; <a href=\"https:\/\/archive.cafe.crea.ca\/fr\/edition-du-printemps-du-magazine-en-direct-les-membres-de-laci-surmontent-les-defis-de-la-covid-19\/\" class=\"more-link\">Continue reading <span class=\"screen-reader-text\">\u00c9dition du printemps du magazine EN DIRECT : les membres de l\u2019ACI surmontent les d\u00e9fis de la COVID-19<\/span><\/a><\/p>\n","protected":false},"author":88,"featured_media":37503,"comment_status":"open","ping_status":"open","sticky":false,"template":"","format":"standard","meta":{"footnotes":""},"categories":[2366],"tags":[],"coauthors":[2218],"class_list":["post-37507","post","type-post","status-publish","format-standard","has-post-thumbnail","hentry","category-nouvelles-de-laci"],"aioseo_notices":[],"_links":{"self":[{"href":"https:\/\/archive.cafe.crea.ca\/fr\/wp-json\/wp\/v2\/posts\/37507"}],"collection":[{"href":"https:\/\/archive.cafe.crea.ca\/fr\/wp-json\/wp\/v2\/posts"}],"about":[{"href":"https:\/\/archive.cafe.crea.ca\/fr\/wp-json\/wp\/v2\/types\/post"}],"author":[{"embeddable":true,"href":"https:\/\/archive.cafe.crea.ca\/fr\/wp-json\/wp\/v2\/users\/88"}],"replies":[{"embeddable":true,"href":"https:\/\/archive.cafe.crea.ca\/fr\/wp-json\/wp\/v2\/comments?post=37507"}],"version-history":[{"count":1,"href":"https:\/\/archive.cafe.crea.ca\/fr\/wp-json\/wp\/v2\/posts\/37507\/revisions"}],"predecessor-version":[{"id":37508,"href":"https:\/\/archive.cafe.crea.ca\/fr\/wp-json\/wp\/v2\/posts\/37507\/revisions\/37508"}],"wp:featuredmedia":[{"embeddable":true,"href":"https:\/\/archive.cafe.crea.ca\/fr\/wp-json\/wp\/v2\/media\/37503"}],"wp:attachment":[{"href":"https:\/\/archive.cafe.crea.ca\/fr\/wp-json\/wp\/v2\/media?parent=37507"}],"wp:term":[{"taxonomy":"category","embeddable":true,"href":"https:\/\/archive.cafe.crea.ca\/fr\/wp-json\/wp\/v2\/categories?post=37507"},{"taxonomy":"post_tag","embeddable":true,"href":"https:\/\/archive.cafe.crea.ca\/fr\/wp-json\/wp\/v2\/tags?post=37507"},{"taxonomy":"author","embeddable":true,"href":"https:\/\/archive.cafe.crea.ca\/fr\/wp-json\/wp\/v2\/coauthors?post=37507"}],"curies":[{"name":"wp","href":"https:\/\/api.w.org\/{rel}","templated":true}]}}