{"id":37176,"date":"2021-02-26T11:51:42","date_gmt":"2021-02-26T16:51:42","guid":{"rendered":"https:\/\/archive.cafe.crea.ca\/?p=37176"},"modified":"2021-02-26T11:52:15","modified_gmt":"2021-02-26T16:52:15","slug":"comment-bien-choisir-son-pouf","status":"publish","type":"post","link":"https:\/\/archive.cafe.crea.ca\/fr\/comment-bien-choisir-son-pouf\/","title":{"rendered":"Comment bien choisir son pouf"},"content":{"rendered":"\n<p>Avez-vous de la difficult\u00e9 \u00e0 trouver du contenu \u00e0 partager dans les m\u00e9dias sociaux?<\/p>\n\n\n\n<p>Laissez tomber Instagram et Facebook. Vous n\u2019avez besoin que de REALTOR.ca.<\/p>\n\n\n\n<figure><iframe loading=\"lazy\" src=\"https:\/\/www.facebook.com\/plugins\/page.php?href=https%3A%2F%2Fwww.facebook.com%2FREALTORdotca&amp;tabs&amp;width=340&amp;height=130&amp;small_header=false&amp;adapt_container_width=true&amp;hide_cover=false&amp;show_facepile=false&amp;appId=321786092155799\" width=\"340\" height=\"130\"><\/iframe><\/figure>\n\n\n\n<p>Notre blogue ax\u00e9 sur le style de vie des consommateurs, le&nbsp;<em><a rel=\"noreferrer noopener\" href=\"https:\/\/www.realtor.ca\/blogue\" target=\"_blank\">Salon<\/a><\/em>, vous offre du contenu sur des sujets comme les r\u00e9novations, les tendances du march\u00e9, le bricolage, les guides des quartiers et les maisons originales. Du nouveau contenu passionnant est publi\u00e9 au&nbsp;<em>Salon<\/em>&nbsp;quatre&nbsp;fois par semaine (et du&nbsp;<a href=\"https:\/\/www.realtor.ca\/blogue\" target=\"_blank\" rel=\"noreferrer noopener\">contenu unique en fran\u00e7ais<\/a>&nbsp;est publi\u00e9 pour les passionn\u00e9s francophones).<\/p>\n\n\n\n<p>Tandis que le contenu du Caf\u00e9 ACI est s\u00e9lectionn\u00e9 sp\u00e9cialement pour favoriser la croissance de votre entreprise et \u00e0 en assurer la r\u00e9ussite, le contenu du&nbsp;<em>Salon<\/em>&nbsp;est parfait pour \u00eatre partag\u00e9 avec vos clients.<\/p>\n\n\n\n<p>D\u00e9tenu et exploit\u00e9 par L\u2019Association canadienne de l\u2019immeuble (ACI), REALTOR.ca est la plateforme immobili\u00e8re la plus populaire au Canada (Comscore, 2020). Vous y trouverez toutes les inscriptions des syst\u00e8mes MLS<sup>\u00ae<\/sup>&nbsp;au pays.<\/p>\n\n\n\n<p>Partagez ce blogue avec vos clients et ceux qui vous suivent en cliquant sur le bouton Facebook ci-dessous!<\/p>\n\n\n\n<figure><iframe loading=\"lazy\" src=\"https:\/\/www.facebook.com\/plugins\/share_button.php?href=https%3A%2F%2Fwww.realtor.ca%2Fblogue%2Fpagedelarticle%2F15332%2F1368%2Fle-d%25C3%25A9cor-%25C3%25A0-deux&amp;layout=button_count&amp;size=large&amp;appId=321786092155799&amp;width=88&amp;height=28\" width=\"88\" height=\"28\" allowfullscreen=\"true\"><\/iframe><\/figure>\n\n\n\n<p>Vous pouvez aussi suivre REALTOR.ca sur&nbsp;<a rel=\"noreferrer noopener\" href=\"https:\/\/twitter.com\/REALTORdotca\" target=\"_blank\">Twitter<\/a>,&nbsp;<a rel=\"noreferrer noopener\" href=\"https:\/\/www.instagram.com\/realtordotca\/\" target=\"_blank\">Instagram<\/a>&nbsp;et&nbsp;<a href=\"https:\/\/www.pinterest.ca\/realtordotca\/\" target=\"_blank\" rel=\"noreferrer noopener\">Pinterest<\/a>.<\/p>\n\n\n\n<p>Consulter le billet de\u00a0<a rel=\"noreferrer noopener\" aria-label=\" (opens in a new tab)\" href=\"https:\/\/www.realtor.ca\/blogue\/le-pouf-accessoire-indispensable\/15671\/1368\" target=\"_blank\">blogue original.<\/a><\/p>\n\n\n\n<hr class=\"wp-block-separator is-style-wide\"\/>\n\n\n\n<figure class=\"wp-block-image\"><img loading=\"lazy\" decoding=\"async\" width=\"896\" height=\"518\" src=\"https:\/\/archive.cafe.crea.ca\/wp-content\/uploads\/2021\/02\/inside_blog_hangingchair_896x518.jpg\" alt=\"\" class=\"wp-image-37182\" srcset=\"https:\/\/archive.cafe.crea.ca\/wp-content\/uploads\/2021\/02\/inside_blog_hangingchair_896x518.jpg 896w, https:\/\/archive.cafe.crea.ca\/wp-content\/uploads\/2021\/02\/inside_blog_hangingchair_896x518-768x444.jpg 768w\" sizes=\"(max-width: 896px) 100vw, 896px\" \/><\/figure>\n\n\n\n<p>Quand c\u2019est le temps de faire \u00ab ouf \u00bb, rien de mieux qu\u2019un bon pouf\u2009! Ludique, pratique ou d\u00e9coratif, le pouf est l\u2019accessoire tendance par excellence. Moelleux ou solide comme le roc, on lui pardonne tout, m\u00eame l\u2019id\u00e9e d\u2019aller tra\u00eener dans un coin.<\/p>\n\n\n\n<h2 class=\"wp-block-heading\">Touche de fantaisie<\/h2>\n\n\n\n<p>Plus que jamais, les poufs se retrouvent dans toutes les pi\u00e8ces de la maison. Ils sont utilis\u00e9s comme accent d\u00e9coratif, repose-pieds, table d\u2019appoint ou fauteuil suppl\u00e9mentaire. Ils sont tr\u00e8s flexibles et se marient \u00e0 tous les d\u00e9cors, tant classiques que rustiques. Les poufs sont confortables, mais leur polyvalence demeure leur principal atout.<\/p>\n\n\n\n<p>Sur le march\u00e9, les poufs recouverts de mati\u00e8res naturelles ont la cote. La plupart du temps, ils sont envelopp\u00e9s de laine crochet\u00e9e, de chanvre, d\u2019un canevas de toile, de jolis cotons imprim\u00e9s, de velours et m\u00eame de cuir. Nous les avons regroup\u00e9s en cinq cat\u00e9gories.<\/p>\n\n\n\n<h2 class=\"wp-block-heading\">Petit accessoire d\u00e9coratif<\/h2>\n\n\n\n<p> Bien qu\u2019il ne soit pas toujours n\u00e9cessaire, le pouf est parfait pour embellir un d\u00e9cor. Que vous y posiez les pieds ou que vous vous en serviez comme table d\u2019appoint, il vous sera toujours utile. <\/p>\n\n\n\n<p> Qu\u2019il s\u2019agisse d\u2019un pouf avec ou sans pattes, on le retrouve de plus en plus comme accessoire dans des d\u00e9cors de style scandinave ou boho-chic. Il peut offrir un fauteuil suppl\u00e9mentaire dans le salon, servir de rangement pour les livres dans le coin lecture et ajouter de la couleur dans une chambre d\u2019enfant. <\/p>\n\n\n\n<p>Il trouve sa place dans presque toutes les pi\u00e8ces de la maison, en fonction de sa forme ou de la mati\u00e8re dont il est fait : un petit pouf rond en chanvre tress\u00e9 de style rustique au salon, un pouf \u00e0 plumes dans la chambre \u00e0 coucher et un pouf en grosses mailles de laine dans le coin-lecture ou la chambre d\u2019enfant.<\/p>\n\n\n\n<figure class=\"wp-block-image\"><img loading=\"lazy\" decoding=\"async\" width=\"896\" height=\"518\" src=\"https:\/\/archive.cafe.crea.ca\/wp-content\/uploads\/2021\/02\/inside_blog_livingroom_896x518.jpg\" alt=\"\" class=\"wp-image-37184\" srcset=\"https:\/\/archive.cafe.crea.ca\/wp-content\/uploads\/2021\/02\/inside_blog_livingroom_896x518.jpg 896w, https:\/\/archive.cafe.crea.ca\/wp-content\/uploads\/2021\/02\/inside_blog_livingroom_896x518-768x444.jpg 768w\" sizes=\"(max-width: 896px) 100vw, 896px\" \/><\/figure>\n\n\n\n<h2 class=\"wp-block-heading\">Pouf poire<\/h2>\n\n\n\n<p>Le pouf poire, commun\u00e9ment appel\u00e9&nbsp;<em>beanbag<\/em>, est parfait pour relaxer. Rembourr\u00e9 de diff\u00e9rentes mati\u00e8res (billes mall\u00e9ables ou flocons de polyur\u00e9thane) ou de mousse m\u00e9moire, il est ultra confortable et convient parfaitement aux salles de jeux et aux chambres d\u2019enfant. Vous pouvez le placer au salon pour cr\u00e9er un espace de lecture ou de d\u00e9tente devant le foyer. Vous trouverez plusieurs housses amovibles sur le march\u00e9. Pour pouvoir le d\u00e9placer facilement, choisissez un mod\u00e8le avec une poign\u00e9e. Nous adorons le design moderne et la polyvalence des poufs poire de la compagnie qu\u00e9b\u00e9coise ARICO (disponibles chez Simons).<\/p>\n\n\n\n<h2 class=\"wp-block-heading\">Coussins superpos\u00e9s<\/h2>\n\n\n\n<p> Le pouf carr\u00e9 Bila de chez EQ3, fait \u00e0 la main par des tisserands indiens, ou celui en fibre de bananier de chez IKEA est un parfait exemple des poufs empilables pouvant changer d\u2019usage au gr\u00e9 de votre fantaisie. <\/p>\n\n\n\n<h2 class=\"wp-block-heading\">Style ottoman<\/h2>\n\n\n\n<p>Ce type de pouf est souvent un \u00e9l\u00e9ment incontournable d\u2019un d\u00e9cor plus urbain. Super styl\u00e9, il fait partie int\u00e9grante du mobilier de salon. Il peut servir \u00e0 la fois de repose-pied ou de si\u00e8ge d\u2019appoint. Peu importe comment vous l\u2019utilisez, ce pouf est synonyme de le confort ultime.<\/p>\n\n\n\n<p>Il existe plusieurs poufs de style ottoman avec rangement int\u00e9gr\u00e9 sous le si\u00e8ge. Parfait pour les jet\u00e9s ou les jeux de soci\u00e9t\u00e9. Vous avez envie d\u2019un style plus exotique? Les cuirs marocains ont la cote.<\/p>\n\n\n\n<figure class=\"wp-block-image\"><img loading=\"lazy\" decoding=\"async\" width=\"896\" height=\"518\" src=\"https:\/\/archive.cafe.crea.ca\/wp-content\/uploads\/2021\/02\/inside_blog_rattanchair_896x518.jpg\" alt=\"\" class=\"wp-image-37186\" srcset=\"https:\/\/archive.cafe.crea.ca\/wp-content\/uploads\/2021\/02\/inside_blog_rattanchair_896x518.jpg 896w, https:\/\/archive.cafe.crea.ca\/wp-content\/uploads\/2021\/02\/inside_blog_rattanchair_896x518-768x444.jpg 768w\" sizes=\"(max-width: 896px) 100vw, 896px\" \/><\/figure>\n\n\n\n<h2 class=\"wp-block-heading\">Surdimensionn\u00e9<\/h2>\n\n\n\n<p> Le pouf surdimensionn\u00e9 trouve sa place au centre du salon. De forme carr\u00e9e, robuste, il peut m\u00eame servir de table \u00e0 caf\u00e9 dans la plupart des cas. Il convient \u00e0 merveille aux d\u00e9cors \u00e9pur\u00e9s de style classique ou contemporain. Un classique incontournable! <br><\/p>\n","protected":false},"excerpt":{"rendered":"<p>Avez-vous de la difficult\u00e9 \u00e0 trouver du contenu \u00e0 partager dans les m\u00e9dias sociaux? Laissez tomber Instagram et Facebook. Vous n\u2019avez besoin que de REALTOR.ca. Notre blogue ax\u00e9 sur le style de vie des consommateurs, le&nbsp;Salon, vous offre du contenu sur des sujets comme les r\u00e9novations, les tendances du march\u00e9, le bricolage, les guides des &hellip; <a href=\"https:\/\/archive.cafe.crea.ca\/fr\/comment-bien-choisir-son-pouf\/\" class=\"more-link\">Continue reading <span class=\"screen-reader-text\">Comment bien choisir son pouf<\/span><\/a><\/p>\n","protected":false},"author":156,"featured_media":37178,"comment_status":"open","ping_status":"open","sticky":false,"template":"","format":"standard","meta":{"footnotes":""},"categories":[2372],"tags":[],"coauthors":[2422],"class_list":["post-37176","post","type-post","status-publish","format-standard","has-post-thumbnail","hentry","category-divers"],"aioseo_notices":[],"_links":{"self":[{"href":"https:\/\/archive.cafe.crea.ca\/fr\/wp-json\/wp\/v2\/posts\/37176"}],"collection":[{"href":"https:\/\/archive.cafe.crea.ca\/fr\/wp-json\/wp\/v2\/posts"}],"about":[{"href":"https:\/\/archive.cafe.crea.ca\/fr\/wp-json\/wp\/v2\/types\/post"}],"author":[{"embeddable":true,"href":"https:\/\/archive.cafe.crea.ca\/fr\/wp-json\/wp\/v2\/users\/156"}],"replies":[{"embeddable":true,"href":"https:\/\/archive.cafe.crea.ca\/fr\/wp-json\/wp\/v2\/comments?post=37176"}],"version-history":[{"count":2,"href":"https:\/\/archive.cafe.crea.ca\/fr\/wp-json\/wp\/v2\/posts\/37176\/revisions"}],"predecessor-version":[{"id":37188,"href":"https:\/\/archive.cafe.crea.ca\/fr\/wp-json\/wp\/v2\/posts\/37176\/revisions\/37188"}],"wp:featuredmedia":[{"embeddable":true,"href":"https:\/\/archive.cafe.crea.ca\/fr\/wp-json\/wp\/v2\/media\/37178"}],"wp:attachment":[{"href":"https:\/\/archive.cafe.crea.ca\/fr\/wp-json\/wp\/v2\/media?parent=37176"}],"wp:term":[{"taxonomy":"category","embeddable":true,"href":"https:\/\/archive.cafe.crea.ca\/fr\/wp-json\/wp\/v2\/categories?post=37176"},{"taxonomy":"post_tag","embeddable":true,"href":"https:\/\/archive.cafe.crea.ca\/fr\/wp-json\/wp\/v2\/tags?post=37176"},{"taxonomy":"author","embeddable":true,"href":"https:\/\/archive.cafe.crea.ca\/fr\/wp-json\/wp\/v2\/coauthors?post=37176"}],"curies":[{"name":"wp","href":"https:\/\/api.w.org\/{rel}","templated":true}]}}