{"id":37115,"date":"2021-02-19T10:07:16","date_gmt":"2021-02-19T15:07:16","guid":{"rendered":"https:\/\/archive.cafe.crea.ca\/?p=37115"},"modified":"2021-02-19T10:07:18","modified_gmt":"2021-02-19T15:07:18","slug":"emmenager-ensemble-cinq-conseils-pour-creer-un-decor-harmonieux-pour-deux","status":"publish","type":"post","link":"https:\/\/archive.cafe.crea.ca\/fr\/emmenager-ensemble-cinq-conseils-pour-creer-un-decor-harmonieux-pour-deux\/","title":{"rendered":"Emm\u00e9nager ensemble : cinq conseils pour cr\u00e9er un d\u00e9cor harmonieux\u2026 pour deux!"},"content":{"rendered":"\n<p>Avez-vous de la difficult\u00e9 \u00e0 trouver du contenu \u00e0 partager dans les m\u00e9dias sociaux?<\/p>\n\n\n\n<p>Laissez tomber Instagram et Facebook. Vous n\u2019avez besoin que de REALTOR.ca.<\/p>\n\n\n\n<figure><iframe loading=\"lazy\" src=\"https:\/\/www.facebook.com\/plugins\/page.php?href=https%3A%2F%2Fwww.facebook.com%2FREALTORdotca&amp;tabs&amp;width=340&amp;height=130&amp;small_header=false&amp;adapt_container_width=true&amp;hide_cover=false&amp;show_facepile=false&amp;appId=321786092155799\" width=\"340\" height=\"130\"><\/iframe><\/figure>\n\n\n\n<p>Notre blogue ax\u00e9 sur le style de vie des consommateurs, le&nbsp;<em><a rel=\"noreferrer noopener\" href=\"https:\/\/www.realtor.ca\/blogue\" target=\"_blank\">Salon<\/a><\/em>, vous offre du contenu sur des sujets comme les r\u00e9novations, les tendances du march\u00e9, le bricolage, les guides des quartiers et les maisons originales. Du nouveau contenu passionnant est publi\u00e9 au&nbsp;<em>Salon<\/em>&nbsp;quatre&nbsp;fois par semaine (et du&nbsp;<a href=\"https:\/\/www.realtor.ca\/blogue\" target=\"_blank\" rel=\"noreferrer noopener\">contenu unique en fran\u00e7ais<\/a>&nbsp;est publi\u00e9 pour les passionn\u00e9s francophones).<\/p>\n\n\n\n<p>Tandis que le contenu du Caf\u00e9 ACI est s\u00e9lectionn\u00e9 sp\u00e9cialement pour favoriser la croissance de votre entreprise et \u00e0 en assurer la r\u00e9ussite, le contenu du&nbsp;<em>Salon<\/em>&nbsp;est parfait pour \u00eatre partag\u00e9 avec vos clients.<\/p>\n\n\n\n<p>D\u00e9tenu et exploit\u00e9 par L\u2019Association canadienne de l\u2019immeuble (ACI), REALTOR.ca est la plateforme immobili\u00e8re la plus populaire au Canada (Comscore, 2020). Vous y trouverez toutes les inscriptions des syst\u00e8mes MLS<sup>\u00ae<\/sup>&nbsp;au pays.<\/p>\n\n\n\n<p>Partagez ce blogue avec vos clients et ceux qui vous suivent en cliquant sur le bouton Facebook ci-dessous!<\/p>\n\n\n\n<iframe loading=\"lazy\" src=\"https:\/\/www.facebook.com\/plugins\/share_button.php?href=https%3A%2F%2Fwww.realtor.ca%2Fblogue%2Fpagedelarticle%2F15332%2F1368%2Fle-d%25C3%25A9cor-%25C3%25A0-deux&#038;layout=button_count&#038;size=large&#038;appId=321786092155799&#038;width=88&#038;height=28\" width=\"88\" height=\"28\" style=\"border:none;overflow:hidden\" scrolling=\"no\" frameborder=\"0\" allowfullscreen=\"true\" allow=\"autoplay; clipboard-write; encrypted-media; picture-in-picture; web-share\"><\/iframe>\n\n\n\n<p>Vous pouvez aussi suivre REALTOR.ca sur&nbsp;<a rel=\"noreferrer noopener\" href=\"https:\/\/twitter.com\/REALTORdotca\" target=\"_blank\">Twitter<\/a>,&nbsp;<a rel=\"noreferrer noopener\" href=\"https:\/\/www.instagram.com\/realtordotca\/\" target=\"_blank\">Instagram<\/a>&nbsp;et&nbsp;<a href=\"https:\/\/www.pinterest.ca\/realtordotca\/\" target=\"_blank\" rel=\"noreferrer noopener\">Pinterest<\/a>.<\/p>\n\n\n\n<p>Consulter le billet de\u00a0<a rel=\"noreferrer noopener\" aria-label=\" (opens in a new tab)\" href=\"https:\/\/www.realtor.ca\/blogue\/pagedelarticle\/15332\/1368\/le-d%C3%A9cor-%C3%A0-deux\" target=\"_blank\">blogue original.<\/a><\/p>\n\n\n\n<hr class=\"wp-block-separator is-style-wide\"\/>\n\n\n\n<figure class=\"wp-block-image\"><img loading=\"lazy\" decoding=\"async\" width=\"896\" height=\"518\" src=\"https:\/\/archive.cafe.crea.ca\/wp-content\/uploads\/2021\/02\/Inside-the-blog_modern-living-room_896x518px-FR.jpg\" alt=\"\" class=\"wp-image-37121\" srcset=\"https:\/\/archive.cafe.crea.ca\/wp-content\/uploads\/2021\/02\/Inside-the-blog_modern-living-room_896x518px-FR.jpg 896w, https:\/\/archive.cafe.crea.ca\/wp-content\/uploads\/2021\/02\/Inside-the-blog_modern-living-room_896x518px-FR-768x444.jpg 768w\" sizes=\"(max-width: 896px) 100vw, 896px\" \/><\/figure>\n\n\n\n<p><a href=\"https:\/\/www.realtor.ca\/blogue\/pagedelarticle\/7826\/1369\/six-questions-%C3%A0-se-poser-avant-d%E2%80%99emm%C3%A9nager-ensemble\" target=\"_blank\" rel=\"noreferrer noopener\">Emm\u00e9nager ensemble<\/a>&nbsp;est incroyablement excitant et certainement une exp\u00e9rience enrichissante. Bien que s\u2019entendre sur une approche et un d\u00e9cor qui prend en consid\u00e9ration les aspirations et go\u00fbts des deux personnes puisse s\u2019av\u00e9rer un d\u00e9fi de taille, cela peut \u00eatre tout aussi gratifiant. Le mot cl\u00e9 pour y arriver est \u00ab compromis \u00bb.<\/p>\n\n\n\n<p>Voici cinq conseils pour cr\u00e9er un d\u00e9cor harmonieux\u2026 pour deux.<\/p>\n\n\n\n<h2 class=\"wp-block-heading\">Le remue-m\u00e9ninges<\/h2>\n\n\n\n<p>Quand deux personnes emm\u00e9nagent ensemble, qu\u2019elles soient colocataires ou un couple, il faut tenir compte des pr\u00e9f\u00e9rences de chacun quant \u00e0 l\u2019utilisation de l\u2019espace, du budget \u00e0 investir dans son am\u00e9nagement, et des contraintes qui peuvent survenir. C\u2019est pour cela qu\u2019une s\u00e9ance de remue-m\u00e9ninges est toute indiqu\u00e9e avant m\u00eame d\u2019acheter la peinture. C\u2019est \u00e0 cette \u00e9tape qu\u2019il faut apprendre \u00e0 conna\u00eetre l\u2019autre. Faut-il tenir compte d\u2019allergies aux animaux, \u00e0 la laine ou la plume (bye bye coussins de sofa en duvet). Quelles sont les couleurs qui vous horripilent, quelle ambiance g\u00e9n\u00e9rale souhaitez-vous cr\u00e9er, quelles odeurs de chandelles ne doivent pas franchir la porte ou, encore, quelles habitudes pourraient vous d\u00e9ranger, comme le fait de prendre le salon pour un espace de rangement \u00e0 v\u00e9lo. Mieux vaut trouver des solutions ou des alternatives \u00e0 tous ces petits al\u00e9as de la vie \u00e0 deux que de laisser les choses s\u2019envenimer une fois que vous \u00eates bien install\u00e9s.<\/p>\n\n\n\n<h2 class=\"wp-block-heading\">Faire l\u2019inventaire<\/h2>\n\n\n\n<p>La seconde \u00e9tape est de faire l\u2019inventaire de ce que chaque personne apporte pour son usage personnel ou pour am\u00e9nager les aires communes. Cette \u00e9tape, plut\u00f4t rapide \u00e0 ex\u00e9cuter, permet de faire le tri de ce que vous avez en main et de ce qu\u2019il faudra vendre ou acheter. Cela \u00e9tant dit, ce n\u2019est pas parce que la t\u00e2che peut \u00eatre coch\u00e9e de la liste rapidement qu\u2019elle ne demande pas de diplomatie pour autant. Il est possible que le fauteuil inclinable pr\u00e9f\u00e9r\u00e9 de l\u2019un ne plaise pas du tout \u00e0 l\u2019autre. Il faut donc trouver une fa\u00e7on de le dire ou envisager un compromis pour faire en sorte que le fameux fauteuil trouve sa place dans la maison, m\u00eame si c\u2019est au sous-sol dans la salle familiale.<\/p>\n\n\n\n<figure class=\"wp-block-image\"><img loading=\"lazy\" decoding=\"async\" width=\"896\" height=\"518\" src=\"https:\/\/archive.cafe.crea.ca\/wp-content\/uploads\/2021\/02\/Inside-the-blog_white-vase-w_bed_896x518px-FR.jpg\" alt=\"\" class=\"wp-image-37123\" srcset=\"https:\/\/archive.cafe.crea.ca\/wp-content\/uploads\/2021\/02\/Inside-the-blog_white-vase-w_bed_896x518px-FR.jpg 896w, https:\/\/archive.cafe.crea.ca\/wp-content\/uploads\/2021\/02\/Inside-the-blog_white-vase-w_bed_896x518px-FR-768x444.jpg 768w\" sizes=\"(max-width: 896px) 100vw, 896px\" \/><\/figure>\n\n\n\n<h2 class=\"wp-block-heading\">Le neutre d\u2019abord<\/h2>\n\n\n\n<p>Apr\u00e8s avoir choisi un th\u00e8me ou un style de d\u00e9coration, c\u2019est le moment de peindreles murs, et peut-\u00eatre certains meubles. Les teintes neutres, choisies en fonction des couleurs m\u00eames, mais aussi en fonction d\u2019un d\u00e9cor traditionnellement masculin ou f\u00e9minin, sont un bon point de d\u00e9part. Vous pourrez ensuite ajouter des touches de couleurs au moyen de coussins, de jet\u00e9s, de tapis ou d\u2019un couvre-lit. La r\u00e8gle : il est toujours plus facile d\u2019ajouter de la couleur ou des motifs que d\u2019en enlever.&nbsp;&nbsp;<\/p>\n\n\n\n<h2 class=\"wp-block-heading\">Les mati\u00e8res naturelles ou intemporelles<\/h2>\n\n\n\n<p>Les mati\u00e8res naturelles ont toujours la cote quand il s\u2019agit de cr\u00e9er un d\u00e9cor non genr\u00e9 et intemporel. Bois, cuir, laine, sisal, lin ou coton, les mati\u00e8res naturelles se patinent avec le temps et deviennent encore plus belles. En fait de carreaux de c\u00e9ramique ou de porcelaine, optez pour des formes et des couleurs qui sont aussi intemporelles et qui s\u2019agenceront avec divers accessoires ou couleurs.<\/p>\n\n\n\n<figure class=\"wp-block-image\"><img loading=\"lazy\" decoding=\"async\" width=\"896\" height=\"518\" src=\"https:\/\/archive.cafe.crea.ca\/wp-content\/uploads\/2021\/02\/Inside-the-blog_black-couple-cooking_896x518px-FR.jpg\" alt=\"\" class=\"wp-image-37125\" srcset=\"https:\/\/archive.cafe.crea.ca\/wp-content\/uploads\/2021\/02\/Inside-the-blog_black-couple-cooking_896x518px-FR.jpg 896w, https:\/\/archive.cafe.crea.ca\/wp-content\/uploads\/2021\/02\/Inside-the-blog_black-couple-cooking_896x518px-FR-768x444.jpg 768w\" sizes=\"(max-width: 896px) 100vw, 896px\" \/><\/figure>\n\n\n\n<h2 class=\"wp-block-heading\">L\u2019\u00e9quilibre<\/h2>\n\n\n\n<p>Comme pour toute chose, il faut viser l\u2019\u00e9quilibre. Un d\u00e9cor trop ou peu charg\u00e9 sera lassant, difficile d\u2019entretien et ne vous ressemblera pas. Le but est d\u2019avoir des \u00e9l\u00e9ments d\u00e9coratifs qui racontent une histoire tout en laissant parler la pi\u00e8ce, o\u00f9 la d\u00e9coration est source de joie et de paix plut\u00f4t que de frustration. Bien que les coussins sur le lit puissent s\u2019harmoniser au d\u00e9cor, quand ils sont tellement nombreux que vous ne trouvez plus d\u2019espace pour les ranger le soir venu ou qu\u2019ils cr\u00e9ent un sujet de discussion anim\u00e9e dans le couple, il vaut peut-\u00eatre mieux d\u2019en enlever. Si le plancher craque et r\u00e9veille votre colocataire alors que vous arrivez \u00e0 l\u2019appartement apr\u00e8s le travail, quelques tapis dans les corridors et les aires communes pourraient satisfaire les deux parties et faire revenir l\u2019harmonie. L\u2019\u00e9quilibre du nombre, des couleurs et des textures des \u00e9l\u00e9ments d\u00e9coratifs dans une pi\u00e8ce est tout aussi important. Un tr\u00e8s gros t\u00e9l\u00e9viseur peut \u00eatre \u00e9quilibr\u00e9 par la pr\u00e9sence d\u2019un canap\u00e9 aux proportions et aux lignes int\u00e9ressantes. Un tapis vient asseoir une table de salle \u00e0 manger qui semble autrement trop petite pour la pi\u00e8ce, et un luminaire aux courbes arrondies est id\u00e9al pour remplir l\u2019espace au-dessus d\u2019une table rectangulaire.&nbsp;<\/p>\n\n\n\n<h2 class=\"wp-block-heading\">Les plantes<\/h2>\n\n\n\n<p>On ne le dira jamais assez, les plantes sont l\u2019arme secr\u00e8te des designers et des d\u00e9corateurs. Elles sont universellement appr\u00e9ci\u00e9es, id\u00e9ales pour remplir un espace incongru, excellents \u00e9l\u00e9ments d\u00e9coratifs unisexes et, surtout, sont un test de cohabitation parfait, leur entretien demandant un peu d\u2019amour et d\u2019eau fra\u00eeche. Assurez-vous d\u2019en choisir selon l\u2019endroit o\u00f9 vous allez les d\u00e9poser, mais aussi selon leur toxicit\u00e9, car elles posent un risque si vous avez de jeunes enfants ou des animaux curieux et gourmands.<\/p>\n\n\n\n<p>Bien que la cohabitation pr\u00e9sente des d\u00e9fis au fil du temps, la d\u00e9coration n\u2019en sera pas un, gr\u00e2ce \u00e0 ces quelques conseils.<\/p>\n","protected":false},"excerpt":{"rendered":"<p>Avez-vous de la difficult\u00e9 \u00e0 trouver du contenu \u00e0 partager dans les m\u00e9dias sociaux? Laissez tomber Instagram et Facebook. Vous n\u2019avez besoin que de REALTOR.ca. Notre blogue ax\u00e9 sur le style de vie des consommateurs, le&nbsp;Salon, vous offre du contenu sur des sujets comme les r\u00e9novations, les tendances du march\u00e9, le bricolage, les guides des &hellip; <a href=\"https:\/\/archive.cafe.crea.ca\/fr\/emmenager-ensemble-cinq-conseils-pour-creer-un-decor-harmonieux-pour-deux\/\" class=\"more-link\">Continue reading <span class=\"screen-reader-text\">Emm\u00e9nager ensemble : cinq conseils pour cr\u00e9er un d\u00e9cor harmonieux\u2026 pour deux!<\/span><\/a><\/p>\n","protected":false},"author":156,"featured_media":37116,"comment_status":"open","ping_status":"open","sticky":false,"template":"","format":"standard","meta":{"footnotes":""},"categories":[2372],"tags":[],"coauthors":[2422],"class_list":["post-37115","post","type-post","status-publish","format-standard","has-post-thumbnail","hentry","category-divers"],"aioseo_notices":[],"_links":{"self":[{"href":"https:\/\/archive.cafe.crea.ca\/fr\/wp-json\/wp\/v2\/posts\/37115"}],"collection":[{"href":"https:\/\/archive.cafe.crea.ca\/fr\/wp-json\/wp\/v2\/posts"}],"about":[{"href":"https:\/\/archive.cafe.crea.ca\/fr\/wp-json\/wp\/v2\/types\/post"}],"author":[{"embeddable":true,"href":"https:\/\/archive.cafe.crea.ca\/fr\/wp-json\/wp\/v2\/users\/156"}],"replies":[{"embeddable":true,"href":"https:\/\/archive.cafe.crea.ca\/fr\/wp-json\/wp\/v2\/comments?post=37115"}],"version-history":[{"count":2,"href":"https:\/\/archive.cafe.crea.ca\/fr\/wp-json\/wp\/v2\/posts\/37115\/revisions"}],"predecessor-version":[{"id":37127,"href":"https:\/\/archive.cafe.crea.ca\/fr\/wp-json\/wp\/v2\/posts\/37115\/revisions\/37127"}],"wp:featuredmedia":[{"embeddable":true,"href":"https:\/\/archive.cafe.crea.ca\/fr\/wp-json\/wp\/v2\/media\/37116"}],"wp:attachment":[{"href":"https:\/\/archive.cafe.crea.ca\/fr\/wp-json\/wp\/v2\/media?parent=37115"}],"wp:term":[{"taxonomy":"category","embeddable":true,"href":"https:\/\/archive.cafe.crea.ca\/fr\/wp-json\/wp\/v2\/categories?post=37115"},{"taxonomy":"post_tag","embeddable":true,"href":"https:\/\/archive.cafe.crea.ca\/fr\/wp-json\/wp\/v2\/tags?post=37115"},{"taxonomy":"author","embeddable":true,"href":"https:\/\/archive.cafe.crea.ca\/fr\/wp-json\/wp\/v2\/coauthors?post=37115"}],"curies":[{"name":"wp","href":"https:\/\/api.w.org\/{rel}","templated":true}]}}