{"id":36935,"date":"2021-02-02T09:54:07","date_gmt":"2021-02-02T14:54:07","guid":{"rendered":"https:\/\/archive.cafe.crea.ca\/?p=36935"},"modified":"2021-02-02T10:01:08","modified_gmt":"2021-02-02T15:01:08","slug":"un-an-plus-tard-lincidence-de-la-covid-19-sur-les-courtiers-et-agents-au-canada","status":"publish","type":"post","link":"https:\/\/archive.cafe.crea.ca\/fr\/un-an-plus-tard-lincidence-de-la-covid-19-sur-les-courtiers-et-agents-au-canada\/","title":{"rendered":"Un an plus tard : l\u2019incidence de la COVID-19 sur les courtiers et agents au Canada"},"content":{"rendered":"\n<p>Avec du recul, on se\nsouviendra de l\u2019ann\u00e9e 2020 comme une ann\u00e9e en dents de scie, et ce, pour tous\nles secteurs et r\u00e9gions du globe \u2012 du jamais-vu. L\u2019ann\u00e9e a connu un d\u00e9but\nnormal, mais personne n\u2019aurait pu pr\u00e9dire les incidences du nouveau coronavirus\nqui se propageait partout sur la plan\u00e8te.<\/p>\n\n\n\n<p>En mars&nbsp;2020, mois o\u00f9 le pays entier <a href=\"https:\/\/archive.cafe.crea.ca\/what-realtors-should-know-about-covid-19\/\" target=\"_blank\" rel=\"noreferrer noopener\" aria-label=\" (opens in a new tab)\">a d\u00fb \u00eatre confin\u00e9<\/a>, les transactions immobili\u00e8res ont \u00e9t\u00e9 interrompues. Quand les semaines sont devenues des mois, les courtiers et agents ont su s\u2019adapter \u00e0 cette nouvelle normalit\u00e9, et le secteur a commenc\u00e9 \u00e0 observer des tendances inhabituelles.<\/p>\n\n\n\n<p>\u00ab&nbsp;En r\u00e9trospective, il nous semble qu\u2019il y a toute une \u00e9ternit\u00e9 depuis la veille du Nouvel An&nbsp;2019 et que le temps s\u2019est \u00e9coul\u00e9 en un clin d\u2019\u0153il\u2026 C\u2019est le genre d\u2019impression confuse que peut causer une pand\u00e9mie mondiale, je suppose. Au d\u00e9but de mon ann\u00e9e \u00e0 la pr\u00e9sidence, je ne savais pas \u00e0 quoi m\u2019attendre; mais je peux vous dire en toute certitude que ce n\u2019\u00e9tait pas ce qui nous est tomb\u00e9 dessus&nbsp;\u00bb, a affirm\u00e9 le pr\u00e9sident de l\u2019ACI, <a href=\"https:\/\/www.realtor.ca\/courtier-immobilier\/1387787\/costa-poulopoulos-519-york-street-london-ontario-n6b1r4\" target=\"_blank\" rel=\"noreferrer noopener\" aria-label=\" (opens in a new tab)\">Costa&nbsp;Poulopoulos<\/a>, dans son message de fin d\u2019ann\u00e9e 2020.<\/p>\n\n\n\n<div class=\"wp-block-image\"><figure class=\"alignleft\"><img loading=\"lazy\" decoding=\"async\" width=\"353\" height=\"451\" src=\"https:\/\/archive.cafe.crea.ca\/wp-content\/uploads\/2020\/11\/Costa-Poulopoulos.jpg\" alt=\"\" class=\"wp-image-36276\"\/><\/figure><\/div>\n\n\n\n<p>\u00ab&nbsp;En\nnotre qualit\u00e9 de courtiers et agents immobiliers, nous sommes fiers de la fa\u00e7on\ndont nous interagissons et communiquons avec les gens. Nous voulons \u00eatre l\u00e0\npour nos clients pour les aider \u00e0 s\u2019y retrouver dans le processus compliqu\u00e9 d\u2019achat\nd\u2019une propri\u00e9t\u00e9. Nous sommes une \u00e9tape importante pour aider les Canadiens \u00e0\nr\u00e9aliser leurs r\u00eaves; ne l\u2019oubliez pas. Le simple fait que les r\u00e9unions en\npersonne au caf\u00e9 soient maintenant remplac\u00e9es par des appels Zoom dans le\nd\u00e9sordre des bureaux \u00e0 domicile ne diminue en rien le travail que nous faisons\npour continuer \u00e0 faire tourner l\u2019engrenage de l\u2019\u00e9conomie canadienne&nbsp;\u00bb, a-t-il\ndit.<\/p>\n\n\n\n<p>Nous jetons un regard\nr\u00e9trospectif sur 2020 et sur l\u2019incidence que la COVID-19 a eue sur les courtiers\net agents dans l\u2019ensemble du Canada. Ceux-ci ont d\u00e9laiss\u00e9 les interactions en personne pour se\nconcentrer sur de nouvelles technologies, leur s\u00e9curit\u00e9 et leur sant\u00e9 mentale.<\/p>\n\n\n\n<p>Lorsque <a rel=\"noreferrer noopener\" aria-label=\" (opens in a new tab)\" href=\"https:\/\/www.realtor.ca\/courtier-immobilier\/1659205\/sean-morrison-155-main-street-east-unit-203-grimsby-ontario-l4n7g4\" target=\"_blank\">Sean&nbsp;Morrison<\/a> est devenu pr\u00e9sident de l\u2019<a href=\"https:\/\/www.orea.com\/\" target=\"_blank\" rel=\"noreferrer noopener\" aria-label=\" (opens in a new tab)\">Ontario Real Estate Association (OREA)<\/a> en f\u00e9vrier&nbsp;2020, le nouveau coronavirus n\u2019avait pas encore frapp\u00e9 de plein fouet l\u2019Am\u00e9rique du Nord.<\/p>\n\n\n\n<p>\u00ab&nbsp;Nous avions planifi\u00e9\nune ann\u00e9e tout \u00e0 fait diff\u00e9rente&nbsp;\u00bb, d\u00e9clare-t-il. \u00ab&nbsp;\u00c0 l\u2019approche du\nmois de mars, nous en apprenions plus sur la COVID-19 et nous savions qu\u2019elle\nallait avoir une incidence sur nos membres.&nbsp;\u00bb<\/p>\n\n\n\n<p>Nous avons compris la\ngravit\u00e9 de la situation lorsqu\u2019un confinement fut impos\u00e9 \u00e0 l\u2019\u00e9chelle du pays.<\/p>\n\n\n\n<p>\u00ab&nbsp;Les organisations\nne disposaient pas d\u2019un plan d\u2019urgence&nbsp;\u00bb, explique M.&nbsp;Morrison. \u00ab&nbsp;Nous\nn\u2019avions jamais connu de pand\u00e9mie d\u2019une telle amplitude depuis la grippe\nespagnole.&nbsp;\u00bb<\/p>\n\n\n\n<p>Les chambres et associations,\nainsi que l\u2019ACI qui menait la charge, n\u2019ont m\u00e9nag\u00e9 aucun effort pour assurer la\ns\u00e9curit\u00e9 de la communaut\u00e9 immobili\u00e8re, en passant au t\u00e9l\u00e9travail et en exer\u00e7ant\ndes pressions aupr\u00e8s du gouvernement f\u00e9d\u00e9ral pour veiller \u00e0 ce que le secteur\nimmobilier soit jug\u00e9 un service essentiel et que les besoins uniques des courtiers et agents soient pris en compte lors de la mise en \u0153uvre des plans\nd\u2019aide d\u2019urgence.<\/p>\n\n\n\n<figure class=\"wp-block-image is-resized\"><img loading=\"lazy\" decoding=\"async\" src=\"https:\/\/archive.cafe.crea.ca\/wp-content\/uploads\/2020\/07\/office_cafe.jpg\" alt=\"Woman working in office.\" class=\"wp-image-35104\" width=\"662\" height=\"286\" srcset=\"https:\/\/archive.cafe.crea.ca\/wp-content\/uploads\/2020\/07\/office_cafe.jpg 1324w, https:\/\/archive.cafe.crea.ca\/wp-content\/uploads\/2020\/07\/office_cafe-768x331.jpg 768w\" sizes=\"(max-width: 662px) 100vw, 662px\" \/><\/figure>\n\n\n\n<p>L\u2019ACI a lanc\u00e9 un <a href=\"https:\/\/www.crea.ca\/fr\/what-realtors-should-know-about-covid-19\/\" target=\"_blank\" rel=\"noreferrer noopener\" aria-label=\" (opens in a new tab)\">centre d\u2019informations sur la COVID-19<\/a> afin de fournir de l\u2019information importante sur tous les aspects de cette pand\u00e9mie et ses r\u00e9percussions sur la vie professionnelle et personnelle des courtiers et agents. Le microsite est aliment\u00e9 de ressources pour aider les membres \u00e0 se pr\u00e9parer \u00e0 la relance du march\u00e9&nbsp;: collaboration avec le gouvernement, information technologique, webinaires et questions juridiques.<\/p>\n\n\n\n<p>Une page destin\u00e9e aux consommateurs a aussi \u00e9t\u00e9 cr\u00e9\u00e9e sur le <em><a href=\"https:\/\/www.realtor.ca\/blogue\/cat%C3%A9gorie\/3197\/covid-19\/page\/1\" target=\"_blank\" rel=\"noreferrer noopener\" aria-label=\" (opens in a new tab)\">Salon<\/a><\/em><a href=\"https:\/\/www.realtor.ca\/blogue\/cat%C3%A9gorie\/3197\/covid-19\/page\/1\" target=\"_blank\" rel=\"noreferrer noopener\" aria-label=\" (opens in a new tab)\"> de REALTOR.ca<\/a> pour aider les Canadiens \u00e0 composer avec l\u2019incertitude et les effets de la pand\u00e9mie de la COVID-19, et ce, tout au long du processus d\u2019achat ou de vente d\u2019une propri\u00e9t\u00e9.<\/p>\n\n\n\n<p>L\u2019OREA a cr\u00e9\u00e9 son propre <a href=\"https:\/\/www.oreacovid19info.com\/\" target=\"_blank\" rel=\"noreferrer noopener\" aria-label=\" (opens in a new tab)\">centre d\u2019informations sur la COVID-19<\/a> qui offre une foule d\u2019informations allant des orientations sanitaires \u00e0 la disponibilit\u00e9 des programmes (f\u00e9d\u00e9raux et provinciaux).<\/p>\n\n\n\n<p>Reconnaissant que la pand\u00e9mie a eu des cons\u00e9quences d\u00e9vastatrices sur la sant\u00e9 mentale de ses membres, l\u2019OREA a \u00e9galement tenu plus de 35&nbsp;webinaires et a offert \u00e0 ses membres un soutien en mati\u00e8re de sant\u00e9 mentale par le biais de <a href=\"https:\/\/www.oreacovid19info.com\/relief\/lifeworks-orea\/\" target=\"_blank\" rel=\"noreferrer noopener\" aria-label=\" (opens in a new tab)\">Morneau&nbsp;Shepell<\/a> (ce soutien est toujours offert).<\/p>\n\n\n\n<p>\u00ab&nbsp;Cela fait\nlongtemps que j\u2019ai renonc\u00e9 au papier dans mon entreprise&nbsp;\u00bb, affirme M.&nbsp;Morrison.\nMais il s\u2019agissait de la premi\u00e8re fois qu\u2019il inscrivait et vendait une\npropri\u00e9t\u00e9 en ligne.<\/p>\n\n\n\n<p>\u00ab&nbsp;Je n\u2019ai jamais mis les pieds dans l\u2019immeuble, j\u2019ai utilis\u00e9 Facebook pour visiter la r\u00e9sidence et j\u2019ai conclu la vente au moyen d\u2019une plateforme pour signatures num\u00e9riques&nbsp;\u00bb, dit-il. \u00ab&nbsp;Nous avons cr\u00e9\u00e9 une inscription 3D de la r\u00e9sidence pour que les acheteurs puissent faire une visite 3D compl\u00e8te. C\u2019est bien s\u00fbr une autre fa\u00e7on de faire des affaires.&nbsp;\u00bb<\/p>\n\n\n\n<p class=\"has-background has-very-light-gray-background-color\">Fait int\u00e9ressant :  Avant le 12 mars, 15 % des inscriptions sur REALTOR.ca permettaient de faire une <a rel=\"noreferrer noopener\" href=\"https:\/\/archive.cafe.crea.ca\/fr\/diffusion-en-direct-et-visite-virtuelle-quelle-est-la-difference\/\" target=\"_blank\">visite virtuelle<\/a> (sur Matterport, iGuide ou YouTube), un pourcentage qui <a rel=\"noreferrer noopener\" aria-label=\" (opens in a new tab)\" href=\"https:\/\/archive.cafe.crea.ca\/fr\/dix-chiffres-qui-en-disent-long-sur-lhistoire-de-realtor-ca\/\" target=\"_blank\">est pass\u00e9 \u00e0 25&nbsp;%<\/a> en l\u2019espace de quelques semaines et qui continue de cro\u00eetre.    <\/p>\n\n\n\n<p>Mais il n\u2019est pas\nforc\u00e9ment facile de s\u2019adapter \u00e0 cette fa\u00e7on de faire. \u00ab&nbsp;Je me sentais\ncoup\u00e9 du processus \u2012 on perd le lien personnel avec le client&nbsp;\u00bb,\nexplique-t-il.<\/p>\n\n\n\n<p>\u00ab&nbsp;Je suis fier d\u2019offrir\nun service personnalis\u00e9&nbsp;\u00bb, ajoute-t-il. \u00ab&nbsp;Nous avons trouv\u00e9 des solutions\nefficaces pour composer avec la pand\u00e9mie et c\u2019est certainement quelque chose\nque je vais offrir \u00e0 l\u2019avenir, mais j\u2019aime rencontrer les gens et c\u2019est cela\nqui me manque \u00e9norm\u00e9ment.&nbsp;\u00bb<\/p>\n\n\n\n<p>Au d\u00e9but du mois de\njuin, les acheteurs ont commenc\u00e9 \u00e0 revenir en force, alors que les\npropri\u00e9taires-vendeurs se faisaient toujours h\u00e9sitants, dit M.&nbsp;Morrison, ce\nqui est venu \u00ab&nbsp;amplifier le probl\u00e8me d\u2019offre et de demande que nous avons\nconnu au d\u00e9but de la pand\u00e9mie.&nbsp;\u00bb<\/p>\n\n\n\n<p>La demande comprim\u00e9e a donn\u00e9 lieu \u00e0 un <a href=\"https:\/\/creastats.crea.ca\/fr-CA\/\" target=\"_blank\" rel=\"noreferrer noopener\" aria-label=\" (opens in a new tab)\">\u00e9t\u00e9 et un automne actifs<\/a>.<\/p>\n\n\n\n<p>Mais il a remarqu\u00e9 que\nles acheteurs changent aussi. Alors qu\u2019ils s\u2019int\u00e9ressaient surtout \u00e0 la\ncuisine, aux salles de bains et au nombre de pieds carr\u00e9s, les acheteurs\nrecherchent maintenant et avant tout un espace vert.<\/p>\n\n\n\n<p>\u00ab&nbsp;Tout le monde\nveut une cour arri\u00e8re\u2026 et un bureau \u00e0 domicile ou un espace d\u00e9di\u00e9 \u00e0 l\u2019entra\u00eenement\nphysique&nbsp;\u00bb, d\u00e9clare M.&nbsp;Morrison. \u00ab&nbsp;Voil\u00e0 les principaux\nchangements.&nbsp;\u00bb<\/p>\n\n\n\n<p>En <a href=\"https:\/\/creastats.crea.ca\/board\/area\" target=\"_blank\" rel=\"noreferrer noopener\" aria-label=\" (opens in a new tab)\">Alberta<\/a>, le march\u00e9 immobilier, qui \u00e9tait au ralenti depuis plusieurs ann\u00e9es avant l\u2019arriv\u00e9e de la COVID-19, semblait plus reluisant au d\u00e9but de l\u2019ann\u00e9e lorsque les emplois dans le secteur de l\u2019\u00e9nergie ont connu un regain.<\/p>\n\n\n\n<p>\u00ab&nbsp;Nous commencions enfin \u00e0 observer une hausse des ventes et une r\u00e9duction de l\u2019offre&nbsp;\u00bb, affirme <a rel=\"noreferrer noopener\" aria-label=\" (opens in a new tab)\" href=\"https:\/\/albertarealtor.ca\/page\/ann-marie-lurie-bio\" target=\"_blank\">Ann-Marie&nbsp;Lurie<\/a>, \u00e9conomiste en chef \u00e0 l\u2019<a href=\"https:\/\/www.albertarealtor.ca\/\" target=\"_blank\" rel=\"noreferrer noopener\" aria-label=\" (opens in a new tab)\">Alberta Real Estate Association (AREA)<\/a>. \u00ab&nbsp;Puis, la COVID-19 nous a frapp\u00e9s.&nbsp;\u00bb<\/p>\n\n\n\n<p>En mars et avril, nous\navons assist\u00e9 \u00e0 un repli important des ventes; il y avait aussi une baisse du\nnombre d\u2019inscriptions, ce qui a contribu\u00e9 \u00e0 corriger l\u2019offre. Puis quelque\nchose d\u2019\u00e9trange s\u2019est produit, ce qui \u00ab&nbsp;laisse bon nombre d\u2019entre nous quelque\npeu perplexes \u2012 mais pas de fa\u00e7on n\u00e9gative&nbsp;\u00bb, dit-elle.<\/p>\n\n\n\n<p>L\u2019AREA s\u2019attendait \u00e0 une\ncroissance des ventes apr\u00e8s le premier confinement, \u00ab&nbsp;mais les ventes ont\nprogress\u00e9 plus rapidement et de fa\u00e7on plus marqu\u00e9e&nbsp;\u00bb, affirme M<sup>me<\/sup>&nbsp;Lurie.\n\u00ab&nbsp;Il y a maintenant un meilleur \u00e9quilibre entre l\u2019offre et la demande qu\u2019au\nd\u00e9but de l\u2019ann\u00e9e.&nbsp;\u00bb<\/p>\n\n\n\n<p>Cela est peut-\u00eatre\nencore plus \u00e9tonnant parce que le secteur de l\u2019\u00e9nergie a encaiss\u00e9 un autre coup\n\u00e0 la suite d\u2019autres mises \u00e0 pied pendant la pand\u00e9mie, et on sait que le taux de\nch\u00f4mage en Alberta est l\u2019un des plus \u00e9lev\u00e9s au pays.<\/p>\n\n\n\n<p>Contrairement \u00e0 d\u2019autres\nr\u00e9gions du pays o\u00f9 les prix des logements sont \u00e0 la hausse, les prix sont plus\nbas maintenant qu\u2019il y a deux&nbsp;ans. Il s\u2019ensuit que des taux hypoth\u00e9caires\net des prix plus bas ont incit\u00e9 certains acheteurs \u00e0 faire leur entr\u00e9e sur le\nmarch\u00e9 pendant qu\u2019ils sont en mesure de le faire.<\/p>\n\n\n\n<p>Au Canada atlantique, les tendances \u00e9taient tout aussi surprenantes. \u00c0 l\u2019approche de 2020, on pr\u00e9voyait que le secteur immobilier de la <a rel=\"noreferrer noopener\" aria-label=\" (opens in a new tab)\" href=\"https:\/\/creastats.crea.ca\/board\/nsar\" target=\"_blank\">Nouvelle-\u00c9cosse<\/a> allait conna\u00eetre une autre excellente ann\u00e9e. Mais tout s\u2019est brusquement arr\u00eat\u00e9e le 13&nbsp;mars, se rappelle <a rel=\"noreferrer noopener\" aria-label=\" (opens in a new tab)\" href=\"https:\/\/www.realtor.ca\/courtier-immobilier\/1910275\/chris-peters-610-wright-avenue-unit-2-dartmouth-nouvelle-%C3%A9cosse-b3a1m9\" target=\"_blank\">Chris&nbsp;Peters<\/a>, pr\u00e9sident de la <a href=\"https:\/\/www.nsrealtors.ca\/\" target=\"_blank\" rel=\"noreferrer noopener\" aria-label=\" (opens in a new tab)\">Nova Scotia Association of REALTORS\u00ae (NSAR)<\/a>, \u00ab&nbsp;la veille de la semaine de rel\u00e2che du mois de mars.&nbsp;\u00bb<\/p>\n\n\n\n<p>\u00ab&nbsp;Pour moi, le mot qui r\u00e9sume bien l\u2019ann\u00e9e est intense&nbsp;\u00bb,\ndit-il. \u00ab&nbsp;Et l\u2019autre est changement. Nous \u00e9tions tous oblig\u00e9s d\u2019\u00eatre\nouverts \u00e0 certains changements sur le plan professionnel, personnel ou familial.&nbsp;\u00bb<\/p>\n\n\n\n<p>Quant \u00e0 son entreprise, M.&nbsp;Peters avait d\u00e9j\u00e0 d\u00e9laiss\u00e9 les visites libres avant l\u2019arriv\u00e9e de la pand\u00e9mie, se concentrant plut\u00f4t sur la cr\u00e9ation d\u2019une exp\u00e9rience num\u00e9rique plus attrayante, gr\u00e2ce entre autres \u00e0 la <a href=\"https:\/\/archive.cafe.crea.ca\/fr\/la-mise-en-valeur-virtuelle-aide-les-acheteurs-a-visualiser-les-possibilites\/\" target=\"_blank\" rel=\"noreferrer noopener\" aria-label=\" (opens in a new tab)\">mise en valeur virtuelle<\/a> et aux visites 3D.<\/p>\n\n\n\n<p>Mais pour cette\npersonne qui se dit sociable, le changement \u00e9tait difficile \u2012 et c\u2019est le cas\nde beaucoup de courtiers et agents.<\/p>\n\n\n\n<p>\u00ab&nbsp;Je suis un gars\nqui aime les contacts humains, je parcourrais un kilom\u00e8tre de plus pour faire\nsigner un document en personne&nbsp;\u00bb, dit-il. \u00ab&nbsp;J\u2019ai donc d\u00fb d\u00e9nicher plus d\u2019outils\nen ligne \u00e0 partager avec mes clients et m\u2019inscrire \u00e0 Zoom au lieu d\u2019utiliser la\nversion gratuite avec des contraintes de temps\u2026 parce qu\u2019une demi-heure, ce n\u2019est\npas suffisant.&nbsp;\u00bb<\/p>\n\n\n\n<p>La NSAR a toujours offert du soutien en mati\u00e8re de sant\u00e9 mentale \u00e0 ses\nmembres par le biais d\u2019un programme d\u2019aide, mais depuis le d\u00e9but de la\npand\u00e9mie, elle a sensibilis\u00e9 ses membres de nouveau au soutien qui \u00e9tait offert\n\u00e0 eux et \u00e0 leur famille au moyen de webinaires. La NSAR a \u00e9galement adopt\u00e9 la formation et l\u2019octroi\nde permis virtuels via Zoom.<\/p>\n\n\n\n<p>Au cours\ndes premi\u00e8res semaines du premier confinement, la plupart des agences\nimmobili\u00e8res ont mis fin aux visites libres. Mais \u00e0 la mi-avril, il y a eu une\nreprise des activit\u00e9s \u2012 plus rapide que dans le reste du\npays, rendant les choses int\u00e9ressantes. Avant la COVID-19, les offres multiples\nse faisaient plus rares au Canada atlantique, \u00ab&nbsp;mais nous avons commenc\u00e9 \u00e0\nassister \u00e0 une reprise en avril, puis \u00e0 une reprise soutenue en mai et\njuin&nbsp;\u00bb, d\u00e9clare M.&nbsp;Peters.<\/p>\n\n\n\n<p>Les\npropri\u00e9taires-vendeurs n\u2019\u00e9taient pas toujours \u00e0 l\u2019aise \u00e0 l\u2019id\u00e9e que des\n\u00e9trangers visitent leur propri\u00e9t\u00e9. \u00ab&nbsp;Puis le mois de juin est arriv\u00e9&nbsp;\u00bb,\ndit-il. \u00ab&nbsp;Nous avons quelque peu repris notre vitesse de croisi\u00e8re. Nous\ncomprenions mieux ce qui se passait.&nbsp;\u00bb<\/p>\n\n\n\n<p>Comme\nailleurs, une priorit\u00e9 accord\u00e9e aux protocoles en mati\u00e8re de sant\u00e9 et de\ns\u00e9curit\u00e9 (tels que la distanciation sociale et le port d\u2019un masque), une disponibilit\u00e9\naccrue des \u00c9PI et une vaste gamme de nouveaux services virtuels ont fait en\nsorte que les propri\u00e9taires-vendeurs se sentaient plus \u00e0 l\u2019aise avec le processus.\nAu mois d\u2019ao\u00fbt, \u00ab&nbsp;nos inscriptions d\u00e9passaient leur niveau de 2019&nbsp;\u00bb,\nexplique M.&nbsp;Peters. \u00ab&nbsp;Cette tendance se poursuit toujours.&nbsp;\u00bb<\/p>\n\n\n\n<p>Avec des\nventes qui d\u00e9passent les nouvelles inscriptions, les courtiers et agents reportent\nla soumission d\u2019offres, \u00ab&nbsp;ce qui \u00e9tait plut\u00f4t in\u00e9dit \u00e0 la m\u00eame p\u00e9riode l\u2019an\ndernier&nbsp;\u00bb, dit-il. Les courtiers et agents ont aussi recours \u00e0 diff\u00e9rentes\nplateformes technologiques pour communiquer avec leurs clients et tenir des\nvisites libres virtuelles. \u00ab&nbsp;On assiste \u00e0 l\u2019utilisation et \u00e0 l\u2019adoption accrues\nde technologies&nbsp;\u00bb, affirme-t-il. \u00ab&nbsp;Je crois qu\u2019on va continuer d\u2019utiliser\nbon nombre de ces plateformes.&nbsp;\u00bb<\/p>\n\n\n\n<p>Avant l\u2019arriv\u00e9e de la\npand\u00e9mie, certains courtiers\net agents avaient commenc\u00e9 \u00e0 mener certaines de leurs activit\u00e9s en ligne. La pand\u00e9mie n\u2019a fait qu\u2019acc\u00e9l\u00e9rer cette tendance.<\/p>\n\n\n\n<p>\u00ab&nbsp;Les courtiers et agents ont une grande\ncapacit\u00e9 d\u2019adaptation \u2012 cela fait partie de\nnotre boulot. Nous n\u2019avons pas d\u2019autre choix. Nous devons adopter une approche fluide\nlors d\u2019une transaction. C\u2019est une comp\u00e9tence inn\u00e9e&nbsp;\u00bb, d\u00e9clare M.&nbsp;Morrison,\nen ajoutant \u00ab&nbsp;nous pouvons tr\u00e8s bien passer \u00e0 l\u2019espace num\u00e9rique.&nbsp;\u00bb<\/p>\n","protected":false},"excerpt":{"rendered":"<p>Avec du recul, on se souviendra de l\u2019ann\u00e9e 2020 comme une ann\u00e9e en dents de scie, et ce, pour tous les secteurs et r\u00e9gions du globe \u2012 du jamais-vu. L\u2019ann\u00e9e a connu un d\u00e9but normal, mais personne n\u2019aurait pu pr\u00e9dire les incidences du nouveau coronavirus qui se propageait partout sur la plan\u00e8te. En mars&nbsp;2020, mois &hellip; <a href=\"https:\/\/archive.cafe.crea.ca\/fr\/un-an-plus-tard-lincidence-de-la-covid-19-sur-les-courtiers-et-agents-au-canada\/\" class=\"more-link\">Continue reading <span class=\"screen-reader-text\">Un an plus tard : l\u2019incidence de la COVID-19 sur les courtiers et agents au Canada<\/span><\/a><\/p>\n","protected":false},"author":123,"featured_media":36930,"comment_status":"open","ping_status":"open","sticky":false,"template":"","format":"standard","meta":{"footnotes":""},"categories":[2372],"tags":[2379,2380],"coauthors":[],"class_list":["post-36935","post","type-post","status-publish","format-standard","has-post-thumbnail","hentry","category-divers","tag-featured-fr","tag-featured-fr-2"],"aioseo_notices":[],"_links":{"self":[{"href":"https:\/\/archive.cafe.crea.ca\/fr\/wp-json\/wp\/v2\/posts\/36935"}],"collection":[{"href":"https:\/\/archive.cafe.crea.ca\/fr\/wp-json\/wp\/v2\/posts"}],"about":[{"href":"https:\/\/archive.cafe.crea.ca\/fr\/wp-json\/wp\/v2\/types\/post"}],"author":[{"embeddable":true,"href":"https:\/\/archive.cafe.crea.ca\/fr\/wp-json\/wp\/v2\/users\/123"}],"replies":[{"embeddable":true,"href":"https:\/\/archive.cafe.crea.ca\/fr\/wp-json\/wp\/v2\/comments?post=36935"}],"version-history":[{"count":2,"href":"https:\/\/archive.cafe.crea.ca\/fr\/wp-json\/wp\/v2\/posts\/36935\/revisions"}],"predecessor-version":[{"id":36937,"href":"https:\/\/archive.cafe.crea.ca\/fr\/wp-json\/wp\/v2\/posts\/36935\/revisions\/36937"}],"wp:featuredmedia":[{"embeddable":true,"href":"https:\/\/archive.cafe.crea.ca\/fr\/wp-json\/wp\/v2\/media\/36930"}],"wp:attachment":[{"href":"https:\/\/archive.cafe.crea.ca\/fr\/wp-json\/wp\/v2\/media?parent=36935"}],"wp:term":[{"taxonomy":"category","embeddable":true,"href":"https:\/\/archive.cafe.crea.ca\/fr\/wp-json\/wp\/v2\/categories?post=36935"},{"taxonomy":"post_tag","embeddable":true,"href":"https:\/\/archive.cafe.crea.ca\/fr\/wp-json\/wp\/v2\/tags?post=36935"},{"taxonomy":"author","embeddable":true,"href":"https:\/\/archive.cafe.crea.ca\/fr\/wp-json\/wp\/v2\/coauthors?post=36935"}],"curies":[{"name":"wp","href":"https:\/\/api.w.org\/{rel}","templated":true}]}}