{"id":36815,"date":"2021-01-21T09:26:01","date_gmt":"2021-01-21T14:26:01","guid":{"rendered":"https:\/\/archive.cafe.crea.ca\/?p=36815"},"modified":"2021-01-21T09:26:04","modified_gmt":"2021-01-21T14:26:04","slug":"bilan-de-lannee-les-nouvelles-les-tendances-et-les-innovations-en-direct","status":"publish","type":"post","link":"https:\/\/archive.cafe.crea.ca\/fr\/bilan-de-lannee-les-nouvelles-les-tendances-et-les-innovations-en-direct\/","title":{"rendered":"Bilan de l\u2019ann\u00e9e : les nouvelles, les tendances et les innovations EN DIRECT"},"content":{"rendered":"\n<p>Si vous nous demandiez, aujourd\u2019hui, si nous choisirions de lancer un <a rel=\"noreferrer noopener\" aria-label=\" (opens in a new tab)\" href=\"https:\/\/archive.cafe.crea.ca\/fr\/lancement-den-direct-un-balado-pour-les-courtiers-et-les-agents\/\" target=\"_blank\">balado<\/a> et un <a href=\"https:\/\/archive.cafe.crea.ca\/fr\/avez-vous-entendu-la-nouvelle-le-magazine-en-direct-est-en-ligne\/\" target=\"_blank\" rel=\"noreferrer noopener\" aria-label=\" (opens in a new tab)\">magazine<\/a> pendant une pand\u00e9mie mondiale, la r\u00e9ponse serait oui.<\/p>\n\n\n\n<p>L\u2019id\u00e9e de\ncr\u00e9er un balado et un magazine pour les courtiers et agents a vu le jour en\n2019. Nous \u00e9tions motiv\u00e9s et avons rapidement organis\u00e9 la logistique et pr\u00e9par\u00e9\nun plan de lancement.<\/p>\n\n\n\n<p>Aujourd\u2019hui,\nnous sommes ravis d\u2019annoncer que nous avons publi\u00e9 quatre&nbsp;num\u00e9ros du\nmagazine <em>EN DIRECT<\/em>, en version num\u00e9rique et imprim\u00e9e, enregistr\u00e9\nquatre&nbsp;\u00e9pisodes du balado <strong>EN DIRECT<\/strong> et attir\u00e9 de nouveaux publics d\u2019un\noc\u00e9an \u00e0 l\u2019autre.<\/p>\n\n\n\n<figure class=\"wp-block-image\"><img loading=\"lazy\" decoding=\"async\" width=\"896\" height=\"289\" src=\"https:\/\/archive.cafe.crea.ca\/wp-content\/uploads\/2021\/01\/Inside-the-blog_year-in-review-COVERS_896x518px-EN_v1.jpg\" alt=\"\" class=\"wp-image-36807\" srcset=\"https:\/\/archive.cafe.crea.ca\/wp-content\/uploads\/2021\/01\/Inside-the-blog_year-in-review-COVERS_896x518px-EN_v1.jpg 896w, https:\/\/archive.cafe.crea.ca\/wp-content\/uploads\/2021\/01\/Inside-the-blog_year-in-review-COVERS_896x518px-EN_v1-768x248.jpg 768w\" sizes=\"(max-width: 896px) 100vw, 896px\" \/><\/figure>\n\n\n\n<p>Qu\u2019il s\u2019agisse\ndu balado ou du magazine, les objectifs sont les m\u00eames&nbsp;: \u00e9duquer, divertir\net informer. Tout comme les courtiers et agents, nous apprenons continuellement.\nNous savons \u00e0 quel point la vie a chang\u00e9 au cours des 12&nbsp;derniers mois et qu\u2019il\nest maintenant essentiel de suivre la technologie, les tendances et les\ninnovations dans le secteur immobilier.<\/p>\n\n\n\n<p>Le lancement du balado et du magazine ne s\u2019est pas fait sans difficult\u00e9s, mais comme vous, nous avons r\u00e9agi rapidement et avons su nous adapter \u00e0 cette situation en \u00e9volution. <a href=\"https:\/\/archive.cafe.crea.ca\/fr\/en-direct-examine-les-repercussions-de-la-covid-19-sur-les-courtiers-et-agents\/\" target=\"_blank\" rel=\"noreferrer noopener\" aria-label=\" (opens in a new tab)\">Le troisi\u00e8me num\u00e9ro d\u2019<\/a><em><a href=\"https:\/\/archive.cafe.crea.ca\/fr\/en-direct-examine-les-repercussions-de-la-covid-19-sur-les-courtiers-et-agents\/\" target=\"_blank\" rel=\"noreferrer noopener\" aria-label=\" (opens in a new tab)\">EN DIRECT<\/a><\/em> a \u00e9t\u00e9 modifi\u00e9 \u00e0 l\u2019\u00e9tape de production, car nous avons d\u00e9cid\u00e9 qu\u2019il \u00e9tait pr\u00e9f\u00e9rable de publier du contenu ax\u00e9 sur les fa\u00e7ons dont les courtiers et agents se sont adapt\u00e9s \u00e0 cette nouvelle normalit\u00e9.<\/p>\n\n\n\n<p>En juin, nous avons diffus\u00e9 un \u00e9pisode sp\u00e9cial du balado en anglais, <em><a href=\"https:\/\/www.crea.ca\/podcast\/\" target=\"_blank\" rel=\"noreferrer noopener\" aria-label=\" (opens in a new tab)\">A Conversation About Real Estate in the Age of COVID-19<\/a><\/em>, qui proposait \u00e0 nos membres des strat\u00e9gies qui pouvaient les aider \u00e0 s\u2019adapter \u00e0 un environnement de commerce num\u00e9rique. Des repr\u00e9sentants de divers niveaux du secteur ont fourni des conseils et des pistes, et ont propos\u00e9 aux membres des solutions \u00e0 mettre en \u0153uvre.<\/p>\n\n\n\n<p>Nous ne\npourrions pas conclure ce bilan de l\u2019ann\u00e9e sans parler de chiffres. Comme les\ndonn\u00e9es l\u2019indiquent, nous avons connu de grandes r\u00e9ussites, et nous avons h\u00e2te de\ncontinuer \u00e0 produire du contenu captivant en 2021. Si vous souhaitez nous\nproposer des sujets \u00e0 traiter, veuillez nous le faire savoir dans les\ncommentaires ci-dessous.<\/p>\n\n\n\n<figure class=\"wp-block-image\"><img loading=\"lazy\" decoding=\"async\" width=\"896\" height=\"756\" src=\"https:\/\/archive.cafe.crea.ca\/wp-content\/uploads\/2021\/01\/By_the_numbers_chart_FR_v4.png\" alt=\"\" class=\"wp-image-36816\" srcset=\"https:\/\/archive.cafe.crea.ca\/wp-content\/uploads\/2021\/01\/By_the_numbers_chart_FR_v4.png 896w, https:\/\/archive.cafe.crea.ca\/wp-content\/uploads\/2021\/01\/By_the_numbers_chart_FR_v4-768x648.png 768w, https:\/\/archive.cafe.crea.ca\/wp-content\/uploads\/2021\/01\/By_the_numbers_chart_FR_v4-677x571.png 677w\" sizes=\"(max-width: 896px) 100vw, 896px\" \/><\/figure>\n\n\n\n<p><a href=\"https:\/\/www.crea.ca\/fr\/podcast\/\"><em>\u00c9coutez<\/em><\/a><strong><em> les\n\u00e9pisodes du balado et <\/em><\/strong><a href=\"https:\/\/www.crea.ca\/fr\/magazine\/\"><em>lisez<\/em><\/a><strong><em> les derniers num\u00e9ros du magazine <\/em><\/strong><strong>EN DIRECT<em> en version num\u00e9rique.<\/em><\/strong><\/p>\n","protected":false},"excerpt":{"rendered":"<p>Si vous nous demandiez, aujourd\u2019hui, si nous choisirions de lancer un balado et un magazine pendant une pand\u00e9mie mondiale, la r\u00e9ponse serait oui. L\u2019id\u00e9e de cr\u00e9er un balado et un magazine pour les courtiers et agents a vu le jour en 2019. Nous \u00e9tions motiv\u00e9s et avons rapidement organis\u00e9 la logistique et pr\u00e9par\u00e9 un plan &hellip; <a href=\"https:\/\/archive.cafe.crea.ca\/fr\/bilan-de-lannee-les-nouvelles-les-tendances-et-les-innovations-en-direct\/\" class=\"more-link\">Continue reading <span class=\"screen-reader-text\">Bilan de l\u2019ann\u00e9e : les nouvelles, les tendances et les innovations EN DIRECT<\/span><\/a><\/p>\n","protected":false},"author":88,"featured_media":36805,"comment_status":"open","ping_status":"open","sticky":false,"template":"","format":"standard","meta":{"footnotes":""},"categories":[2366],"tags":[],"coauthors":[2218],"class_list":["post-36815","post","type-post","status-publish","format-standard","has-post-thumbnail","hentry","category-nouvelles-de-laci"],"aioseo_notices":[],"_links":{"self":[{"href":"https:\/\/archive.cafe.crea.ca\/fr\/wp-json\/wp\/v2\/posts\/36815"}],"collection":[{"href":"https:\/\/archive.cafe.crea.ca\/fr\/wp-json\/wp\/v2\/posts"}],"about":[{"href":"https:\/\/archive.cafe.crea.ca\/fr\/wp-json\/wp\/v2\/types\/post"}],"author":[{"embeddable":true,"href":"https:\/\/archive.cafe.crea.ca\/fr\/wp-json\/wp\/v2\/users\/88"}],"replies":[{"embeddable":true,"href":"https:\/\/archive.cafe.crea.ca\/fr\/wp-json\/wp\/v2\/comments?post=36815"}],"version-history":[{"count":1,"href":"https:\/\/archive.cafe.crea.ca\/fr\/wp-json\/wp\/v2\/posts\/36815\/revisions"}],"predecessor-version":[{"id":36818,"href":"https:\/\/archive.cafe.crea.ca\/fr\/wp-json\/wp\/v2\/posts\/36815\/revisions\/36818"}],"wp:featuredmedia":[{"embeddable":true,"href":"https:\/\/archive.cafe.crea.ca\/fr\/wp-json\/wp\/v2\/media\/36805"}],"wp:attachment":[{"href":"https:\/\/archive.cafe.crea.ca\/fr\/wp-json\/wp\/v2\/media?parent=36815"}],"wp:term":[{"taxonomy":"category","embeddable":true,"href":"https:\/\/archive.cafe.crea.ca\/fr\/wp-json\/wp\/v2\/categories?post=36815"},{"taxonomy":"post_tag","embeddable":true,"href":"https:\/\/archive.cafe.crea.ca\/fr\/wp-json\/wp\/v2\/tags?post=36815"},{"taxonomy":"author","embeddable":true,"href":"https:\/\/archive.cafe.crea.ca\/fr\/wp-json\/wp\/v2\/coauthors?post=36815"}],"curies":[{"name":"wp","href":"https:\/\/api.w.org\/{rel}","templated":true}]}}