{"id":36770,"date":"2021-01-20T09:03:41","date_gmt":"2021-01-20T14:03:41","guid":{"rendered":"https:\/\/archive.cafe.crea.ca\/?p=36770"},"modified":"2021-02-04T09:18:05","modified_gmt":"2021-02-04T14:18:05","slug":"2020-a-ete-une-annee-record-pour-les-ventes-residentielles-au-canada-que-nous-reserve-lavenir","status":"publish","type":"post","link":"https:\/\/archive.cafe.crea.ca\/fr\/2020-a-ete-une-annee-record-pour-les-ventes-residentielles-au-canada-que-nous-reserve-lavenir\/","title":{"rendered":"2020 a \u00e9t\u00e9 une ann\u00e9e record pour les ventes r\u00e9sidentielles au Canada \u2013 Que nous r\u00e9serve l\u2019avenir?"},"content":{"rendered":"\n<p>Voici des chiffres pour orienter la conversation.<\/p>\n\n\n\n<p class=\"has-background has-very-light-gray-background-color\"><strong>551&nbsp;000&nbsp;<\/strong>: Nombre\nde ventes r\u00e9sidentielles conclues par l\u2019entremise des syst\u00e8mes MLS\u00ae\ncanadiens en 2020 \u2013 un nouveau record annuel.<\/p>\n\n\n\n<p>Ce chiffre vous semble \u00e9lev\u00e9? Il ne l\u2019est pas\nvraiment. Quand on ajuste les ventes r\u00e9sidentielles en tenant compte de la\ncroissance de la population, ce chiffre est inf\u00e9rieur \u00e0 celui de 2005, de 2006,\nde 2007 (de beaucoup) et de 2016.<\/p>\n\n\n\n<p>Mais l\u2019activit\u00e9 est en hausse. Gardons les chiffres\nqui suivent en t\u00eate tandis que 2021 commence.<\/p>\n\n\n\n<p class=\"has-background has-very-light-gray-background-color\"><strong>714&nbsp;500<\/strong>&nbsp;:\nVentes d\u00e9saisonnalis\u00e9es en d\u00e9cembre&nbsp;2020 \u00e0 des taux annualis\u00e9s.<\/p>\n\n\n\n<p>En d\u00e9cembre, les ventes ont atteint un autre record\nmensuel. Faisons le calcul&nbsp;: si les ventes mensuelles restaient au niveau\nde d\u00e9cembre tout au long de 2021, on observerait plus de\n700&nbsp;000&nbsp;ventes en 2021. C\u2019est bien plus que le record d\u2019environ\n550&nbsp;000 en 2020! Mais soyons clairs, nous ne nous attendons pas \u00e0\n700&nbsp;000&nbsp;ventes en 2021. Ce que je veux dire, c\u2019est que l\u2019activit\u00e9\npourrait ralentir consid\u00e9rablement et que 2021 s\u2019imposerait quand m\u00eame comme\nune autre ann\u00e9e record. Il ne devrait pas \u00eatre bien difficile de supplanter l\u2019\u00ab&nbsp;ann\u00e9e\nsans march\u00e9 printanier&nbsp;\u00bb. Or, 2021 pourrait devenir l\u2019\u00ab&nbsp;ann\u00e9e de la\np\u00e9nurie de propri\u00e9t\u00e9s \u00e0 vendre&nbsp;\u00bb.<\/p>\n\n\n\n<p class=\"has-background has-very-light-gray-background-color\"><strong>99&nbsp;265<\/strong>&nbsp;:\nNombre d\u2019inscriptions actives dans tous les syst\u00e8mes MLS\u00ae\ncanadiens tandis que nous nous souhaitions bonne ann\u00e9e (\u00e0 distance) le 1<sup>er<\/sup>&nbsp;janvier.\nVous vous demandez \u00e0 quand remonte la derni\u00e8re fois o\u00f9 ce chiffre \u00e9tait sous la\nbarre des 100&nbsp;000? Malheureusement, notre base de donn\u00e9es des inscriptions\nactives ne date que de trente&nbsp;ans, donc je ne peux pas vous le dire. \u00c9tant\ndonn\u00e9 la croissance de la population et du parc immobilier depuis ce temps, ce\nn\u2019est pas rien que nous observions aujourd\u2019hui le plus bas niveau d\u2019inscriptions\nactives. Il y a cinq&nbsp;ans, on en comptait 250&nbsp;000.<\/p>\n\n\n\n<p>Alors, \u00e0 l\u2019heure actuelle, les ventes atteignent des\nniveaux record, et l\u2019offre, un creux historique. Combinons ces deux&nbsp;valeurs\net nous obtenons l\u2019une de nos statistiques pr\u00e9f\u00e9r\u00e9es, le nombre de mois d\u2019inventaire.\nAu jour de l\u2019An, on comptait 2,1&nbsp;mois d\u2019inventaire \u00e0 l\u2019\u00e9chelle nationale.\nLa valeur \u00e9quilibr\u00e9e ou normale \u00e0 long terme de cette mesure est 5,2&nbsp;mois.\nSituons-en le contexte historique. Il y a eu un boom immobilier au d\u00e9but des\nann\u00e9es&nbsp;2000; les prix ont presque doubl\u00e9 de 2002 \u00e0 2007. On comptait alors\njuste un peu moins de quatre&nbsp;mois d\u2019inventaire. Puis, apr\u00e8s la crise\nfinanci\u00e8re, la plupart des ann\u00e9es&nbsp;2010 ont \u00e9t\u00e9 assez ennuyantes, le nombre\nde mois d\u2019inventaire se situant \u00e0 un peu plus de six. Voil\u00e0 pourquoi on obtient\nen moyenne cinq&nbsp;mois. Et on compte \u00e0 l\u2019heure actuelle deux&nbsp;mois d\u2019inventaire!<\/p>\n\n\n\n<p class=\"has-background has-very-light-gray-background-color\"><strong>Qu\u2019est-ce que tout cela signifie? L\u2019indicateur \u00e0\nsurveiller en 2021 sera les nouvelles inscriptions, surtout ce printemps.\nCombien de propri\u00e9taires mettront leurs propri\u00e9t\u00e9s en vente?<\/strong><\/p>\n\n\n\n<p>M\u00eame si les ventes atteignent d\u00e9j\u00e0 des sommets, nous savons que la\ndemande est beaucoup plus forte que ces chiffres ne l\u2019indiquent, car nous\nvoyons son incidence grandissante sur les prix. Une inscription qui fait l\u2019objet\nde 10&nbsp;offres ne donne lieu qu\u2019\u00e0 une vente, mais son prix augmente de fa\u00e7on\nconsid\u00e9rable. Il ne s\u2019agit pas d\u2019une projection. Cette situation se produit\nd\u00e9j\u00e0.<\/p>\n\n\n\n<p>Son incidence sur les ventes et les prix d\u00e9pendra du\nnombre de propri\u00e9t\u00e9s sur le march\u00e9 dans les mois \u00e0 venir. Nous nous attendons\nn\u00e9anmoins, d\u2019apr\u00e8s notre exp\u00e9rience, \u00e0 un ralentissement trompeur des ventes au\nd\u00e9but de 2021. Ne vous y m\u00e9prenez pas. Les march\u00e9s seront plus restreints,\npuisqu\u2019un nombre moins \u00e9lev\u00e9 d\u2019inscriptions existantes ont \u00e9t\u00e9 report\u00e9es dans\nla nouvelle ann\u00e9e, et que l\u2019activit\u00e9 ralentit g\u00e9n\u00e9ralement en janvier et en\nf\u00e9vrier alors que nous attendons les nouvelles inscriptions du printemps.\nDifficile toutefois de savoir combien il y aura de telles inscriptions et\ncombien d\u2019acheteurs les attendent, pr\u00eats \u00e0 bondir, mais je m\u2019avance&nbsp;: la\nsituation sera probablement spectaculaire, peu importe la tournure qu\u2019elle\nprendra.<\/p>\n\n\n\n<p>Pour conclure, je pr\u00e9cise qu\u2019id\u00e9alement, nous aimerions que les m\u00e9nages puissent trouver et acqu\u00e9rir des propri\u00e9t\u00e9s adapt\u00e9es \u00e0 leurs besoins, que les personnes puissent d\u00e9m\u00e9nager quand elles le veulent et que les prix demeurent abordables, mais nous faisons face \u00e0 une importante p\u00e9nurie du c\u00f4t\u00e9 de l\u2019offre en 2021.<\/p>\n\n\n\n<figure class=\"wp-block-image is-resized\"><img loading=\"lazy\" decoding=\"async\" src=\"https:\/\/archive.cafe.crea.ca\/wp-content\/uploads\/2021\/01\/01_Jan_RealtorCaInfographic-Map-FR_1080x1080.jpg\" alt=\"\" class=\"wp-image-36772\" width=\"270\" height=\"270\" srcset=\"https:\/\/archive.cafe.crea.ca\/wp-content\/uploads\/2021\/01\/01_Jan_RealtorCaInfographic-Map-FR_1080x1080.jpg 1080w, https:\/\/archive.cafe.crea.ca\/wp-content\/uploads\/2021\/01\/01_Jan_RealtorCaInfographic-Map-FR_1080x1080-768x768.jpg 768w, https:\/\/archive.cafe.crea.ca\/wp-content\/uploads\/2021\/01\/01_Jan_RealtorCaInfographic-Map-FR_1080x1080-571x571.jpg 571w\" sizes=\"(max-width: 270px) 100vw, 270px\" \/><\/figure>\n\n\n\n<figure class=\"wp-block-image is-resized\"><img loading=\"lazy\" decoding=\"async\" src=\"https:\/\/archive.cafe.crea.ca\/wp-content\/uploads\/2021\/01\/01_Jan_RealtorCaInfographic-noMap_1080x1080-F1.jpg\" alt=\"\" class=\"wp-image-36785\" width=\"270\" height=\"270\" srcset=\"https:\/\/archive.cafe.crea.ca\/wp-content\/uploads\/2021\/01\/01_Jan_RealtorCaInfographic-noMap_1080x1080-F1.jpg 1080w, https:\/\/archive.cafe.crea.ca\/wp-content\/uploads\/2021\/01\/01_Jan_RealtorCaInfographic-noMap_1080x1080-F1-768x768.jpg 768w, https:\/\/archive.cafe.crea.ca\/wp-content\/uploads\/2021\/01\/01_Jan_RealtorCaInfographic-noMap_1080x1080-F1-571x571.jpg 571w\" sizes=\"(max-width: 270px) 100vw, 270px\" \/><\/figure>\n\n\n\n<figure class=\"wp-block-image is-resized\"><img loading=\"lazy\" decoding=\"async\" src=\"https:\/\/archive.cafe.crea.ca\/wp-content\/uploads\/2021\/01\/01_Jan_RealtorCaInfographic-noMap_1080x1080-F2.jpg\" alt=\"\" class=\"wp-image-36787\" width=\"270\" height=\"270\" srcset=\"https:\/\/archive.cafe.crea.ca\/wp-content\/uploads\/2021\/01\/01_Jan_RealtorCaInfographic-noMap_1080x1080-F2.jpg 1080w, https:\/\/archive.cafe.crea.ca\/wp-content\/uploads\/2021\/01\/01_Jan_RealtorCaInfographic-noMap_1080x1080-F2-768x768.jpg 768w, https:\/\/archive.cafe.crea.ca\/wp-content\/uploads\/2021\/01\/01_Jan_RealtorCaInfographic-noMap_1080x1080-F2-571x571.jpg 571w\" sizes=\"(max-width: 270px) 100vw, 270px\" \/><\/figure>\n\n\n\n<figure class=\"wp-block-image is-resized\"><img loading=\"lazy\" decoding=\"async\" src=\"https:\/\/archive.cafe.crea.ca\/wp-content\/uploads\/2021\/01\/01_Jan_RealtorCaInfographic-noMap_1080x1080-F3.jpg\" alt=\"\" class=\"wp-image-36789\" width=\"270\" height=\"270\" srcset=\"https:\/\/archive.cafe.crea.ca\/wp-content\/uploads\/2021\/01\/01_Jan_RealtorCaInfographic-noMap_1080x1080-F3.jpg 1080w, https:\/\/archive.cafe.crea.ca\/wp-content\/uploads\/2021\/01\/01_Jan_RealtorCaInfographic-noMap_1080x1080-F3-768x768.jpg 768w, https:\/\/archive.cafe.crea.ca\/wp-content\/uploads\/2021\/01\/01_Jan_RealtorCaInfographic-noMap_1080x1080-F3-571x571.jpg 571w\" sizes=\"(max-width: 270px) 100vw, 270px\" \/><\/figure>\n","protected":false},"excerpt":{"rendered":"<p>Voici des chiffres pour orienter la conversation. 551&nbsp;000&nbsp;: Nombre de ventes r\u00e9sidentielles conclues par l\u2019entremise des syst\u00e8mes MLS\u00ae canadiens en 2020 \u2013 un nouveau record annuel. Ce chiffre vous semble \u00e9lev\u00e9? Il ne l\u2019est pas vraiment. Quand on ajuste les ventes r\u00e9sidentielles en tenant compte de la croissance de la population, ce chiffre est inf\u00e9rieur &hellip; <a href=\"https:\/\/archive.cafe.crea.ca\/fr\/2020-a-ete-une-annee-record-pour-les-ventes-residentielles-au-canada-que-nous-reserve-lavenir\/\" class=\"more-link\">Continue reading <span class=\"screen-reader-text\">2020 a \u00e9t\u00e9 une ann\u00e9e record pour les ventes r\u00e9sidentielles au Canada \u2013 Que nous r\u00e9serve l\u2019avenir?<\/span><\/a><\/p>\n","protected":false},"author":14,"featured_media":36764,"comment_status":"open","ping_status":"open","sticky":false,"template":"","format":"standard","meta":{"footnotes":""},"categories":[2367],"tags":[2377],"coauthors":[2199],"class_list":["post-36770","post","type-post","status-publish","format-standard","has-post-thumbnail","hentry","category-statistiques","tag-sidebar-fr"],"aioseo_notices":[],"_links":{"self":[{"href":"https:\/\/archive.cafe.crea.ca\/fr\/wp-json\/wp\/v2\/posts\/36770"}],"collection":[{"href":"https:\/\/archive.cafe.crea.ca\/fr\/wp-json\/wp\/v2\/posts"}],"about":[{"href":"https:\/\/archive.cafe.crea.ca\/fr\/wp-json\/wp\/v2\/types\/post"}],"author":[{"embeddable":true,"href":"https:\/\/archive.cafe.crea.ca\/fr\/wp-json\/wp\/v2\/users\/14"}],"replies":[{"embeddable":true,"href":"https:\/\/archive.cafe.crea.ca\/fr\/wp-json\/wp\/v2\/comments?post=36770"}],"version-history":[{"count":4,"href":"https:\/\/archive.cafe.crea.ca\/fr\/wp-json\/wp\/v2\/posts\/36770\/revisions"}],"predecessor-version":[{"id":36793,"href":"https:\/\/archive.cafe.crea.ca\/fr\/wp-json\/wp\/v2\/posts\/36770\/revisions\/36793"}],"wp:featuredmedia":[{"embeddable":true,"href":"https:\/\/archive.cafe.crea.ca\/fr\/wp-json\/wp\/v2\/media\/36764"}],"wp:attachment":[{"href":"https:\/\/archive.cafe.crea.ca\/fr\/wp-json\/wp\/v2\/media?parent=36770"}],"wp:term":[{"taxonomy":"category","embeddable":true,"href":"https:\/\/archive.cafe.crea.ca\/fr\/wp-json\/wp\/v2\/categories?post=36770"},{"taxonomy":"post_tag","embeddable":true,"href":"https:\/\/archive.cafe.crea.ca\/fr\/wp-json\/wp\/v2\/tags?post=36770"},{"taxonomy":"author","embeddable":true,"href":"https:\/\/archive.cafe.crea.ca\/fr\/wp-json\/wp\/v2\/coauthors?post=36770"}],"curies":[{"name":"wp","href":"https:\/\/api.w.org\/{rel}","templated":true}]}}