{"id":36664,"date":"2021-01-07T09:25:19","date_gmt":"2021-01-07T14:25:19","guid":{"rendered":"https:\/\/archive.cafe.crea.ca\/?p=36664"},"modified":"2021-01-07T09:25:21","modified_gmt":"2021-01-07T14:25:21","slug":"retrospective-les-10-billets-les-plus-populaires-au-cafe-aci-en-2020","status":"publish","type":"post","link":"https:\/\/archive.cafe.crea.ca\/fr\/retrospective-les-10-billets-les-plus-populaires-au-cafe-aci-en-2020\/","title":{"rendered":"R\u00e9trospective : les 10 billets les plus populaires au Caf\u00e9 ACI en 2020"},"content":{"rendered":"\n<p>L\u2019ann\u00e9e&nbsp;2020\na \u00e9t\u00e9 pour le moins particuli\u00e8re.<\/p>\n\n\n\n<p>Elle nous a\nr\u00e9serv\u00e9 bien des d\u00e9fis, notamment la pand\u00e9mie de la COVID-19.<\/p>\n\n\n\n<p>\u00c0 travers\nles \u00e9preuves, les courtiers et agents immobiliers ont toujours pu trouver des\nrenseignements utiles au Caf\u00e9 ACI. Ces 12&nbsp;derniers mois, plus de\n300&nbsp;billets ont \u00e9t\u00e9 publi\u00e9s au Caf\u00e9 ACI dans les deux&nbsp;langues\nofficielles. Ils portaient sur un \u00e9ventail de sujets, dont les nouvelles\ntechnologies, les statistiques sur les march\u00e9s de l\u2019habitation et les activit\u00e9s\nde d\u00e9fense des int\u00e9r\u00eats de la communaut\u00e9 immobili\u00e8re.<\/p>\n\n\n\n<p>Jetons un\ncoup d\u2019\u0153il aux 10&nbsp;billets qui ont le plus retenu votre attention en 2020.<\/p>\n\n\n\n<figure class=\"wp-block-image\"><img loading=\"lazy\" decoding=\"async\" width=\"307\" height=\"170\" src=\"https:\/\/archive.cafe.crea.ca\/wp-content\/uploads\/2021\/01\/10-1.png\" alt=\"\" class=\"wp-image-36665\"\/><\/figure>\n\n\n\n<h2 class=\"wp-block-heading\"><a href=\"https:\/\/archive.cafe.crea.ca\/fr\/la-banque-du-canada-ne-prevoit-pas-daugmenter-ses-taux-avant-au-moins-2023\/\" target=\"_blank\" rel=\"noreferrer noopener\" aria-label=\" (opens in a new tab)\">La Banque du Canada ne pr\u00e9voit pas d\u2019augmenter ses taux avant au moins 2023<\/a><\/h2>\n\n\n\n<p><em>Publi\u00e9\nle 2&nbsp;novembre&nbsp;2020<\/em><\/p>\n\n\n\n<p>Le 28&nbsp;octobre&nbsp;2020, la\nBanque du Canada annon\u00e7ait le maintien du taux de financement \u00e0 un jour \u00e0\n0,25&nbsp;%. La Banque notait que l\u2019augmentation du nombre de cas de COVID-19\npesait sur les perspectives \u00e9conomiques. Dans ce billet, notre \u00e9quipe d\u2019\u00e9conomistes\nanalyse les r\u00e9percussions de cette annonce sur le secteur immobilier.<\/p>\n\n\n\n<figure class=\"wp-block-image\"><img loading=\"lazy\" decoding=\"async\" width=\"307\" height=\"170\" src=\"https:\/\/archive.cafe.crea.ca\/wp-content\/uploads\/2021\/01\/9.png\" alt=\"\" class=\"wp-image-36640\"\/><\/figure>\n\n\n\n<h2 class=\"wp-block-heading\"><a href=\"https:\/\/archive.cafe.crea.ca\/fr\/cinq-photos-a-inclure-dans-votre-inscription\/\" target=\"_blank\" rel=\"noreferrer noopener\" aria-label=\" (opens in a new tab)\">Cinq photos \u00e0 inclure dans votre inscription<\/a><\/h2>\n\n\n\n<p><em>Publi\u00e9\nle 13&nbsp;octobre&nbsp;2020<\/em><\/p>\n\n\n\n<p>Puisque la\npand\u00e9mie de la COVID-19 a limit\u00e9 les interactions en personne cette ann\u00e9e, il\nfallait plus que jamais faire une bonne premi\u00e8re impression en ligne. Comment?\nEn ajoutant aux inscriptions des photos d\u2019excellente qualit\u00e9 qui saisissent l\u2019essence\nde la propri\u00e9t\u00e9 et suscitent l\u2019int\u00e9r\u00eat des clients potentiels.<\/p>\n\n\n\n<p>La plupart\ndes inscriptions comportent des photos essentielles, comme celles de la chambre\nprincipale, de la cuisine et du salon. Nous proposons aux courtiers et agents\ncinq&nbsp;autres photos qu\u2019ils devraient songer \u00e0 ajouter \u00e0 leur galerie.<\/p>\n\n\n\n<figure class=\"wp-block-image\"><img loading=\"lazy\" decoding=\"async\" width=\"306\" height=\"174\" src=\"https:\/\/archive.cafe.crea.ca\/wp-content\/uploads\/2021\/01\/8.png\" alt=\"\" class=\"wp-image-36642\"\/><\/figure>\n\n\n\n<h2 class=\"wp-block-heading\"><a href=\"https:\/\/archive.cafe.crea.ca\/fr\/la-diffusion-en-direct-sur-realtor-ca-mettre-en-valeur-les-proprietes-grace-a-la-technologie\/\" target=\"_blank\" rel=\"noreferrer noopener\" aria-label=\" (opens in a new tab)\">La diffusion en direct sur REALTOR.ca : mettre en valeur les propri\u00e9t\u00e9s gr\u00e2ce \u00e0 la technologie<\/a><\/h2>\n\n\n\n<p><em>Publi\u00e9\nle 7&nbsp;avril&nbsp;2020<\/em><\/p>\n\n\n\n<p>Tandis que\nla COVID-19 faisait des ravages partout dans le monde, les\npropri\u00e9taires-vendeurs craignaient de laisser entrer des \u00e9trangers chez eux.\nLes visites libres \u00e9tant annul\u00e9es d\u2019un bout \u00e0 l\u2019autre du pays, REALTOR.ca s\u2019est\nrapidement employ\u00e9 \u00e0 aider les membres \u00e0 organiser des visites virtuelles et\ndes visites libres diffus\u00e9es en direct.<\/p>\n\n\n\n<p>D\u00e8s avril,\nil \u00e9tait possible de promouvoir une diffusion en direct sur une inscription\ndans REALTOR.ca. Dans ce billet, nous pr\u00e9sentons cette nouvelle fonctionnalit\u00e9\net expliquons aux courtiers et agents comment ajouter leur \u00e9v\u00e9nement diffus\u00e9 en\ndirect \u00e0 leurs inscriptions.<\/p>\n\n\n\n<figure class=\"wp-block-image\"><img loading=\"lazy\" decoding=\"async\" width=\"304\" height=\"170\" src=\"https:\/\/archive.cafe.crea.ca\/wp-content\/uploads\/2021\/01\/7.png\" alt=\"\" class=\"wp-image-36644\"\/><\/figure>\n\n\n\n<h1 class=\"wp-block-heading\"><a href=\"https:\/\/archive.cafe.crea.ca\/the-scoop-on-five-first-time-home-buyer-programs-in-canada\/\" target=\"_blank\" rel=\"noreferrer noopener\" aria-label=\" (opens in a new tab)\">The Scoop on Five First-Time Home Buyer Programs in Canada<\/a><\/h1>\n\n\n\n<p><em>Publi\u00e9\nle 27&nbsp;novembre&nbsp;2020 (en anglais seulement)<\/em><\/p>\n\n\n\n<p>Des\nremboursements de taxes aux cr\u00e9dits d\u2019imp\u00f4t, de nombreuses initiatives\nfacilitent l\u2019accession \u00e0 la propri\u00e9t\u00e9. Nos amis du <a href=\"file:\/\/\/C:\/Users\/mshaw\/Downloads\/realtor.ca\/blog\"><em>Salon<\/em><\/a> de REALTOR.ca nous pr\u00e9sentent cinq&nbsp;programmes\nofferts aux acheteurs d\u2019une premi\u00e8re propri\u00e9t\u00e9 au Canada. C\u2019est l\u2019article\nparfait \u00e0 transmettre \u00e0 vos clients!<\/p>\n\n\n\n<figure class=\"wp-block-image\"><img loading=\"lazy\" decoding=\"async\" width=\"307\" height=\"170\" src=\"https:\/\/archive.cafe.crea.ca\/wp-content\/uploads\/2021\/01\/6.png\" alt=\"\" class=\"wp-image-36646\"\/><\/figure>\n\n\n\n<h2 class=\"wp-block-heading\"><a href=\"https:\/\/archive.cafe.crea.ca\/fr\/ce-nest-pas-le-far-west-lignes-directrices-de-canafe-et-dautres-organismes-de-reglementation-pendant-la-pandemie-de-la-covid-19\/\" target=\"_blank\" rel=\"noreferrer noopener\" aria-label=\" (opens in a new tab)\">Ce n\u2019est pas le Far West : Lignes directrices de CANAFE et d\u2019autres organismes de r\u00e9glementation pendant la pand\u00e9mie de la COVID-19<\/a><\/h2>\n\n\n\n<p><em>Publi\u00e9\nle 14&nbsp;avril&nbsp;2020<\/em><\/p>\n\n\n\n<p>Alors que\nles recommandations relatives \u00e0 la COVID-19 semblaient changer chaque jour, il\naurait pu \u00eatre tentant de croire qu\u2019en mati\u00e8re d\u2019obligations juridiques, les\ncourtiers et agents immobiliers avaient le champ libre. Dans ce billet, nous\nexpliquons ces obligations et la mani\u00e8re de les respecter en toute s\u00e9curit\u00e9\ndans un monde fa\u00e7onn\u00e9 par la COVID-19. Nous examinons aussi les directives que\nles organismes de r\u00e9glementation, comme le Centre d\u2019analyse des op\u00e9rations et\nd\u00e9clarations financi\u00e8res du Canada (CANAFE), ont \u00e9mises au d\u00e9but de la\npand\u00e9mie.<\/p>\n\n\n\n<figure class=\"wp-block-image\"><img loading=\"lazy\" decoding=\"async\" width=\"307\" height=\"170\" src=\"https:\/\/archive.cafe.crea.ca\/wp-content\/uploads\/2021\/01\/5.png\" alt=\"\" class=\"wp-image-36648\"\/><\/figure>\n\n\n\n<h2 class=\"wp-block-heading\"><a href=\"https:\/\/archive.cafe.crea.ca\/fr\/10-conseils-pour-reussir-vos-visites-libres-virtuelles\/\" target=\"_blank\" rel=\"noreferrer noopener\" aria-label=\" (opens in a new tab)\">10 conseils pour r\u00e9ussir vos visites libres virtuelles<\/a><\/h2>\n\n\n\n<p><em>Publi\u00e9\nle 7&nbsp;mai&nbsp;2020<\/em><\/p>\n\n\n\n<p>Au plus\nfort de la pand\u00e9mie de la COVID-19, les professionnels de l\u2019immobilier ont \u00e9t\u00e9\ninvit\u00e9s \u00e0 trouver une solution de rechange aux visites libres en personne. Les\nvisites virtuelles et les visites libres diffus\u00e9es en direct ont gagn\u00e9 en\npopularit\u00e9, mais certains courtiers et agents ne savaient pas comment utiliser\nces nouvelles technologies. Nous leur avons donc donn\u00e9 10&nbsp;conseils\nessentiels pour que leur prochain \u00e9v\u00e9nement se d\u00e9roule sans anicroche. Conseils\nde s\u00e9curit\u00e9, pr\u00e9paratifs, promotion&nbsp;: nous couvrons tout le processus.<\/p>\n\n\n\n<figure class=\"wp-block-image\"><img loading=\"lazy\" decoding=\"async\" width=\"307\" height=\"170\" src=\"https:\/\/archive.cafe.crea.ca\/wp-content\/uploads\/2021\/01\/4.png\" alt=\"\" class=\"wp-image-36650\"\/><\/figure>\n\n\n\n<h2 class=\"wp-block-heading\">4. \u00c9tat actuel des march\u00e9s de l\u2019habitation canadiens<\/h2>\n\n\n\n<p>Cette ann\u00e9e, <a href=\"https:\/\/archive.cafe.crea.ca\/fr\/author\/shaun-cathcart\/\" target=\"_blank\" rel=\"noreferrer noopener\" aria-label=\" (opens in a new tab)\">Shaun&nbsp;Cathcart<\/a>, \u00e9conomiste principal de l\u2019ACI, a fait chaque mois le point sur l\u2019\u00e9tat des march\u00e9s de l\u2019habitation au Canada et expliqu\u00e9 ce que les donn\u00e9es signifiaient pour les membres. Plusieurs de ces mises \u00e0 jour auraient pu figurer s\u00e9par\u00e9ment \u00e0 notre palmar\u00e8s, mais nous avons d\u00e9cid\u00e9 de les regrouper ici.<\/p>\n\n\n\n<ul class=\"wp-block-list\"><li><a rel=\"noreferrer noopener\" aria-label=\" (opens in a new tab)\" href=\"https:\/\/archive.cafe.crea.ca\/fr\/etat-actuel-des-marches-de-lhabitation-au-canada\/\" target=\"_blank\">\u00c9tat actuel des march\u00e9s de l\u2019habitation au Canada \u2013 mai&nbsp;2020<\/a><\/li><li><a rel=\"noreferrer noopener\" aria-label=\" (opens in a new tab)\" href=\"https:\/\/archive.cafe.crea.ca\/fr\/etat-actuel-des-marches-de-lhabitation-canadiens-juin-2020\/\" target=\"_blank\">\u00c9tat actuel des march\u00e9s de l\u2019habitation canadiens \u2013 juin&nbsp;2020<\/a><\/li><li><a rel=\"noreferrer noopener\" aria-label=\" (opens in a new tab)\" href=\"https:\/\/archive.cafe.crea.ca\/fr\/etat-actuel-des-marches-de-lhabitation-canadiens-juillet-2020\/\" target=\"_blank\">\u00c9tat actuel des march\u00e9s de l\u2019habitation canadiens \u2013 juillet&nbsp;2020<\/a><\/li><li><a href=\"https:\/\/archive.cafe.crea.ca\/fr\/etat-actuel-des-marches-de-lhabitation-canadiens-aout-2020\/\">\u00c9tat actuel des march\u00e9s de l\u2019habitation canadiens \u2013 ao\u00fbt&nbsp;2020<\/a><\/li><li><a rel=\"noreferrer noopener\" aria-label=\" (opens in a new tab)\" href=\"https:\/\/archive.cafe.crea.ca\/fr\/etat-actuel-des-marches-de-lhabitation-canadiens-septembre-2020\/\" target=\"_blank\">\u00c9tat actuel des march\u00e9s de l\u2019habitation canadiens \u2013 septembre&nbsp;2020<\/a><\/li><li><a rel=\"noreferrer noopener\" aria-label=\" (opens in a new tab)\" href=\"https:\/\/archive.cafe.crea.ca\/fr\/lannee-2020-sera-t-elle-une-annee-record-pour-les-ventes-residentielles-effectuees-par-lentremise-des-systemes-mls-canadiens\/\" target=\"_blank\">L\u2019ann\u00e9e&nbsp;2020 sera-t-elle une ann\u00e9e record pour les ventes r\u00e9sidentielles effectu\u00e9es par l\u2019entremise des syst\u00e8mes MLS<\/a><sup><a rel=\"noreferrer noopener\" aria-label=\" (opens in a new tab)\" href=\"https:\/\/archive.cafe.crea.ca\/fr\/lannee-2020-sera-t-elle-une-annee-record-pour-les-ventes-residentielles-effectuees-par-lentremise-des-systemes-mls-canadiens\/\" target=\"_blank\">\u00ae<\/a><\/sup><a rel=\"noreferrer noopener\" aria-label=\" (opens in a new tab)\" href=\"https:\/\/archive.cafe.crea.ca\/fr\/lannee-2020-sera-t-elle-une-annee-record-pour-les-ventes-residentielles-effectuees-par-lentremise-des-systemes-mls-canadiens\/\" target=\"_blank\"> canadiens?<\/a><\/li><li><a rel=\"noreferrer noopener\" aria-label=\"Les ventes r\u00e9sidentielles au Canada devraient atteindre un record en 2020 \u2013 et le surpasser en 2021 (opens in a new tab)\" href=\"https:\/\/archive.cafe.crea.ca\/fr\/les-ventes-residentielles-au-canada-devraient-atteindre-un-record-en-2020-et-le-surpasser-en-2021\/\" target=\"_blank\">Les ventes r\u00e9sidentielles au Canada devraient atteindre un record en 2020 \u2013 et le surpasser en 2021<\/a><\/li><\/ul>\n\n\n\n<figure class=\"wp-block-image\"><img loading=\"lazy\" decoding=\"async\" width=\"307\" height=\"170\" src=\"https:\/\/archive.cafe.crea.ca\/wp-content\/uploads\/2021\/01\/3.png\" alt=\"\" class=\"wp-image-36652\"\/><\/figure>\n\n\n\n<h2 class=\"wp-block-heading\"><a href=\"https:\/\/archive.cafe.crea.ca\/fr\/pourquoi-la-banque-du-canada-et-la-schl-achetent-elles-des-prets-hypothecaires\/\" target=\"_blank\" rel=\"noreferrer noopener\" aria-label=\" (opens in a new tab)\">Pourquoi la Banque du Canada et la SCHL ach\u00e8tent-elles des pr\u00eats hypoth\u00e9caires?<\/a><\/h2>\n\n\n\n<p><em>Publi\u00e9\nle 5&nbsp;mai&nbsp;2020<\/em><\/p>\n\n\n\n<p>En raison de la pand\u00e9mie de la COVID-19, la Banque du Canada et les soci\u00e9t\u00e9s d\u2019\u00c9tat ont pris des mesures extraordinaires pour s\u2019assurer que le syst\u00e8me financier canadien continue \u00e0 fonctionner correctement. L\u2019\u00e9conomiste \u00e0 l\u2019ACI <a href=\"https:\/\/archive.cafe.crea.ca\/fr\/author\/doug-blissett\/\" target=\"_blank\" rel=\"noreferrer noopener\" aria-label=\" (opens in a new tab)\">Doug&nbsp;Blissett<\/a> expliquait dans cet article ce que la Banque du Canada et la Soci\u00e9t\u00e9 canadienne d\u2019hypoth\u00e8ques et de logement (SCHL) faisaient pour soutenir l\u2019\u00e9conomie canadienne, ainsi que le fonctionnement de leurs plans.<\/p>\n\n\n\n<figure class=\"wp-block-image\"><img loading=\"lazy\" decoding=\"async\" width=\"307\" height=\"170\" src=\"https:\/\/archive.cafe.crea.ca\/wp-content\/uploads\/2021\/01\/2.png\" alt=\"\" class=\"wp-image-36654\"\/><\/figure>\n\n\n\n<h2 class=\"wp-block-heading\"><a href=\"https:\/\/archive.cafe.crea.ca\/fr\/tout-ce-que-vous-devez-savoir-pour-ajouter-la-diffusion-en-direct-dune-visite-libre-a-vos-inscriptions-sur-realtor-ca\/\" target=\"_blank\" rel=\"noreferrer noopener\" aria-label=\" (opens in a new tab)\">Tout ce que vous devez savoir pour ajouter la diffusion en direct d\u2019une visite libre \u00e0 vos inscriptions sur REALTOR.ca<\/a><\/h2>\n\n\n\n<p><em>Publi\u00e9\nle 16&nbsp;avril&nbsp;2020<\/em><\/p>\n\n\n\n<p>Alors que\nla pand\u00e9mie de la COVID-19 emp\u00eachait les courtiers et agents de faire des\naffaires en personne, nous nous sommes adapt\u00e9s pour donner \u00e0 nos membres les\noutils dont ils avaient besoin. Dans ce billet, nous expliquons aux\nprofessionnels de l\u2019immobilier \u00e0 quoi sert la diffusion en direct, par o\u00f9\ncommencer, comment planifier une diffusion en direct sur une inscription de\nREALTOR.ca et plus encore.<\/p>\n\n\n\n<figure class=\"wp-block-image\"><img loading=\"lazy\" decoding=\"async\" width=\"307\" height=\"170\" src=\"https:\/\/archive.cafe.crea.ca\/wp-content\/uploads\/2021\/01\/1.png\" alt=\"\" class=\"wp-image-36656\"\/><\/figure>\n\n\n\n<h2 class=\"wp-block-heading\"><a href=\"https:\/\/archive.cafe.crea.ca\/fr\/ce-que-les-courtiers-et-agents-devraient-savoir-au-sujet-du-covid-19\/\" target=\"_blank\" rel=\"noreferrer noopener\" aria-label=\" (opens in a new tab)\">Ce que les courtiers et agents devraient savoir au sujet du COVID-19<\/a><\/h2>\n\n\n\n<p><em>Publi\u00e9\nle 13&nbsp;mars&nbsp;2020<\/em><\/p>\n\n\n\n<p>Il ne fait aucun doute que la pand\u00e9mie de la COVID-19 a \u00e9t\u00e9 l\u2019\u00e9v\u00e9nement de l\u2019ann\u00e9e. Au moment o\u00f9 l\u2019Organisation mondiale de la sant\u00e9 qualifiait la situation de pand\u00e9mie, nous avons publi\u00e9 un billet pour r\u00e9pondre aux questions et aux pr\u00e9occupations de nos membres. La situation a \u00e9volu\u00e9 rapidement, et ce billet est vite devenu d\u00e9suet. Depuis sa publication, nous avons continu\u00e9 d\u2019informer nos membres par l\u2019interm\u00e9diaire du Caf\u00e9 ACI et du <a rel=\"noreferrer noopener\" aria-label=\" (opens in a new tab)\" href=\"https:\/\/www.crea.ca\/fr\/what-realtors-should-know-about-covid-19\/\" target=\"_blank\">centre d\u2019informations sur la COVID-19 de CREA.ca<\/a>, et les consommateurs au <a href=\"https:\/\/www.realtor.ca\/blogue\/cat%C3%A9gorie\/3197\/covid-19\/page\/1\" target=\"_blank\" rel=\"noreferrer noopener\" aria-label=\" (opens in a new tab)\">Salon de REALTOR.ca<\/a>.<\/p>\n\n\n\n<p>Y a-t-il un\nsujet dont vous aimeriez que nous traitions l\u2019an prochain? Faites-nous-en part\ndans la section Commentaires.<\/p>\n","protected":false},"excerpt":{"rendered":"<p>L\u2019ann\u00e9e&nbsp;2020 a \u00e9t\u00e9 pour le moins particuli\u00e8re. Elle nous a r\u00e9serv\u00e9 bien des d\u00e9fis, notamment la pand\u00e9mie de la COVID-19. \u00c0 travers les \u00e9preuves, les courtiers et agents immobiliers ont toujours pu trouver des renseignements utiles au Caf\u00e9 ACI. Ces 12&nbsp;derniers mois, plus de 300&nbsp;billets ont \u00e9t\u00e9 publi\u00e9s au Caf\u00e9 ACI dans les deux&nbsp;langues officielles. &hellip; <a href=\"https:\/\/archive.cafe.crea.ca\/fr\/retrospective-les-10-billets-les-plus-populaires-au-cafe-aci-en-2020\/\" class=\"more-link\">Continue reading <span class=\"screen-reader-text\">R\u00e9trospective : les 10 billets les plus populaires au Caf\u00e9 ACI en 2020<\/span><\/a><\/p>\n","protected":false},"author":123,"featured_media":36660,"comment_status":"open","ping_status":"open","sticky":false,"template":"","format":"standard","meta":{"footnotes":""},"categories":[2372],"tags":[2378],"coauthors":[2383],"class_list":["post-36664","post","type-post","status-publish","format-standard","has-post-thumbnail","hentry","category-divers","tag-featured"],"aioseo_notices":[],"_links":{"self":[{"href":"https:\/\/archive.cafe.crea.ca\/fr\/wp-json\/wp\/v2\/posts\/36664"}],"collection":[{"href":"https:\/\/archive.cafe.crea.ca\/fr\/wp-json\/wp\/v2\/posts"}],"about":[{"href":"https:\/\/archive.cafe.crea.ca\/fr\/wp-json\/wp\/v2\/types\/post"}],"author":[{"embeddable":true,"href":"https:\/\/archive.cafe.crea.ca\/fr\/wp-json\/wp\/v2\/users\/123"}],"replies":[{"embeddable":true,"href":"https:\/\/archive.cafe.crea.ca\/fr\/wp-json\/wp\/v2\/comments?post=36664"}],"version-history":[{"count":3,"href":"https:\/\/archive.cafe.crea.ca\/fr\/wp-json\/wp\/v2\/posts\/36664\/revisions"}],"predecessor-version":[{"id":36670,"href":"https:\/\/archive.cafe.crea.ca\/fr\/wp-json\/wp\/v2\/posts\/36664\/revisions\/36670"}],"wp:featuredmedia":[{"embeddable":true,"href":"https:\/\/archive.cafe.crea.ca\/fr\/wp-json\/wp\/v2\/media\/36660"}],"wp:attachment":[{"href":"https:\/\/archive.cafe.crea.ca\/fr\/wp-json\/wp\/v2\/media?parent=36664"}],"wp:term":[{"taxonomy":"category","embeddable":true,"href":"https:\/\/archive.cafe.crea.ca\/fr\/wp-json\/wp\/v2\/categories?post=36664"},{"taxonomy":"post_tag","embeddable":true,"href":"https:\/\/archive.cafe.crea.ca\/fr\/wp-json\/wp\/v2\/tags?post=36664"},{"taxonomy":"author","embeddable":true,"href":"https:\/\/archive.cafe.crea.ca\/fr\/wp-json\/wp\/v2\/coauthors?post=36664"}],"curies":[{"name":"wp","href":"https:\/\/api.w.org\/{rel}","templated":true}]}}