{"id":36297,"date":"2020-11-25T09:11:23","date_gmt":"2020-11-25T14:11:23","guid":{"rendered":"https:\/\/archive.cafe.crea.ca\/?p=36297"},"modified":"2020-11-25T15:59:28","modified_gmt":"2020-11-25T20:59:28","slug":"exprimez-votre-appui-aux-efforts-pour-prevenir-litinerance-au-canada-et-y-mettre-fin","status":"publish","type":"post","link":"https:\/\/archive.cafe.crea.ca\/fr\/exprimez-votre-appui-aux-efforts-pour-prevenir-litinerance-au-canada-et-y-mettre-fin\/","title":{"rendered":"Exprimez votre appui aux efforts pour pr\u00e9venir l\u2019itin\u00e9rance au Canada et y mettre fin"},"content":{"rendered":"\n<p>La Semaine <a href=\"https:\/\/archive.cafe.crea.ca\/fr\/joignez-vous-a-la-communaute-immobiliere-canadienne-lors-de-la-conference-virtuelle-de-la-semaine-realtors-care\/\" target=\"_blank\" rel=\"noreferrer noopener\" aria-label=\" (opens in a new tab)\">REALTORS Care\u00ae&nbsp;2020&nbsp;<\/a>est commenc\u00e9e! Durant ces sept&nbsp;journ\u00e9es, nous c\u00e9l\u00e9brons l\u2019engagement b\u00e9n\u00e9vole de longue date de la communaut\u00e9 immobili\u00e8re. Nous profitons aussi de cette occasion pour trouver des fa\u00e7ons dont nos membres d\u2019un oc\u00e9an \u00e0 l\u2019autre peuvent unir leurs efforts afin d\u2019exercer une plus grande influence collective.<\/p>\n\n\n\n<p>La toute premi\u00e8re Semaine REALTORS Care\u00ae a eu lieu l\u2019ann\u00e9e derni\u00e8re. Les courtiers et agents, ainsi que les chambres et associations, ont men\u00e9 plus de 40&nbsp;projets b\u00e9n\u00e9voles afin d\u2019appuyer des organismes de bienfaisance qui soutiennent le logement et les refuges partout au pays. <a rel=\"noreferrer noopener\" aria-label=\" (opens in a new tab)\" href=\"https:\/\/www.realtorscare.ca\/fr\/nos-histoires-fr\/retour-sur-la-semaine-realtors-care-des-courtiers-et-agents-immobiliers-offrent-le-confort-dun-foyer-a-ottawa-a-guelph-a-durham-et-a-medicine-hat\/\" target=\"_blank\">Nos membres ont servi des repas dans des refuges locaux<\/a>, <a rel=\"noreferrer noopener\" aria-label=\" (opens in a new tab)\" href=\"https:\/\/www.realtorscare.ca\/fr\/alberta\/fait-saillant-de-la-semaine-realtors-care-lequipe-de-la-creb-soutient-un-projet-de-construction-dhabitat-pour-lhumanite\/\" target=\"_blank\">particip\u00e9 \u00e0 un projet de construction d\u2019Habitat pour l\u2019humanit\u00e9<\/a>, <a rel=\"noreferrer noopener\" aria-label=\" (opens in a new tab)\" href=\"https:\/\/www.realtorscare.ca\/fr\/nouveau-brunswick\/fait-saillant-de-la-semaine-realtors-care-revitalisation-du-centre-de-nouveaux-arrivants-de-saint-jean\/\" target=\"_blank\">revitalis\u00e9 un centre destin\u00e9 aux nouveaux arrivants<\/a> <a href=\"https:\/\/www.realtorscare.ca\/fr\/semaine-realtors-care\/fr-realtors-care-week-fr-highlights-from-realtors-care-week-2019\/\" target=\"_blank\" rel=\"noreferrer noopener\" aria-label=\" (opens in a new tab)\">et particip\u00e9 \u00e0 bien d\u2019autres activit\u00e9s<\/a>. <\/p>\n\n\n\n<p>Malheureusement, en raison de la COVID-19, bon nombre de projets concrets r\u00e9alis\u00e9s en 2019 sont impossibles \u00e0 reproduire cette ann\u00e9e. Heureusement, il existe toujours des moyens de redonner et d\u2019aider les autres \u00e0 une distance s\u00e9curitaire. Nous avons not\u00e9 <a href=\"https:\/\/www.realtorscare.ca\/fr\/tag\/covid-fr\/\" target=\"_blank\" rel=\"noreferrer noopener\" aria-label=\" (opens in a new tab)\">d\u2019excellentes initiatives que nos membres ont men\u00e9es durant la pand\u00e9mie<\/a>. Plus t\u00f4t cette ann\u00e9e, le comit\u00e9 REALTORS Care\u00ae de l\u2019ACI a orient\u00e9 la strat\u00e9gie de la Semaine REALTORS Care\u00ae&nbsp;2020 dans une direction similaire.<\/p>\n\n\n\n<p>Nous sommes heureux d\u2019offrir \u00e0 la communaut\u00e9 immobili\u00e8re des occasions virtuelles d\u2019apprentissage et de d\u00e9fense des int\u00e9r\u00eats sur le th\u00e8me de l\u2019itin\u00e9rance dans le cadre de la <a rel=\"noreferrer noopener\" aria-label=\" (opens in a new tab)\" href=\"https:\/\/www.realtorscare.ca\/fr\/semaine-realtors-care\/fr-realtors-care-week-fr-highlights-from-realtors-care-week-2019\/\" target=\"_blank\">Semaine REALTORS Care\u00ae&nbsp;2020<\/a>. Durant la pand\u00e9mie, ce probl\u00e8me est devenu une pr\u00e9occupation urgente, et <a href=\"https:\/\/d3n8a8pro7vhmx.cloudfront.net\/caeh\/pages\/81\/attachments\/original\/1597194371\/CAEH-Nanos_Poll_Report_-_Housing___Homelessness_%281%29.pdf?1597194371\" target=\"_blank\" rel=\"noreferrer noopener\" aria-label=\" (opens in a new tab)\">la majorit\u00e9 des Canadiens s\u2019accordent pour dire qu\u2019il faut y mettre fin<\/a>. Nous sommes \u00e9galement fiers de souligner les moyens que les chambres et associations prennent pour soutenir de mani\u00e8re s\u00e9curitaire leurs membres qui viennent en aide aux organisations locales vou\u00e9es \u00e0 la lutte contre l\u2019itin\u00e9rance durant la semaine.<\/p>\n\n\n\n<p>Mardi, plus de&nbsp;1&nbsp;000&nbsp;courtiers et\nagents de collectivit\u00e9s de tout le pays ont assist\u00e9 \u00e0 notre conf\u00e9rence\nvirtuelle sur l\u2019itin\u00e9rance de la Semaine REALTORS Care\u00ae. (Si vous avez manqu\u00e9\nla conf\u00e9rence, vous pourrez la revoir lorsque l\u2019enregistrement deviendra\ndisponible d\u2019ici la fin de la semaine.) <\/p>\n\n\n\n<p>Les participants \u00e0 la conf\u00e9rence ont \u00e9cout\u00e9 les points\nde vue et les histoires \u00e9mouvantes des experts dans ce domaine, notamment&nbsp;:\nl\u2019auteur renomm\u00e9 et expert en itin\u00e9rance chez les Autochtones, Jesse&nbsp;Thistle,\nqui a lui-m\u00eame connu l\u2019itin\u00e9rance; Michael&nbsp;Braithwaite, chef de la\ndirection de Blue Door; Terrilee&nbsp;Kelford, copr\u00e9sidente de l\u2019Alliance\nnationale pour mettre fin \u00e0 l\u2019itin\u00e9rance dans les r\u00e9gions rurales et \u00e9loign\u00e9es;\nAl&nbsp;Wiebe, copr\u00e9sident du R\u00e9seau canadien de leadership en mati\u00e8re\nd\u2019exp\u00e9rience v\u00e9cue; et Tim&nbsp;Richter, chef de la direction de l\u2019Alliance\ncanadienne pour mettre fin \u00e0 l\u2019itin\u00e9rance. Parmi les principales conclusions de\nla conf\u00e9rence, citons les faits que l\u2019itin\u00e9rance touche aussi bien les grandes\nque les petites collectivit\u00e9s; qu\u2019elle peut \u00eatre cach\u00e9e; que tout le monde peut\ny \u00eatre r\u00e9duit; et qu\u2019il s\u2019agit d\u2019un probl\u00e8me qui peut \u00eatre r\u00e9gl\u00e9, pr\u00e9venu et \u00e9limin\u00e9\nau pays gr\u00e2ce \u00e0 des politiques, des investissements et un leadership\nappropri\u00e9s. <\/p>\n\n\n\n<p>Nous esp\u00e9rons que les membres qui ont assist\u00e9 \u00e0 la\nconf\u00e9rence (et ceux qui regarderont l\u2019enregistrement) trouveront l\u2019inspiration n\u00e9cessaire\npour sensibiliser les gens \u00e0 ce probl\u00e8me et qu\u2019ils discuteront de ce qu\u2019ils ont\nappris avec leurs amis et leur famille, ainsi que dans leurs r\u00e9seaux.<\/p>\n\n\n\n<p>Comment la communaut\u00e9 immobili\u00e8re peut-elle contribuer, \u00e0 l\u2019\u00e9chelle nationale, \u00e0 faire multiplier les efforts pour pr\u00e9venir l\u2019itin\u00e9rance et y mettre fin? Pour la prochaine \u00e9tape, l\u2019\u00e9quipe des Relations gouvernementales de l\u2019ACI a r\u00e9dig\u00e9 une lettre destin\u00e9e \u00e0 <a rel=\"noreferrer noopener\" aria-label=\" (opens in a new tab)\" href=\"https:\/\/pm.gc.ca\/fr\/cabinet\/lhonorable-ahmed-hussen\" target=\"_blank\">l\u2019honorable Ahmed&nbsp;Hussen, ministre de la Famille, des Enfants et du D\u00e9veloppement social<\/a>. (Il est \u00e9galement le principal ministre responsable de la Strat\u00e9gie nationale sur le logement.) Dans notre lettre, nous d\u00e9crivons les activit\u00e9s que la communaut\u00e9 immobili\u00e8re a r\u00e9alis\u00e9es durant la Semaine REALTORS Care\u00ae&nbsp;2020. Nous exprimons aussi notre appui aux <a rel=\"noreferrer noopener\" aria-label=\" (opens in a new tab)\" href=\"https:\/\/www.canada.ca\/fr\/conseil-prive\/campagnes\/discours-trone\/2020\/discours-du-trone.html\" target=\"_blank\">engagements r\u00e9cents du gouvernement f\u00e9d\u00e9ral<\/a> pour \u00e9liminer l\u2019itin\u00e9rance chronique et augmenter l\u2019offre de logements abordables, ainsi qu\u2019\u00e0 la nouvelle <a href=\"https:\/\/www.cmhc-schl.gc.ca\/fr\/nhs\/rapid-housing-initiative\" target=\"_blank\" rel=\"noreferrer noopener\" aria-label=\" (opens in a new tab)\">Initiative pour la cr\u00e9ation rapide de logements<\/a>. <\/p>\n\n\n\n<p>Nous profitons aussi de l\u2019occasion pour r\u00e9it\u00e9rer les <a href=\"https:\/\/www.crea.ca\/wp-content\/uploads\/2020\/09\/CREA-2021-FINA-Pre-Budget-Brief.pdf\" target=\"_blank\" rel=\"noreferrer noopener\" aria-label=\" (opens in a new tab)\">recommandations pr\u00e9budg\u00e9taires de l\u2019ACI<\/a>, soit d\u2019encourager les projets de conversion qui mobilisent les ressources et l\u2019expertise des promoteurs du secteur priv\u00e9 et de favoriser les partenariats avec les fournisseurs de logements communautaires.<\/p>\n\n\n\n<p>Dans notre lettre au ministre&nbsp;Hussen, nous indiquons\nque les membres de la communaut\u00e9 immobili\u00e8re s\u2019engagent \u00e0 continuer d\u2019unir leurs\nvoix pour r\u00e9clamer la cr\u00e9ation de logements s\u00e9curitaires et abordables dans\ntout le spectre du logement, ce qui viendrait en aide aux populations les plus\nvuln\u00e9rables tout en permettant \u00e0 plus de Canadiens de profiter de la stabilit\u00e9\net des occasions qui d\u00e9coulent de l\u2019accession \u00e0 la propri\u00e9t\u00e9.<\/p>\n\n\n\n<p>Pour acc\u00e9der \u00e0 la lettre, veuillez vous rendre au <a href=\"http:\/\/www.realtorscare.ca\/Passezalaction\" target=\"_blank\" rel=\"noreferrer noopener\" aria-label=\" (opens in a new tab)\">http:\/\/www.realtorscare.ca\/Passezalaction<\/a>. Sur cette page, vous pouvez ajouter votre nom \u00e0 ceux des autres signataires; il suffit de remplir un formulaire \u00e9lectronique. <\/p>\n\n\n\n<p class=\"has-text-color has-background has-very-light-gray-color has-vivid-red-background-color\"><strong><a href=\"http:\/\/www.realtorscare.ca\/Passezalaction\" target=\"_blank\" rel=\"noreferrer noopener\" aria-label=\" (opens in a new tab)\">Lire et signer la lettre au ministre Hussen<\/a><\/strong><\/p>\n\n\n\n<p>Plus nous recueillerons de signatures de la communaut\u00e9\nimmobili\u00e8re, plus notre message sera fort et plus notre influence sera grande.\nNous vous remercions d\u2019avance de vous joindre \u00e0 cette importante conversation. <\/p>\n","protected":false},"excerpt":{"rendered":"<p>La Semaine REALTORS Care\u00ae&nbsp;2020&nbsp;est commenc\u00e9e! Durant ces sept&nbsp;journ\u00e9es, nous c\u00e9l\u00e9brons l\u2019engagement b\u00e9n\u00e9vole de longue date de la communaut\u00e9 immobili\u00e8re. Nous profitons aussi de cette occasion pour trouver des fa\u00e7ons dont nos membres d\u2019un oc\u00e9an \u00e0 l\u2019autre peuvent unir leurs efforts afin d\u2019exercer une plus grande influence collective. La toute premi\u00e8re Semaine REALTORS Care\u00ae a eu &hellip; <a href=\"https:\/\/archive.cafe.crea.ca\/fr\/exprimez-votre-appui-aux-efforts-pour-prevenir-litinerance-au-canada-et-y-mettre-fin\/\" class=\"more-link\">Continue reading <span class=\"screen-reader-text\">Exprimez votre appui aux efforts pour pr\u00e9venir l\u2019itin\u00e9rance au Canada et y mettre fin<\/span><\/a><\/p>\n","protected":false},"author":3,"featured_media":36300,"comment_status":"open","ping_status":"open","sticky":false,"template":"","format":"standard","meta":{"footnotes":""},"categories":[2369],"tags":[2378],"coauthors":[2175],"class_list":["post-36297","post","type-post","status-publish","format-standard","has-post-thumbnail","hentry","category-defense-des-interets","tag-featured"],"aioseo_notices":[],"_links":{"self":[{"href":"https:\/\/archive.cafe.crea.ca\/fr\/wp-json\/wp\/v2\/posts\/36297"}],"collection":[{"href":"https:\/\/archive.cafe.crea.ca\/fr\/wp-json\/wp\/v2\/posts"}],"about":[{"href":"https:\/\/archive.cafe.crea.ca\/fr\/wp-json\/wp\/v2\/types\/post"}],"author":[{"embeddable":true,"href":"https:\/\/archive.cafe.crea.ca\/fr\/wp-json\/wp\/v2\/users\/3"}],"replies":[{"embeddable":true,"href":"https:\/\/archive.cafe.crea.ca\/fr\/wp-json\/wp\/v2\/comments?post=36297"}],"version-history":[{"count":2,"href":"https:\/\/archive.cafe.crea.ca\/fr\/wp-json\/wp\/v2\/posts\/36297\/revisions"}],"predecessor-version":[{"id":36305,"href":"https:\/\/archive.cafe.crea.ca\/fr\/wp-json\/wp\/v2\/posts\/36297\/revisions\/36305"}],"wp:featuredmedia":[{"embeddable":true,"href":"https:\/\/archive.cafe.crea.ca\/fr\/wp-json\/wp\/v2\/media\/36300"}],"wp:attachment":[{"href":"https:\/\/archive.cafe.crea.ca\/fr\/wp-json\/wp\/v2\/media?parent=36297"}],"wp:term":[{"taxonomy":"category","embeddable":true,"href":"https:\/\/archive.cafe.crea.ca\/fr\/wp-json\/wp\/v2\/categories?post=36297"},{"taxonomy":"post_tag","embeddable":true,"href":"https:\/\/archive.cafe.crea.ca\/fr\/wp-json\/wp\/v2\/tags?post=36297"},{"taxonomy":"author","embeddable":true,"href":"https:\/\/archive.cafe.crea.ca\/fr\/wp-json\/wp\/v2\/coauthors?post=36297"}],"curies":[{"name":"wp","href":"https:\/\/api.w.org\/{rel}","templated":true}]}}