{"id":36253,"date":"2020-11-18T08:57:25","date_gmt":"2020-11-18T13:57:25","guid":{"rendered":"https:\/\/archive.cafe.crea.ca\/?p=36253"},"modified":"2020-11-18T08:57:48","modified_gmt":"2020-11-18T13:57:48","slug":"joignez-vous-a-la-communaute-immobiliere-canadienne-lors-de-la-conference-virtuelle-de-la-semaine-realtors-care","status":"publish","type":"post","link":"https:\/\/archive.cafe.crea.ca\/fr\/joignez-vous-a-la-communaute-immobiliere-canadienne-lors-de-la-conference-virtuelle-de-la-semaine-realtors-care\/","title":{"rendered":"Joignez-vous \u00e0 la communaut\u00e9 immobili\u00e8re canadienne lors de la conf\u00e9rence virtuelle de la Semaine REALTORS Care\u00ae"},"content":{"rendered":"\n<p>Connaissez-vous une personne, un ami ou une relation, qui a v\u00e9cu une situation d\u2019<a rel=\"noreferrer noopener\" aria-label=\" (opens in a new tab)\" href=\"https:\/\/archive.cafe.crea.ca\/fr\/ce-que-la-communaute-immobiliere-peut-faire-pour-prevenir-et-mettre-fin-a-litinerance\/\" target=\"_blank\">itin\u00e9rance<\/a>? Il est fort probable que oui. Selon un r\u00e9cent <a href=\"https:\/\/d3n8a8pro7vhmx.cloudfront.net\/caeh\/pages\/81\/attachments\/original\/1597194371\/CAEH-Nanos_Poll_Report_-_Housing___Homelessness_%281%29.pdf?1597194371\" target=\"_blank\" rel=\"noreferrer noopener\" aria-label=\" (opens in a new tab)\">sondage de Nanos Research<\/a>, 36\u00a0% des Canadiens ont \u00e9t\u00e9 itin\u00e9rants ou connaissent quelqu\u2019un qui l\u2019a \u00e9t\u00e9. Cette statistique est d\u00e9concertante, car elle d\u00e9crit une difficult\u00e9 qui touche tant les petites que les grandes collectivit\u00e9s canadiennes.<\/p>\n\n\n\n<p>La pand\u00e9mie de la COVID-19 a mis en \u00e9vidence la\nvuln\u00e9rabilit\u00e9 inacceptable des membres de nos collectivit\u00e9s, qui vivent une\nsituation d\u2019itin\u00e9rance comme jamais auparavant. C\u2019est pourquoi la deuxi\u00e8me\nSemaine REALTORS Care\u00ae annuelle, qui aura lieu du 23 au 27&nbsp;novembre&nbsp;2020,\nsera ax\u00e9e sur cet enjeu et explorera ce que les courtiers et agents peuvent\nfaire pour aider \u00e0 faire en sorte que tous les Canadiens aient un chez-soi s\u00e9curitaire\net abordable.<\/p>\n\n\n\n<p>Cette ann\u00e9e, nos possibilit\u00e9s de participation directe\n\u00e0 des activit\u00e9s de b\u00e9n\u00e9volat sont limit\u00e9es. Cependant, la COVID-19 n\u2019emp\u00eachera\npas la communaut\u00e9 immobili\u00e8re de mener des activit\u00e9s d\u2019apprentissage et de\nsensibilisation en mati\u00e8re d\u2019itin\u00e9rance et de pr\u00e9coniser des politiques et des\ninvestissements qui appuient les efforts visant \u00e0 pr\u00e9venir l\u2019itin\u00e9rance et \u00e0 y mettre\nfin de fa\u00e7on d\u00e9finitive au Canada. <\/p>\n\n\n\n<p>Nous invitons donc tous les courtiers et agents \u00e0 s\u2019inscrire \u00e0 notre <a href=\"https:\/\/www.realtorlink.ca\/content\/realtorlink\/crea\/en_CA\/courses---events\/crea-events\/pac-days1.html\" target=\"_blank\" rel=\"noreferrer noopener\" aria-label=\" (opens in a new tab)\">conf\u00e9rence virtuelle<\/a> gratuite de trois\u00a0heures sur le th\u00e8me de l\u2019itin\u00e9rance. Elle aura lieu le mardi\u00a024\u00a0novembre\u00a02020, de 10\u00a0h \u00e0 13\u00a0h (HE). (Remarque\u00a0: la conf\u00e9rence virtuelle en direct ne sera pr\u00e9sent\u00e9e qu\u2019en anglais. Cependant, un enregistrement sous-titr\u00e9 en fran\u00e7ais sera disponible avant la fin de la Semaine REALTORS Care\u00ae.)<\/p>\n\n\n\n<p>Les conf\u00e9renciers ci-dessous, des membres de l\u2019ACI et\ndes experts sur l\u2019itin\u00e9rance, prendront la parole au cours de la conf\u00e9rence\nvirtuelle&nbsp;:<\/p>\n\n\n\n<ul class=\"wp-block-list\"><li>Jesse&nbsp;Thistle, auteur renomm\u00e9 et\nexpert en itin\u00e9rance chez les Autochtones; <\/li><li>Michael&nbsp;Braithwaite, chef de la\ndirection de Blue Door;<\/li><li>Terrilee&nbsp;Kelford, copr\u00e9sidente\nde la nouvelle Alliance nationale pour mettre fin \u00e0 l\u2019itin\u00e9rance dans les\nr\u00e9gions rurales et \u00e9loign\u00e9es;<\/li><li>Al&nbsp;Wiebe, copr\u00e9sident du R\u00e9seau\ncanadien de leadership en mati\u00e8re d\u2019exp\u00e9rience v\u00e9cue;<\/li><li>Tim&nbsp;Richter, chef de la\ndirection de l\u2019Alliance canadienne pour mettre fin \u00e0 l\u2019itin\u00e9rance.<\/li><\/ul>\n\n\n\n<p class=\"has-text-color has-background has-very-light-gray-color has-vivid-red-background-color\"><a rel=\"noreferrer noopener\" aria-label=\" (opens in a new tab)\" href=\"https:\/\/www.realtorlink.ca\/content\/realtorlink\/crea\/en_CA\/courses---events\/crea-events\/pac-days1.html\" target=\"_blank\">Consultez l\u2019ordre du jour et inscrivez-vous \u00e0 la conf\u00e9rence<\/a>. <\/p>\n\n\n\n<p>Pour obtenir de plus amples renseignements sur la Semaine REALTORS Care\u00ae\u00a02020, veuillez visiter le site <a href=\"https:\/\/www.realtorscare.ca\/fr\/semaine-realtors-care\/\" target=\"_blank\" rel=\"noreferrer noopener\" aria-label=\" (opens in a new tab)\">REALTORSCare.ca<\/a> et surveiller les nouvelles sur nos plateformes de m\u00e9dias sociaux.<\/p>\n","protected":false},"excerpt":{"rendered":"<p>Connaissez-vous une personne, un ami ou une relation, qui a v\u00e9cu une situation d\u2019itin\u00e9rance? Il est fort probable que oui. Selon un r\u00e9cent sondage de Nanos Research, 36\u00a0% des Canadiens ont \u00e9t\u00e9 itin\u00e9rants ou connaissent quelqu\u2019un qui l\u2019a \u00e9t\u00e9. Cette statistique est d\u00e9concertante, car elle d\u00e9crit une difficult\u00e9 qui touche tant les petites que les &hellip; <a href=\"https:\/\/archive.cafe.crea.ca\/fr\/joignez-vous-a-la-communaute-immobiliere-canadienne-lors-de-la-conference-virtuelle-de-la-semaine-realtors-care\/\" class=\"more-link\">Continue reading <span class=\"screen-reader-text\">Joignez-vous \u00e0 la communaut\u00e9 immobili\u00e8re canadienne lors de la conf\u00e9rence virtuelle de la Semaine REALTORS Care\u00ae<\/span><\/a><\/p>\n","protected":false},"author":3,"featured_media":36249,"comment_status":"open","ping_status":"open","sticky":false,"template":"","format":"standard","meta":{"footnotes":""},"categories":[2369],"tags":[2378,2380],"coauthors":[2175],"class_list":["post-36253","post","type-post","status-publish","format-standard","has-post-thumbnail","hentry","category-defense-des-interets","tag-featured","tag-featured-fr-2"],"aioseo_notices":[],"_links":{"self":[{"href":"https:\/\/archive.cafe.crea.ca\/fr\/wp-json\/wp\/v2\/posts\/36253"}],"collection":[{"href":"https:\/\/archive.cafe.crea.ca\/fr\/wp-json\/wp\/v2\/posts"}],"about":[{"href":"https:\/\/archive.cafe.crea.ca\/fr\/wp-json\/wp\/v2\/types\/post"}],"author":[{"embeddable":true,"href":"https:\/\/archive.cafe.crea.ca\/fr\/wp-json\/wp\/v2\/users\/3"}],"replies":[{"embeddable":true,"href":"https:\/\/archive.cafe.crea.ca\/fr\/wp-json\/wp\/v2\/comments?post=36253"}],"version-history":[{"count":1,"href":"https:\/\/archive.cafe.crea.ca\/fr\/wp-json\/wp\/v2\/posts\/36253\/revisions"}],"predecessor-version":[{"id":36254,"href":"https:\/\/archive.cafe.crea.ca\/fr\/wp-json\/wp\/v2\/posts\/36253\/revisions\/36254"}],"wp:featuredmedia":[{"embeddable":true,"href":"https:\/\/archive.cafe.crea.ca\/fr\/wp-json\/wp\/v2\/media\/36249"}],"wp:attachment":[{"href":"https:\/\/archive.cafe.crea.ca\/fr\/wp-json\/wp\/v2\/media?parent=36253"}],"wp:term":[{"taxonomy":"category","embeddable":true,"href":"https:\/\/archive.cafe.crea.ca\/fr\/wp-json\/wp\/v2\/categories?post=36253"},{"taxonomy":"post_tag","embeddable":true,"href":"https:\/\/archive.cafe.crea.ca\/fr\/wp-json\/wp\/v2\/tags?post=36253"},{"taxonomy":"author","embeddable":true,"href":"https:\/\/archive.cafe.crea.ca\/fr\/wp-json\/wp\/v2\/coauthors?post=36253"}],"curies":[{"name":"wp","href":"https:\/\/api.w.org\/{rel}","templated":true}]}}