{"id":36117,"date":"2020-11-05T09:23:22","date_gmt":"2020-11-05T14:23:22","guid":{"rendered":"https:\/\/archive.cafe.crea.ca\/?p=36117"},"modified":"2020-11-05T09:24:02","modified_gmt":"2020-11-05T14:24:02","slug":"retour-sur-les-journees-du-cap-2020-rapprocher-les-canadiens-a-leur-chez-soi","status":"publish","type":"post","link":"https:\/\/archive.cafe.crea.ca\/fr\/retour-sur-les-journees-du-cap-2020-rapprocher-les-canadiens-a-leur-chez-soi\/","title":{"rendered":"Retour sur les Journ\u00e9es du CAP 2020 : rapprocher les Canadiens \u00e0 leur chez-soi"},"content":{"rendered":"\n<p>La COVID-19 a fait en sorte que les Canadiens ont revu ou consolid\u00e9 leur relation avec leur foyer. Pour la plupart d\u2019entre nous, notre foyer est devenu notamment un bureau, une salle d\u2019entra\u00eenement ou une salle de classe. Pour les participants \u00e0 la 35<sup>e<\/sup>\u00a0\u00e9dition des Journ\u00e9es du Comit\u00e9 d\u2019action politique (CAP) de l\u2019ACI, qui s\u2019est d\u00e9roul\u00e9e pour la premi\u00e8re fois en mode virtuel, leur foyer s\u2019est transform\u00e9 en salle de conf\u00e9rence.<\/p>\n\n\n\n<p>Le\nlundi&nbsp;5&nbsp;octobre, plus de 500&nbsp;membres de la communaut\u00e9\nimmobili\u00e8re ont assist\u00e9 virtuellement aux Journ\u00e9es du CAP. Ils ont analys\u00e9 les\nfa\u00e7ons d\u2019aider les Canadiens \u00e0 se sentir plus pr\u00e8s de chez soi et, du m\u00eame\ncoup, ont d\u00e9fini le logement comme moteur de la reprise \u00e9conomique du Canada \u00e0\nla suite de la COVID-19.<\/p>\n\n\n\n<p>Malgr\u00e9 le\nfait que le congr\u00e8s se soit d\u00e9roul\u00e9 exceptionnellement en mode virtuel, les\nrepr\u00e9sentants du PAC ont pu rencontrer leurs d\u00e9put\u00e9s pour leur pr\u00e9senter trois&nbsp;nouvelles\nrecommandations de la communaut\u00e9 immobili\u00e8re&nbsp;:<\/p>\n\n\n\n<p>1.&nbsp;&nbsp;&nbsp;&nbsp;&nbsp;&nbsp;&nbsp;&nbsp;&nbsp;&nbsp; Offrir un toit \u00e0 tous les Canadiens\nen mettant sur pied un programme incitatif majeur, en partenariat avec\nl\u2019industrie canadienne, visant \u00e0 augmenter radicalement l\u2019offre de nouvelles\nhabitations dans tout le spectre du logement.<\/p>\n\n\n\n<p>2.&nbsp;&nbsp;&nbsp;&nbsp;&nbsp;&nbsp;&nbsp;&nbsp;&nbsp;&nbsp; Favoriser la collaboration entre les\nprovinces et les municipalit\u00e9s en valorisant la place du logement dans les\ninfrastructures.<\/p>\n\n\n\n<p>3.&nbsp;&nbsp;&nbsp;&nbsp;&nbsp;&nbsp;&nbsp;&nbsp;&nbsp;&nbsp; Accro\u00eetre l\u2019efficacit\u00e9 \u00e9nerg\u00e9tique\ndes habitations au Canada gr\u00e2ce \u00e0 un programme de r\u00e9novation \u00e9coresponsable.<\/p>\n\n\n\n<p>Outre les rencontres avec plus de 130\u00a0d\u00e9put\u00e9s, les participants ont pu approfondir leurs connaissances politiques tout au long d\u2019un apr\u00e8s-midi stimulant.<\/p>\n\n\n\n<p>L\u2019honorable Ahmed\u00a0Hussen, ministre de la Famille, des Enfants et du D\u00e9veloppement social, s\u2019est entretenu virtuellement avec Michael\u00a0Bourque, chef de la direction de l\u2019ACI. Plus tard, nous avons accueilli nos passionnants panels m\u00e9diatiques, compos\u00e9s de certains des journalistes les plus avertis et les plus divertissants au Canada\u00a0: Chantal\u00a0H\u00e9bert, Don\u00a0Martin, H\u00e9l\u00e8ne\u00a0Buzzetti, Jo\u00ebl-Denis\u00a0Bellavance et Rob\u00a0Russo.<\/p>\n\n\n\n<p>Les participants ont pu aussi entendre le conf\u00e9rencier d\u2019honneur des Journ\u00e9es du CAP\u00a02020\u00a0: Masai\u00a0Ujiri, pr\u00e9sident des Raptors de Toronto. M.\u00a0Ujiri est un homme d\u2019affaires et un leader accompli. Il a contribu\u00e9 de fa\u00e7on d\u00e9terminante pour mener la franchise canadienne embl\u00e9matique de la NBA \u00e0 son premier championnat en 2019. Comme il est un nouveau Canadien, il est bien plac\u00e9 pour nous faire part de son exp\u00e9rience \u00e0 s\u2019\u00e9tablir au Canada et de l\u2019importance de b\u00e2tir des collectivit\u00e9s.<\/p>\n\n\n\n<p>Si certains pr\u00e9tendaient qu\u2019une conf\u00e9rence virtuelle signifierait la fin de l\u2019\u00e9goportrait, les courtiers et agents immobiliers et les d\u00e9put\u00e9s les ont bien d\u00e9mentis, ayant leur appareil-photo en main pendant la dur\u00e9e de la conf\u00e9rence. Si vous n\u2019avez pas pu assister \u00e0 toutes les s\u00e9ances au programme, servez-vous des mots-clics #PlusPr\u00e8sDeChezSoi et #CAP20ACI pour en voir les faits saillants sur les m\u00e9dias sociaux.\u00a0 <\/p>\n\n\n\n<p>Nous remercions tous ceux qui ont particip\u00e9 \u00e0 la 35<sup>e<\/sup>\u00a0\u00e9dition des Journ\u00e9es du CAP et esp\u00e9rons vous revoir l\u2019ann\u00e9e prochaine. Que vous ayez pu vous joindre \u00e0 nous ou non, assurez-vous de jeter un coup d\u2019\u0153il aux <a href=\"https:\/\/www.crea.ca\/fr\/MP\/\" target=\"_blank\" rel=\"noreferrer noopener\" aria-label=\"recommandations pr\u00e9sent\u00e9es par la communaut\u00e9 immobili\u00e8re en 2020 (opens in a new tab)\">recommandations pr\u00e9sent\u00e9es par la communaut\u00e9 immobili\u00e8re en 2020<\/a> et \u00e0 la page du <a rel=\"noreferrer noopener\" aria-label=\" (opens in a new tab)\" href=\"https:\/\/www.realtoractionnetwork.com\/fr-CA\/Index?NEQS=LSeTWK5KDoF8Gmys0WOpmh5MU2P9LUcVWbJLZrZHDzfQkrLBn5QdjW%2B5Rv4LiSLrdd8%2F4wqIfEVcpEi08ejWBU%2BzajBiydgDMSpdd2Hui7w%3D\" target=\"_blank\">R\u00e9seau d\u2019action immobilier<\/a> o\u00f9 l\u2019\u00e9quipe des Relations gouvernementales publiera des mises \u00e0 jour.<\/p>\n","protected":false},"excerpt":{"rendered":"<p>La COVID-19 a fait en sorte que les Canadiens ont revu ou consolid\u00e9 leur relation avec leur foyer. Pour la plupart d\u2019entre nous, notre foyer est devenu notamment un bureau, une salle d\u2019entra\u00eenement ou une salle de classe. Pour les participants \u00e0 la 35e\u00a0\u00e9dition des Journ\u00e9es du Comit\u00e9 d\u2019action politique (CAP) de l\u2019ACI, qui s\u2019est &hellip; <a href=\"https:\/\/archive.cafe.crea.ca\/fr\/retour-sur-les-journees-du-cap-2020-rapprocher-les-canadiens-a-leur-chez-soi\/\" class=\"more-link\">Continue reading <span class=\"screen-reader-text\">Retour sur les Journ\u00e9es du CAP 2020 : rapprocher les Canadiens \u00e0 leur chez-soi<\/span><\/a><\/p>\n","protected":false},"author":138,"featured_media":36115,"comment_status":"open","ping_status":"open","sticky":false,"template":"","format":"standard","meta":{"footnotes":""},"categories":[2369],"tags":[2378,2380],"coauthors":[2401],"class_list":["post-36117","post","type-post","status-publish","format-standard","has-post-thumbnail","hentry","category-defense-des-interets","tag-featured","tag-featured-fr-2"],"aioseo_notices":[],"_links":{"self":[{"href":"https:\/\/archive.cafe.crea.ca\/fr\/wp-json\/wp\/v2\/posts\/36117"}],"collection":[{"href":"https:\/\/archive.cafe.crea.ca\/fr\/wp-json\/wp\/v2\/posts"}],"about":[{"href":"https:\/\/archive.cafe.crea.ca\/fr\/wp-json\/wp\/v2\/types\/post"}],"author":[{"embeddable":true,"href":"https:\/\/archive.cafe.crea.ca\/fr\/wp-json\/wp\/v2\/users\/138"}],"replies":[{"embeddable":true,"href":"https:\/\/archive.cafe.crea.ca\/fr\/wp-json\/wp\/v2\/comments?post=36117"}],"version-history":[{"count":1,"href":"https:\/\/archive.cafe.crea.ca\/fr\/wp-json\/wp\/v2\/posts\/36117\/revisions"}],"predecessor-version":[{"id":36118,"href":"https:\/\/archive.cafe.crea.ca\/fr\/wp-json\/wp\/v2\/posts\/36117\/revisions\/36118"}],"wp:featuredmedia":[{"embeddable":true,"href":"https:\/\/archive.cafe.crea.ca\/fr\/wp-json\/wp\/v2\/media\/36115"}],"wp:attachment":[{"href":"https:\/\/archive.cafe.crea.ca\/fr\/wp-json\/wp\/v2\/media?parent=36117"}],"wp:term":[{"taxonomy":"category","embeddable":true,"href":"https:\/\/archive.cafe.crea.ca\/fr\/wp-json\/wp\/v2\/categories?post=36117"},{"taxonomy":"post_tag","embeddable":true,"href":"https:\/\/archive.cafe.crea.ca\/fr\/wp-json\/wp\/v2\/tags?post=36117"},{"taxonomy":"author","embeddable":true,"href":"https:\/\/archive.cafe.crea.ca\/fr\/wp-json\/wp\/v2\/coauthors?post=36117"}],"curies":[{"name":"wp","href":"https:\/\/api.w.org\/{rel}","templated":true}]}}