{"id":35862,"date":"2020-10-08T09:30:55","date_gmt":"2020-10-08T13:30:55","guid":{"rendered":"https:\/\/archive.cafe.crea.ca\/?p=35862"},"modified":"2020-11-25T16:05:18","modified_gmt":"2020-11-25T21:05:18","slug":"en-direct-examine-les-repercussions-de-la-covid-19-sur-les-courtiers-et-agents","status":"publish","type":"post","link":"https:\/\/archive.cafe.crea.ca\/fr\/en-direct-examine-les-repercussions-de-la-covid-19-sur-les-courtiers-et-agents\/","title":{"rendered":"EN DIRECT examine les r\u00e9percussions de la COVID-19 sur les courtiers et agents"},"content":{"rendered":"\n<p>Cette ann\u00e9e a \u00e9t\u00e9 marqu\u00e9e par des creux records, suivis par des sommets records. La COVID-19 a boulevers\u00e9 tous les aspects de notre vie, et les Canadiens l\u2019ont certainement ressenti dans le secteur de l\u2019immobilier. En effet, les ventes de propri\u00e9t\u00e9s \u00e9taient en chute libre au printemps, puis ont remont\u00e9 pour battre des records en septembre.<\/p>\n\n\n\n<p>Dire que ces derniers mois ont ressembl\u00e9 \u00e0 un tour de montagnes russes serait un euph\u00e9misme.<\/p>\n\n\n\n<p>Dans le troisi\u00e8me num\u00e9ro du magazine <em>EN DIRECT<\/em>, nous parlons de la pand\u00e9mie de la COVID\u201119 et de la fa\u00e7on dont les courtiers et agents ont adapt\u00e9 leur entreprise pour continuer \u00e0 offrir les services essentiels que sont l\u2019achat et la vente de biens immobiliers.<\/p>\n\n\n\n<p class=\"has-text-color has-background has-very-light-gray-color has-vivid-red-background-color\">Billets de blogue du Caf\u00e9 ACI en vedette dans ce num\u00e9ro :<br> \u2022    <a rel=\"noreferrer noopener\" aria-label=\"Comment la COVID-19 a transform\u00e9 le marketing immobilier (opens in a new tab)\" href=\"https:\/\/archive.cafe.crea.ca\/fr\/comment-la-covid-19-a-transforme-le-marketing-immobilier\/\" target=\"_blank\">Comment la COVID-19 a transform\u00e9 le marketing immobilier<\/a><br> \u2022    <a rel=\"noreferrer noopener\" aria-label=\"R\u00e9ouverture apr\u00e8s la COVID-19 : Le nouveau visage des agences immobili\u00e8res (opens in a new tab)\" href=\"https:\/\/archive.cafe.crea.ca\/fr\/reouverture-apres-la-covid-19-le-nouveau-visage-des-agences-immobilieres\/\" target=\"_blank\">R\u00e9ouverture apr\u00e8s la COVID-19 : Le nouveau visage des agences immobili\u00e8res<\/a><br> \u2022    <a rel=\"noreferrer noopener\" aria-label=\"La gestion du stress et de l\u2019anxi\u00e9t\u00e9 au temps de la COVID-19 (opens in a new tab)\" href=\"https:\/\/archive.cafe.crea.ca\/fr\/la-gestion-du-stress-et-de-lanxiete-au-temps-de-la-covid-19\/\" target=\"_blank\">La gestion du stress et de l\u2019anxi\u00e9t\u00e9 au temps de la COVID-19<\/a><\/p>\n\n\n\n<p>Si vous ne pouvez pas vous procurer l\u2019un de nos magnifiques exemplaires imprim\u00e9s, <a rel=\"noreferrer noopener\" aria-label=\"consultez la version num\u00e9rique du magazine (opens in a new tab)\" href=\"https:\/\/www.crea.ca\/fr\/realtime-magazine\/fall-edition-2020\/\" target=\"_blank\">consultez la version num\u00e9rique du magazine<\/a>.<\/p>\n\n\n\n<iframe style=\"width: 100%; min-height: 1080px;\" src=\"https:\/\/www.realtimemagazine-digital.com\/creaq\/0420_fall_2020\/MobilePagedArticle.action?articleId=1619952#articleId1619952\"><\/iframe>\n\n\n\n<p>Quel sujet aimeriez-vous que nous abordions dans un prochain num\u00e9ro trimestriel d\u2019<em>EN DIRECT<\/em>? <a rel=\"noreferrer noopener\" href=\"mailto:mshaw@crea.ca?subject=REAL%20TIME\" target=\"_blank\">\u00c9crivez au r\u00e9dacteur en chef, Michael&nbsp;Shaw, pour lui en faire part.<\/a><\/p>\n","protected":false},"excerpt":{"rendered":"<p>Cette ann\u00e9e a \u00e9t\u00e9 marqu\u00e9e par des creux records, suivis par des sommets records. La COVID-19 a boulevers\u00e9 tous les aspects de notre vie, et les Canadiens l\u2019ont certainement ressenti dans le secteur de l\u2019immobilier. En effet, les ventes de propri\u00e9t\u00e9s \u00e9taient en chute libre au printemps, puis ont remont\u00e9 pour battre des records en &hellip; <a href=\"https:\/\/archive.cafe.crea.ca\/fr\/en-direct-examine-les-repercussions-de-la-covid-19-sur-les-courtiers-et-agents\/\" class=\"more-link\">Continue reading <span class=\"screen-reader-text\">EN DIRECT examine les r\u00e9percussions de la COVID-19 sur les courtiers et agents<\/span><\/a><\/p>\n","protected":false},"author":88,"featured_media":35858,"comment_status":"open","ping_status":"open","sticky":false,"template":"","format":"standard","meta":{"footnotes":""},"categories":[2366],"tags":[2378],"coauthors":[2218],"class_list":["post-35862","post","type-post","status-publish","format-standard","has-post-thumbnail","hentry","category-nouvelles-de-laci","tag-featured"],"aioseo_notices":[],"_links":{"self":[{"href":"https:\/\/archive.cafe.crea.ca\/fr\/wp-json\/wp\/v2\/posts\/35862"}],"collection":[{"href":"https:\/\/archive.cafe.crea.ca\/fr\/wp-json\/wp\/v2\/posts"}],"about":[{"href":"https:\/\/archive.cafe.crea.ca\/fr\/wp-json\/wp\/v2\/types\/post"}],"author":[{"embeddable":true,"href":"https:\/\/archive.cafe.crea.ca\/fr\/wp-json\/wp\/v2\/users\/88"}],"replies":[{"embeddable":true,"href":"https:\/\/archive.cafe.crea.ca\/fr\/wp-json\/wp\/v2\/comments?post=35862"}],"version-history":[{"count":2,"href":"https:\/\/archive.cafe.crea.ca\/fr\/wp-json\/wp\/v2\/posts\/35862\/revisions"}],"predecessor-version":[{"id":36306,"href":"https:\/\/archive.cafe.crea.ca\/fr\/wp-json\/wp\/v2\/posts\/35862\/revisions\/36306"}],"wp:featuredmedia":[{"embeddable":true,"href":"https:\/\/archive.cafe.crea.ca\/fr\/wp-json\/wp\/v2\/media\/35858"}],"wp:attachment":[{"href":"https:\/\/archive.cafe.crea.ca\/fr\/wp-json\/wp\/v2\/media?parent=35862"}],"wp:term":[{"taxonomy":"category","embeddable":true,"href":"https:\/\/archive.cafe.crea.ca\/fr\/wp-json\/wp\/v2\/categories?post=35862"},{"taxonomy":"post_tag","embeddable":true,"href":"https:\/\/archive.cafe.crea.ca\/fr\/wp-json\/wp\/v2\/tags?post=35862"},{"taxonomy":"author","embeddable":true,"href":"https:\/\/archive.cafe.crea.ca\/fr\/wp-json\/wp\/v2\/coauthors?post=35862"}],"curies":[{"name":"wp","href":"https:\/\/api.w.org\/{rel}","templated":true}]}}