{"id":35632,"date":"2020-09-15T09:30:12","date_gmt":"2020-09-15T13:30:12","guid":{"rendered":"https:\/\/archive.cafe.crea.ca\/?p=35632"},"modified":"2020-09-21T08:51:16","modified_gmt":"2020-09-21T12:51:16","slug":"cinq-choses-a-savoir-au-sujet-des-journees-du-cap-2020","status":"publish","type":"post","link":"https:\/\/archive.cafe.crea.ca\/fr\/cinq-choses-a-savoir-au-sujet-des-journees-du-cap-2020\/","title":{"rendered":"Cinq choses \u00e0 savoir au sujet des Journ\u00e9es du CAP 2020"},"content":{"rendered":"\n<p><font style=\"vertical-align: inherit;\"><font style=\"vertical-align: inherit;\">Even a global pandemic will not prevent the holding of 35 <\/font><\/font><sup><font style=\"vertical-align: inherit;\"><font style=\"vertical-align: inherit;\">&lsquo;re<\/font><\/font><\/sup><font style=\"vertical-align: inherit;\"><font style=\"vertical-align: inherit;\"> &nbsp;Days Political Action Committee (PAC), although they will be held differently this year.<\/font><\/font><\/p>\n\n\n\n<p>Ces derniers mois, les Canadiens ont\njet\u00e9 un regard neuf sur le chez-soi et leur collectivit\u00e9. Le lundi&nbsp;5&nbsp;octobre,\nles courtiers et agents examineront plus \u00e0 fond ces deux&nbsp;concepts \u00e0 la\nlumi\u00e8re d\u2019un monde fa\u00e7onn\u00e9 par la COVID-19.<\/p>\n\n\n\n<p>Voici cinq&nbsp;choses\n\u00e0 savoir au sujet du congr\u00e8s cette ann\u00e9e&nbsp;: <\/p>\n\n\n\n<h2 class=\"wp-block-heading\">1.&nbsp;&nbsp;&nbsp;&nbsp;&nbsp; Enti\u00e8rement virtuelle<\/h2>\n\n\n\n<p>Plut\u00f4t que de se r\u00e9unir \u00e0 l\u2019h\u00f4tel The\nWestin comme par les ann\u00e9es pass\u00e9es, les repr\u00e9sentants du CAP participeront en\ndirect, de fa\u00e7on s\u00e9curitaire de leur domicile ou leur bureau. Ils auront besoin\nd\u2019un ordinateur et d\u2019un acc\u00e8s Internet haute vitesse pour diffuser le congr\u00e8s.\nIls auront aussi besoin d\u2019un t\u00e9l\u00e9phone intelligent pour communiquer et partager\ndes renseignements sur les m\u00e9dias sociaux au cours du congr\u00e8s.<\/p>\n\n\n\n<h2 class=\"wp-block-heading\">2.\u00a0\u00a0\u00a0\u00a0\u00a0 \u00a0#PlusPr\u00e8sDeChezSoi <\/h2>\n\n\n\n<p>Les Journ\u00e9es du CAP&nbsp;2020 permettront\n\u00e0 la communaut\u00e9 immobili\u00e8re de pr\u00e9coniser des politiques ax\u00e9es sur les d\u00e9fis du\nlogement dans les collectivit\u00e9s canadiennes et de contribuer \u00e0 la relance\n\u00e9conomique du Canada \u00e0 mesure que nous nous remettons de la pand\u00e9mie de la\nCOVID-19.<\/p>\n\n\n\n<p>Participez \u00e0 la conversation en ligne\navec les mots-cl\u00e9s #PlusPr\u00e8sDeChezSoi ou #CAP20ACI. Assurez-vous de plus de\nnous suivre sur les m\u00e9dias sociaux!<\/p>\n\n\n\n<figure class=\"wp-block-image\"><a href=\"https:\/\/twitter.com\/CREA_ACI\" target=\"_blank\" rel=\"noreferrer noopener\"><img loading=\"lazy\" decoding=\"async\" width=\"30\" height=\"30\" src=\"https:\/\/archive.cafe.crea.ca\/wp-content\/uploads\/2020\/06\/d8cf45ad-806c-4e20-832e-7f697f339eaa.png\" alt=\"Twitter\" class=\"wp-image-34884\"\/><\/a><\/figure>\n\n\n\n<figure class=\"wp-block-image\"><a href=\"https:\/\/www.facebook.com\/CREA.ACI\" target=\"_blank\" rel=\"noreferrer noopener\"><img loading=\"lazy\" decoding=\"async\" width=\"30\" height=\"30\" src=\"https:\/\/archive.cafe.crea.ca\/wp-content\/uploads\/2020\/06\/7ed6ce96-9dc1-49c8-aac5-ef9424ca0740.png\" alt=\"\" class=\"wp-image-34878\"\/><\/a><\/figure>\n\n\n\n<figure class=\"wp-block-image\"><a href=\"https:\/\/www.instagram.com\/crea_aci\/\" target=\"_blank\" rel=\"noreferrer noopener\"><img loading=\"lazy\" decoding=\"async\" width=\"30\" height=\"30\" src=\"https:\/\/archive.cafe.crea.ca\/wp-content\/uploads\/2020\/06\/56f53b46-506f-4287-a626-41bd011c6081.jpg\" alt=\"\" class=\"wp-image-34880\"\/><\/a><\/figure>\n\n\n\n<h2 class=\"wp-block-heading\">3.&nbsp;&nbsp;&nbsp;&nbsp;&nbsp; Conf\u00e9renciers et pan\u00e9listes\nint\u00e9ressants<\/h2>\n\n\n\n<p>M\u00eame s\u2019il s\u2019agit d\u2019un congr\u00e8s virtuel,\nles participants pourront quand m\u00eame assister aux activit\u00e9s phares habituelles, dont le panel m\u00e9diatique des Journ\u00e9es\ndu CAP mettant en vedette Don&nbsp;Martin, Chantal&nbsp;H\u00e9bert et Rob&nbsp;Russo.<\/p>\n\n\n\n<p>Notre conf\u00e9rencier\nd\u2019honneur des Journ\u00e9es du CAP&nbsp;2020, Masai&nbsp;Ujiri, pr\u00e9sident des Raptors\nde Toronto, est un homme d\u2019affaires accompli et leader qui a jou\u00e9 un r\u00f4le cl\u00e9\npour mener la populaire franchise canadienne \u00e0 son 1<sup>er<\/sup>&nbsp;championnat\nNBA en 2019. Non seulement est-il un haut dirigeant dans le domaine du basketball,\nil est aussi un nouveau Canadien et est donc bien plac\u00e9 pour nous faire part de\nl\u2019exp\u00e9rience de s\u2019\u00e9tablir au Canada et de l\u2019importance de b\u00e2tir des collectivit\u00e9s.\nSon succ\u00e8s au sein de l\u2019organisation des Raptors a donn\u00e9 une voix \u00e0 de nombreux\nCanadiens et groupes sous-repr\u00e9sent\u00e9s au pays.<\/p>\n\n\n\n<p>Nous vous informerons de plus de la\nr\u00e9ussite de nos efforts de d\u00e9fense des int\u00e9r\u00eats au cours de l\u2019ann\u00e9e, notamment de\nnos d\u00e9marches pour appuyer le secteur immobilier en r\u00e9action \u00e0 la pand\u00e9mie de\nla COVID\u201119.<\/p>\n\n\n\n<h2 class=\"wp-block-heading\">4.&nbsp;&nbsp;&nbsp;&nbsp;&nbsp; Rencontres avec les d\u00e9put\u00e9s<\/h2>\n\n\n\n<p>Nous envisageons toujours de tenir des rencontres virtuelles entre les membres du CAP et les d\u00e9put\u00e9s. Il est toutefois important de noter que, le mardi&nbsp;18&nbsp;ao\u00fbt, le premier ministre Justin&nbsp;Trudeau a annonc\u00e9 la <a href=\"https:\/\/www.ledevoir.com\/politique\/canada\/584368\/que-signifie-concretement-la-prorogation-du-parlement\" target=\"_blank\" rel=\"noreferrer noopener\" aria-label=\" (opens in a new tab)\">prorogation du Parlement<\/a> et un discours du Tr\u00f4ne qui sera pr\u00e9sent\u00e9 le mercredi&nbsp;23&nbsp;septembre. D\u2019autres \u00e9v\u00e9nements politiques pourraient aussi avoir des r\u00e9percussions sur les Journ\u00e9es du CAP&nbsp;2020. Nous devons donc tenir compte du moment et des r\u00e9percussions de ceux-ci lorsque nous planifions nos activit\u00e9s de d\u00e9fense des int\u00e9r\u00eats de nos membres, notamment les rencontres avec les d\u00e9put\u00e9s. Notre \u00e9quipe des Relations gouvernementales suivra l\u2019\u00e9volution de la situation et vous fournira des mises \u00e0 jour. <\/p>\n\n\n\n<p><br>\nEntretemps, nous encourageons les repr\u00e9sentants du CAP \u00e0 examiner les\nressources ci-dessous.<\/p>\n\n\n\n<h2 class=\"wp-block-heading\">5.&nbsp;&nbsp;&nbsp;&nbsp;&nbsp; Ressources pour les courtiers et\nagents <\/h2>\n\n\n\n<p>Toutes les ressources habituellement incluses dans la documentation des Journ\u00e9es du CAP pour aider les repr\u00e9sentants du CAP \u00e0 se pr\u00e9parer sont disponibles sur le <a href=\"https:\/\/www.realtoractionnetwork.com\/fr-CA\/Index?NEQS=LSeTWK5KDoF8Gmys0WOpmnQ8RwqQ%2BV6Pt7W9cJNQVqwiCKXYQEioa1xmpKr2P%2BwiOir1vO9OSUngHDtSOtd6XgLcez1lfyn3jFHTc4kCor8%3D\" target=\"_blank\" rel=\"noreferrer noopener\" aria-label=\" (opens in a new tab)\">R\u00e9seau d\u2019action immobilier<\/a>, entre autres la Foire aux questions, des points de discussions et des propositions de politiques. <\/p>\n\n\n\n<p>Communiquez avec votre chambre ou association immobili\u00e8re si vous souhaitez assister \u00e0 ce congr\u00e8s ou visitez la page des <a href=\"https:\/\/www.realtorlink.ca\/content\/realtorlink\/crea\/fr_CA\/courses---events\/crea-events\/pac-days.html\" target=\"_blank\" rel=\"noreferrer noopener\" aria-label=\" (opens in a new tab)\">Journ\u00e9es du CAP sur le Lien IMMOBILIER<\/a><sup><a href=\"https:\/\/www.realtorlink.ca\/content\/realtorlink\/crea\/fr_CA\/courses---events\/crea-events\/pac-days.html\" target=\"_blank\" rel=\"noreferrer noopener\" aria-label=\" (opens in a new tab)\">MC<\/a><\/sup> pour obtenir plus de renseignements.<\/p>\n\n\n\n<p>\u00c0 quoi\navez-vous le plus h\u00e2te cette ann\u00e9e? Dites-le-nous dans les commentaires\nci-dessous. <\/p>\n","protected":false},"excerpt":{"rendered":"<p>Even a global pandemic will not prevent the holding of 35 &lsquo;re &nbsp;Days Political Action Committee (PAC), although they will be held differently this year. Ces derniers mois, les Canadiens ont jet\u00e9 un regard neuf sur le chez-soi et leur collectivit\u00e9. Le lundi&nbsp;5&nbsp;octobre, les courtiers et agents examineront plus \u00e0 fond ces deux&nbsp;concepts \u00e0 la &hellip; <a href=\"https:\/\/archive.cafe.crea.ca\/fr\/cinq-choses-a-savoir-au-sujet-des-journees-du-cap-2020\/\" class=\"more-link\">Continue reading <span class=\"screen-reader-text\">Cinq choses \u00e0 savoir au sujet des Journ\u00e9es du CAP 2020<\/span><\/a><\/p>\n","protected":false},"author":138,"featured_media":35628,"comment_status":"open","ping_status":"open","sticky":false,"template":"","format":"standard","meta":{"footnotes":""},"categories":[2369],"tags":[2378],"coauthors":[2401],"class_list":["post-35632","post","type-post","status-publish","format-standard","has-post-thumbnail","hentry","category-defense-des-interets","tag-featured"],"aioseo_notices":[],"_links":{"self":[{"href":"https:\/\/archive.cafe.crea.ca\/fr\/wp-json\/wp\/v2\/posts\/35632"}],"collection":[{"href":"https:\/\/archive.cafe.crea.ca\/fr\/wp-json\/wp\/v2\/posts"}],"about":[{"href":"https:\/\/archive.cafe.crea.ca\/fr\/wp-json\/wp\/v2\/types\/post"}],"author":[{"embeddable":true,"href":"https:\/\/archive.cafe.crea.ca\/fr\/wp-json\/wp\/v2\/users\/138"}],"replies":[{"embeddable":true,"href":"https:\/\/archive.cafe.crea.ca\/fr\/wp-json\/wp\/v2\/comments?post=35632"}],"version-history":[{"count":3,"href":"https:\/\/archive.cafe.crea.ca\/fr\/wp-json\/wp\/v2\/posts\/35632\/revisions"}],"predecessor-version":[{"id":35695,"href":"https:\/\/archive.cafe.crea.ca\/fr\/wp-json\/wp\/v2\/posts\/35632\/revisions\/35695"}],"wp:featuredmedia":[{"embeddable":true,"href":"https:\/\/archive.cafe.crea.ca\/fr\/wp-json\/wp\/v2\/media\/35628"}],"wp:attachment":[{"href":"https:\/\/archive.cafe.crea.ca\/fr\/wp-json\/wp\/v2\/media?parent=35632"}],"wp:term":[{"taxonomy":"category","embeddable":true,"href":"https:\/\/archive.cafe.crea.ca\/fr\/wp-json\/wp\/v2\/categories?post=35632"},{"taxonomy":"post_tag","embeddable":true,"href":"https:\/\/archive.cafe.crea.ca\/fr\/wp-json\/wp\/v2\/tags?post=35632"},{"taxonomy":"author","embeddable":true,"href":"https:\/\/archive.cafe.crea.ca\/fr\/wp-json\/wp\/v2\/coauthors?post=35632"}],"curies":[{"name":"wp","href":"https:\/\/api.w.org\/{rel}","templated":true}]}}