{"id":35594,"date":"2020-09-10T09:30:38","date_gmt":"2020-09-10T13:30:38","guid":{"rendered":"https:\/\/archive.cafe.crea.ca\/?p=35594"},"modified":"2020-09-09T15:58:01","modified_gmt":"2020-09-09T19:58:01","slug":"sommet-des-dirigeants-dagence-de-laci-2020-aider-les-dirigeants-dagence-a-faire-evoluer-leur-entreprise","status":"publish","type":"post","link":"https:\/\/archive.cafe.crea.ca\/fr\/sommet-des-dirigeants-dagence-de-laci-2020-aider-les-dirigeants-dagence-a-faire-evoluer-leur-entreprise\/","title":{"rendered":"Sommet des dirigeants d\u2019agence de l\u2019ACI 2020 : aider les dirigeants d\u2019agence \u00e0 faire \u00e9voluer leur entreprise"},"content":{"rendered":"\n<p>Attention dirigeants d\u2019agence! Nous souhaitons vous aider \u00e0 vous pr\u00e9parer \u00e0 la relance du march\u00e9 fa\u00e7onn\u00e9e par la COVID-19.<\/p>\n\n\n\n<figure class=\"wp-block-image\"><img loading=\"lazy\" decoding=\"async\" width=\"1200\" height=\"630\" src=\"https:\/\/archive.cafe.crea.ca\/wp-content\/uploads\/2020\/09\/EhExtwzXgAI2ub3.jpg\" alt=\"\" class=\"wp-image-35595\" srcset=\"https:\/\/archive.cafe.crea.ca\/wp-content\/uploads\/2020\/09\/EhExtwzXgAI2ub3.jpg 1200w, https:\/\/archive.cafe.crea.ca\/wp-content\/uploads\/2020\/09\/EhExtwzXgAI2ub3-768x403.jpg 768w, https:\/\/archive.cafe.crea.ca\/wp-content\/uploads\/2020\/09\/EhExtwzXgAI2ub3-1088x571.jpg 1088w\" sizes=\"(max-width: 1200px) 100vw, 1200px\" \/><\/figure>\n\n\n\n<p>Les dirigeants d\u2019agence jouent un r\u00f4le essentiel sur les march\u00e9s immobiliers canadiens en tant que d\u00e9fenseurs des int\u00e9r\u00eats de leurs clients et de leurs courtiers et agents. Nous lan\u00e7ons notre tout premier <a href=\"https:\/\/crea.swoogo.com\/brokersummit\" target=\"_blank\" rel=\"noreferrer noopener\" aria-label=\" (opens in a new tab)\">Sommet des dirigeants d\u2019agence de l\u2019ACI<\/a> afin de discuter des toutes derni\u00e8res innovations technologiques et de vous communiquer des informations concr\u00e8tes sur le march\u00e9 pour vous permettre de garder une longueur d\u2019avance dans vos activit\u00e9s quotidiennes.<\/p>\n\n\n\n<p>Le Sommet\ndes dirigeants d\u2019agence de l\u2019ACI&nbsp;2020 se tiendra le jeudi&nbsp;24&nbsp;septembre\nsous la forme d\u2019un \u00e9v\u00e9nement enti\u00e8rement virtuel, anim\u00e9 par Erin&nbsp;Davis, animatrice\nradio canadienne et <a href=\"https:\/\/www.crea.ca\/podcast\/\" target=\"_blank\" rel=\"noreferrer noopener\">animatrice\ndu balado <em>REAL TIME<\/em><\/a>. Des experts du secteur et des repr\u00e9sentants de l\u2019ACI discuteront des\nsujets suivants&nbsp;:<\/p>\n\n\n\n<p>\u2022&nbsp;&nbsp;&nbsp;&nbsp;&nbsp;&nbsp;&nbsp;&nbsp;&nbsp;&nbsp;&nbsp; les\ninnovations technologiques et leur impact sur les agences;<\/p>\n\n\n\n<p>\u2022&nbsp;&nbsp;&nbsp;&nbsp;&nbsp;&nbsp;&nbsp;&nbsp;&nbsp;&nbsp;&nbsp; la gestion\nd\u2019\u00e9quipe dans un contexte virtuel;<\/p>\n\n\n\n<p>\u2022&nbsp;&nbsp;&nbsp;&nbsp;&nbsp;&nbsp;&nbsp;&nbsp;&nbsp;&nbsp;&nbsp; l\u2019\u00e9tat du\nmarch\u00e9, maintenant et apr\u00e8s la pand\u00e9mie;<\/p>\n\n\n\n<p>\u2022&nbsp;&nbsp;&nbsp;&nbsp;&nbsp;&nbsp;&nbsp;&nbsp;&nbsp;&nbsp;&nbsp; l\u2019\u00e9thique\net le professionnalisme en immobilier;<\/p>\n\n\n\n<p>\u2022&nbsp;&nbsp;&nbsp;&nbsp;&nbsp;&nbsp;&nbsp;&nbsp;&nbsp;&nbsp;&nbsp; et plus\nencore!<\/p>\n\n\n\n<p>Pour seulement 49\u00a0$, vous pourrez assister \u00e0 toute une journ\u00e9e (de 10\u00a0h \u00e0 16\u00a0h) de s\u00e9ances en direct et pr\u00e9enregistr\u00e9es, y compris\u00a0:<\/p>\n\n\n\n<p><strong>Survivre et s\u2019adapter \u00e0 la nouvelle normalit\u00e9<\/strong> avec Steve\u00a0Murray de REAL\u00a0Trends. Il discutera des nouvelles tendances en immobilier depuis le d\u00e9but de la pand\u00e9mie de la COVID-19 et des r\u00e9percussions de celle-ci sur le secteur.<\/p>\n\n\n\n<p><strong>Les tendances technologiques influen\u00e7ant le mod\u00e8le de courtage<\/strong> avec Matt\u00a0Honsberger (Royal LePage Atlantic), Lynette\u00a0Keyowski (REACH Canada) et Eric\u00a0Stegemann (TRIBUS). Ces experts de l\u2019industrie discuteront des nouvelles tendances en mati\u00e8re de technologie et de ce qui s\u2019en vient.<\/p>\n\n\n\n<p><strong>L\u2019avenir du syst\u00e8me MLS\u00ae<\/strong> avec John\u00a0DiMichele (Toronto Regional Real Estate Board), Bill\u00a0Duce (Kitchener-Waterloo Association of REALTORS\u00ae) et Denee\u00a0Evans (Council of Multiple Listing Services). Ces pan\u00e9listes \u00e9changeront des id\u00e9es sur les tendances concernant le syst\u00e8me MLS\u00ae et sur ce \u00e0 quoi nous pouvons nous attendre \u00e0 l\u2019avenir.<\/p>\n\n\n\n<p><strong>Les occasions post-pand\u00e9mie sur le march\u00e9 immobilier international<\/strong> avec Pauline\u00a0Aunger (Royal LePage Advantage), Azim\u00a0Jessa (Urban Nest Realty), Tina\u00a0Mak (Coldwell Banker Westburn Realty) et Richard\u00a0Silver (Sotheby\u2019s International). Ce panel d\u2019experts de l\u2019immobilier international discutera de ce \u00e0 quoi ressembleront les march\u00e9s apr\u00e8s la pand\u00e9mie.<\/p>\n\n\n\n<p><a>Visitez le <\/a><a href=\"https:\/\/crea.swoogo.com\/brokersummit\/begin\" target=\"_blank\" rel=\"noreferrer noopener\" aria-label=\" (opens in a new tab)\">site Web du Sommet<\/a> afin de consulter le programme complet et d\u2019obtenir des d\u00e9tails sur l\u2019inscription.<\/p>\n\n\n\n<p><strong>Avez-vous des questions?<\/strong><\/p>\n\n\n\n<p>Communiquez avec notre \u00e9quipe du Soutien aux membres par courriel, \u00e0 support@crea.ca, ou par t\u00e9l\u00e9phone, au 1-888-237-7945.<\/p>\n","protected":false},"excerpt":{"rendered":"<p>Attention dirigeants d\u2019agence! Nous souhaitons vous aider \u00e0 vous pr\u00e9parer \u00e0 la relance du march\u00e9 fa\u00e7onn\u00e9e par la COVID-19. Les dirigeants d\u2019agence jouent un r\u00f4le essentiel sur les march\u00e9s immobiliers canadiens en tant que d\u00e9fenseurs des int\u00e9r\u00eats de leurs clients et de leurs courtiers et agents. Nous lan\u00e7ons notre tout premier Sommet des dirigeants d\u2019agence &hellip; <a href=\"https:\/\/archive.cafe.crea.ca\/fr\/sommet-des-dirigeants-dagence-de-laci-2020-aider-les-dirigeants-dagence-a-faire-evoluer-leur-entreprise\/\" class=\"more-link\">Continue reading <span class=\"screen-reader-text\">Sommet des dirigeants d\u2019agence de l\u2019ACI 2020 : aider les dirigeants d\u2019agence \u00e0 faire \u00e9voluer leur entreprise<\/span><\/a><\/p>\n","protected":false},"author":153,"featured_media":35590,"comment_status":"open","ping_status":"open","sticky":false,"template":"","format":"standard","meta":{"footnotes":""},"categories":[2366],"tags":[2378,2380],"coauthors":[2417],"class_list":["post-35594","post","type-post","status-publish","format-standard","has-post-thumbnail","hentry","category-nouvelles-de-laci","tag-featured","tag-featured-fr-2"],"aioseo_notices":[],"_links":{"self":[{"href":"https:\/\/archive.cafe.crea.ca\/fr\/wp-json\/wp\/v2\/posts\/35594"}],"collection":[{"href":"https:\/\/archive.cafe.crea.ca\/fr\/wp-json\/wp\/v2\/posts"}],"about":[{"href":"https:\/\/archive.cafe.crea.ca\/fr\/wp-json\/wp\/v2\/types\/post"}],"author":[{"embeddable":true,"href":"https:\/\/archive.cafe.crea.ca\/fr\/wp-json\/wp\/v2\/users\/153"}],"replies":[{"embeddable":true,"href":"https:\/\/archive.cafe.crea.ca\/fr\/wp-json\/wp\/v2\/comments?post=35594"}],"version-history":[{"count":1,"href":"https:\/\/archive.cafe.crea.ca\/fr\/wp-json\/wp\/v2\/posts\/35594\/revisions"}],"predecessor-version":[{"id":35597,"href":"https:\/\/archive.cafe.crea.ca\/fr\/wp-json\/wp\/v2\/posts\/35594\/revisions\/35597"}],"wp:featuredmedia":[{"embeddable":true,"href":"https:\/\/archive.cafe.crea.ca\/fr\/wp-json\/wp\/v2\/media\/35590"}],"wp:attachment":[{"href":"https:\/\/archive.cafe.crea.ca\/fr\/wp-json\/wp\/v2\/media?parent=35594"}],"wp:term":[{"taxonomy":"category","embeddable":true,"href":"https:\/\/archive.cafe.crea.ca\/fr\/wp-json\/wp\/v2\/categories?post=35594"},{"taxonomy":"post_tag","embeddable":true,"href":"https:\/\/archive.cafe.crea.ca\/fr\/wp-json\/wp\/v2\/tags?post=35594"},{"taxonomy":"author","embeddable":true,"href":"https:\/\/archive.cafe.crea.ca\/fr\/wp-json\/wp\/v2\/coauthors?post=35594"}],"curies":[{"name":"wp","href":"https:\/\/api.w.org\/{rel}","templated":true}]}}