{"id":35375,"date":"2020-08-13T09:14:20","date_gmt":"2020-08-13T13:14:20","guid":{"rendered":"https:\/\/archive.cafe.crea.ca\/?p=35375"},"modified":"2020-08-13T11:04:28","modified_gmt":"2020-08-13T15:04:28","slug":"comment-les-administrateurs-de-laci-se-sont-ils-occupes-pendant-la-pandemie","status":"publish","type":"post","link":"https:\/\/archive.cafe.crea.ca\/fr\/comment-les-administrateurs-de-laci-se-sont-ils-occupes-pendant-la-pandemie\/","title":{"rendered":"Comment les administrateurs de l\u2019ACI se sont-ils occup\u00e9s pendant la pand\u00e9mie?"},"content":{"rendered":"\n<p>Quand la <a href=\"https:\/\/ici.radio-canada.ca\/nouvelle\/1658689\/epidemie-contamination-infections-maladie-quarantaine\" target=\"_blank\" rel=\"noreferrer noopener\" aria-label=\" (opens in a new tab)\">pand\u00e9mie de la COVID-19 a \u00e9t\u00e9 d\u00e9clar\u00e9e<\/a> plus t\u00f4t cette ann\u00e9e, les autorit\u00e9s de sant\u00e9 publique ont impos\u00e9 des mesures de distanciation physique, et la majeure partie de l\u2019\u00e9conomie du Canada a \u00e9t\u00e9 mise \u00e0 l\u2019arr\u00eat.<\/p>\n\n\n\n<p>Les semaines de\nconfinement se transformant en mois, bien des gens ont cherch\u00e9 des fa\u00e7ons de\ns\u2019occuper.<\/p>\n\n\n\n<p>Les membres du conseil\nd\u2019administration de l\u2019ACI n\u2019y ont pas fait exception. Nous leur avons donc\ndemand\u00e9&nbsp;: \u00ab&nbsp;Quel passe-temps avez-vous\nadopt\u00e9 ou red\u00e9couvert pendant la pand\u00e9mie?&nbsp;\u00bb Lisez leurs r\u00e9ponses\nci-dessous.<\/p>\n\n\n\n<h2 class=\"wp-block-heading\"><strong>Costa Poulopoulos \u2013&nbsp;Pr\u00e9sident<\/strong><\/h2>\n\n\n\n<figure class=\"wp-block-image\"><img loading=\"lazy\" decoding=\"async\" width=\"896\" height=\"518\" src=\"https:\/\/archive.cafe.crea.ca\/wp-content\/uploads\/2020\/08\/2.jpg\" alt=\"\" class=\"wp-image-35358\" srcset=\"https:\/\/archive.cafe.crea.ca\/wp-content\/uploads\/2020\/08\/2.jpg 896w, https:\/\/archive.cafe.crea.ca\/wp-content\/uploads\/2020\/08\/2-768x444.jpg 768w\" sizes=\"(max-width: 896px) 100vw, 896px\" \/><\/figure>\n\n\n\n<p>J\u2019ai toujours \u00e9t\u00e9 passionn\u00e9 par la cuisine. La\npand\u00e9mie nous for\u00e7ant \u00e0 rester chez nous, nous avons pu enrichir notre\nsavoir-faire en essayant de nouvelles recettes. Les r\u00e9sultats \u00e9taient\nD\u00c9LICIEUX!<\/p>\n\n\n\n<h2 class=\"wp-block-heading\"><strong>Jill Oudil \u2013&nbsp;Vice-pr\u00e9sidente<\/strong><\/h2>\n\n\n\n<figure class=\"wp-block-image\"><img loading=\"lazy\" decoding=\"async\" width=\"896\" height=\"518\" src=\"https:\/\/archive.cafe.crea.ca\/wp-content\/uploads\/2020\/08\/3.jpg\" alt=\"\" class=\"wp-image-35360\" srcset=\"https:\/\/archive.cafe.crea.ca\/wp-content\/uploads\/2020\/08\/3.jpg 896w, https:\/\/archive.cafe.crea.ca\/wp-content\/uploads\/2020\/08\/3-768x444.jpg 768w\" sizes=\"(max-width: 896px) 100vw, 896px\" \/><\/figure>\n\n\n\n<p>Pour faire de l\u2019exercice, j\u2019ai repris le cardiov\u00e9lo,\navec une bicyclette stationnaire Peloton. J\u2019ai suivi des cours il y a plusieurs\nann\u00e9es. C\u2019\u00e9tait tellement amusant! Et, jamais je n\u2019aurais repris cette activit\u00e9\nsi je n\u2019avais pas \u00e9t\u00e9 confin\u00e9e \u00e0 la maison. J\u2019ai de la chance de pouvoir\nprofiter de ces moments.<\/p>\n\n\n\n<h2 class=\"wp-block-heading\"><strong>Larry&nbsp;Cerqua \u2013&nbsp;Administrateur r\u00e9gional\n(Ontario)<\/strong><\/h2>\n\n\n\n<figure class=\"wp-block-image\"><img loading=\"lazy\" decoding=\"async\" width=\"353\" height=\"451\" src=\"https:\/\/archive.cafe.crea.ca\/wp-content\/uploads\/2020\/08\/Larry-Cerqua.jpg\" alt=\"\" class=\"wp-image-35366\"\/><\/figure>\n\n\n\n<p>J\u2019aime de plus en plus\n\u00e9couter de la musique \u00e0 la maison. Aussi, gr\u00e2ce au retour du beau temps, j\u2019ai pu\nentretenir mon terrain et je me suis enfin occup\u00e9 des t\u00e2ches m\u00e9nag\u00e8res que je\nremettais toujours \u00e0 plus tard. <\/p>\n\n\n\n<p>J\u2019ai regard\u00e9\ntoutes les saisons de mes s\u00e9ries t\u00e9l\u00e9vis\u00e9es pr\u00e9f\u00e9r\u00e9es, et j\u2019attends les suites.\nJ\u2019ai aussi d\u00e9couvert de nouvelles s\u00e9ries. Mes coups de c\u0153ur ont notamment \u00e9t\u00e9 <em>Bosch<\/em>,\n<em>Homeland<\/em> et <em>Jack&nbsp;Ryan<\/em>.<\/p>\n\n\n\n<iframe loading=\"lazy\" width=\"560\" height=\"315\" src=\"https:\/\/www.youtube.com\/embed\/1KsyZF590NM\" frameborder=\"0\" allow=\"accelerometer; autoplay; encrypted-media; gyroscope; picture-in-picture\" allowfullscreen=\"\"><\/iframe>\n\n\n\n<h2 class=\"wp-block-heading\"><strong>Kimberly French \u2013 Administratrice r\u00e9gionale\n(Atlantique)<\/strong><\/h2>\n\n\n\n<figure class=\"wp-block-image\"><img loading=\"lazy\" decoding=\"async\" width=\"353\" height=\"451\" src=\"https:\/\/archive.cafe.crea.ca\/wp-content\/uploads\/2020\/08\/Kimberly-French.jpg\" alt=\"\" class=\"wp-image-35368\"\/><\/figure>\n\n\n\n<p>La m\u00e9ditation. Une autre administratrice, <a href=\"https:\/\/www.realtor.ca\/courtier-immobilier\/1474068\/kari-mcbride-2b-288-union-street-fredericton-nouveau-brunswick-e3a1e5#firstname=kari&amp;lastname=mcbride&amp;page=1&amp;sort=3-A\">Kari McBride<\/a>, m\u2019a motiv\u00e9e \u00e0 le faire. J\u2019ai toujours voulu m\u2019y mettre, mais je ne\ntrouvais pas le temps. Pendant la crise, la m\u00e9ditation m\u2019a aid\u00e9e \u00e0 g\u00e9rer mon\nanxi\u00e9t\u00e9 et \u00e0 me concentrer.<\/p>\n\n\n\n<h2 class=\"wp-block-heading\"><strong>Georges&nbsp;Gaucher\n\u2013&nbsp;Administrateur r\u00e9gional (Qu\u00e9bec)<\/strong><\/h2>\n\n\n\n<figure class=\"wp-block-image\"><img loading=\"lazy\" decoding=\"async\" width=\"353\" height=\"451\" src=\"https:\/\/archive.cafe.crea.ca\/wp-content\/uploads\/2020\/08\/Georges-Gaucher.jpg\" alt=\"\" class=\"wp-image-35373\"\/><\/figure>\n\n\n\n<p>J\u2019ai essay\u00e9\nd\u2019apprendre \u00e0 jouer de la guitare, mais j\u2019ai perdu patience. <\/p>\n\n\n\n<p>Comme j\u2019ai toujours\naim\u00e9 cuisiner, j\u2019ai concentr\u00e9 mes efforts sur cette activit\u00e9. Je cuisine m\u00eame avec\nmes trois enfants par Zoom. Nous pouvons ensuite manger ensemble, en quelque\nsorte. J\u2019ai essay\u00e9 une foule de nouvelles recettes, mais j\u2019ai aussi d\u00fb manger\nune foule de restants. Curieusement, j\u2019ai perdu du poids. <\/p>\n\n\n\n<p>J\u2019ai aussi d\u00e9couvert\nun chef assez comique du New Jersey sur Facebook, <a href=\"https:\/\/www.facebook.com\/OrsaraRecipes\/\">Pasquale Sciarappa<\/a>. Il est\nhilarant. <\/p>\n\n\n\n<h2 class=\"wp-block-heading\">Don&nbsp;Kottick\n\u2013&nbsp;Administrateur de repr\u00e9sentation g\u00e9n\u00e9rale<\/h2>\n\n\n\n<figure class=\"wp-block-image\"><img loading=\"lazy\" decoding=\"async\" width=\"353\" height=\"451\" src=\"https:\/\/archive.cafe.crea.ca\/wp-content\/uploads\/2020\/08\/Don-Kottick.jpg\" alt=\"\" class=\"wp-image-35370\"\/><\/figure>\n\n\n\n<p>La lecture, sans\nh\u00e9sitation. Je me suis command\u00e9 d\u2019excellents livres de <a href=\"http:\/\/benmacintyre.com\/books\/\">Ben&nbsp;MacIntyre<\/a>. J\u2019ai commenc\u00e9 par <em>L\u2019espion et le tra\u00eetre<\/em>, qui\nm\u2019a accroch\u00e9. Puis j\u2019ai command\u00e9<em> L\u2019espion qui trahissait ses\namis<\/em>, <em>Les espions du d\u00e9barquement<\/em> et <em>Rogue\nHeroes<\/em>. Si vous aimez les romans historiques ou les r\u00e9cits d\u2019espionnage,\nces histoires vraies ne manqueront pas de vous intriguer. Vous ne voudrez plus\nd\u00e9poser le livre!<\/p>\n\n\n\n<h2 class=\"wp-block-heading\">Phil\nMoore \u2013&nbsp;Administrateur de repr\u00e9sentation g\u00e9n\u00e9rale<\/h2>\n\n\n\n<figure class=\"wp-block-image\"><img loading=\"lazy\" decoding=\"async\" width=\"896\" height=\"518\" src=\"https:\/\/archive.cafe.crea.ca\/wp-content\/uploads\/2020\/08\/4.jpg\" alt=\"\" class=\"wp-image-35362\" srcset=\"https:\/\/archive.cafe.crea.ca\/wp-content\/uploads\/2020\/08\/4.jpg 896w, https:\/\/archive.cafe.crea.ca\/wp-content\/uploads\/2020\/08\/4-768x444.jpg 768w\" sizes=\"(max-width: 896px) 100vw, 896px\" \/><\/figure>\n\n\n\n<p>Quand la COVID-19 a boulevers\u00e9 le monde, ma fille de 24&nbsp;ans a d\u00fb\nrentrer d\u2019Europe, o\u00f9 elle se produisait avec la troupe du Cirque du Soleil. Il\nlui fallait un partenaire de randonn\u00e9e pour garder la forme. Je me suis donc\nmis \u00e0 marcher de deux \u00e0 trois heures chaque matin avec elle. J\u2019ai pass\u00e9 de bons\nmoments avec ma fille tout en d\u00e9couvrant les grands espaces de notre belle\nColombie-Britannique.&nbsp;<\/p>\n\n\n\n<h2 class=\"wp-block-heading\"><strong>Steven&nbsp;Bobiash \u2013&nbsp;Administrateur r\u00e9gional (Saskatchewan)<\/strong><\/h2>\n\n\n\n<figure class=\"wp-block-image\"><img loading=\"lazy\" decoding=\"async\" width=\"896\" height=\"518\" src=\"https:\/\/archive.cafe.crea.ca\/wp-content\/uploads\/2020\/08\/1.jpg\" alt=\"\" class=\"wp-image-35364\" srcset=\"https:\/\/archive.cafe.crea.ca\/wp-content\/uploads\/2020\/08\/1.jpg 896w, https:\/\/archive.cafe.crea.ca\/wp-content\/uploads\/2020\/08\/1-768x444.jpg 768w\" sizes=\"(max-width: 896px) 100vw, 896px\" \/><\/figure>\n\n\n\n<p>Une t\u00e2che,\nqui s\u2019est transform\u00e9e en passe-temps que j\u2019ai surnomm\u00e9 \u00ab&nbsp;le ramassage zen\ndes pommes de conif\u00e8re&nbsp;\u00bb. Deux grandes \u00e9pinettes poussent devant notre\nmaison, et le vent en fait tomber les pommes au sol. C\u2019est agr\u00e9able de faire une\npause pour aller les ramasser. M\u00eame si on fait un excellent travail, il sera \u00e0\nrecommencer au prochain coup de vent.<\/p>\n\n\n\n<p>J\u2019ai grandi\nsur une ferme. J\u2019adore l\u2019odeur de la terre fra\u00eechement retourn\u00e9e au printemps.\nAvec tous les bouleversements qu\u2019a caus\u00e9s la COVID-19, je suis reconnaissant\nd\u2019avoir pu observer la nature, d\u2019avoir vu les semences germer et les plantes\ngrandir. Potagers, jardins et fleurs m\u2019ont certainement aid\u00e9 \u00e0 garder les pieds\nsur terre! M\u00eame si on est occup\u00e9, il faut prendre le temps de profiter de ces\nbonheurs.&nbsp;<\/p>\n\n\n\n<p>Quel passe-temps\navez-vous d\u00e9couvert durant la pand\u00e9mie? Faites-nous-en part dans la section\nCommentaires.<\/p>\n\n\n\n<p><em>Restez au fait&nbsp;: visitez notre page de ressources <a rel=\"noreferrer noopener\" aria-label=\" (opens in a new tab)\" href=\"https:\/\/www.crea.ca\/fr\/what-realtors-should-know-about-covid-19\/\" target=\"_blank\">Ce que les courtiers et agents devraient savoir au sujet de la COVID-19<\/a> et faites conna\u00eetre notre <a href=\"https:\/\/www.realtor.ca\/blogue\/cat%C3%A9gorie\/3197\/covid-19\/page\/1\" target=\"_blank\" rel=\"noreferrer noopener\" aria-label=\" (opens in a new tab)\">centre d\u2019informations sur la COVID-19<\/a> \u00e0 vos clients. <\/em><\/p>\n","protected":false},"excerpt":{"rendered":"<p>Quand la pand\u00e9mie de la COVID-19 a \u00e9t\u00e9 d\u00e9clar\u00e9e plus t\u00f4t cette ann\u00e9e, les autorit\u00e9s de sant\u00e9 publique ont impos\u00e9 des mesures de distanciation physique, et la majeure partie de l\u2019\u00e9conomie du Canada a \u00e9t\u00e9 mise \u00e0 l\u2019arr\u00eat. Les semaines de confinement se transformant en mois, bien des gens ont cherch\u00e9 des fa\u00e7ons de s\u2019occuper. &hellip; <a href=\"https:\/\/archive.cafe.crea.ca\/fr\/comment-les-administrateurs-de-laci-se-sont-ils-occupes-pendant-la-pandemie\/\" class=\"more-link\">Continue reading <span class=\"screen-reader-text\">Comment les administrateurs de l\u2019ACI se sont-ils occup\u00e9s pendant la pand\u00e9mie?<\/span><\/a><\/p>\n","protected":false},"author":123,"featured_media":35404,"comment_status":"open","ping_status":"open","sticky":false,"template":"","format":"standard","meta":{"footnotes":""},"categories":[2372],"tags":[2378],"coauthors":[2383],"class_list":["post-35375","post","type-post","status-publish","format-standard","has-post-thumbnail","hentry","category-divers","tag-featured"],"aioseo_notices":[],"_links":{"self":[{"href":"https:\/\/archive.cafe.crea.ca\/fr\/wp-json\/wp\/v2\/posts\/35375"}],"collection":[{"href":"https:\/\/archive.cafe.crea.ca\/fr\/wp-json\/wp\/v2\/posts"}],"about":[{"href":"https:\/\/archive.cafe.crea.ca\/fr\/wp-json\/wp\/v2\/types\/post"}],"author":[{"embeddable":true,"href":"https:\/\/archive.cafe.crea.ca\/fr\/wp-json\/wp\/v2\/users\/123"}],"replies":[{"embeddable":true,"href":"https:\/\/archive.cafe.crea.ca\/fr\/wp-json\/wp\/v2\/comments?post=35375"}],"version-history":[{"count":2,"href":"https:\/\/archive.cafe.crea.ca\/fr\/wp-json\/wp\/v2\/posts\/35375\/revisions"}],"predecessor-version":[{"id":35405,"href":"https:\/\/archive.cafe.crea.ca\/fr\/wp-json\/wp\/v2\/posts\/35375\/revisions\/35405"}],"wp:featuredmedia":[{"embeddable":true,"href":"https:\/\/archive.cafe.crea.ca\/fr\/wp-json\/wp\/v2\/media\/35404"}],"wp:attachment":[{"href":"https:\/\/archive.cafe.crea.ca\/fr\/wp-json\/wp\/v2\/media?parent=35375"}],"wp:term":[{"taxonomy":"category","embeddable":true,"href":"https:\/\/archive.cafe.crea.ca\/fr\/wp-json\/wp\/v2\/categories?post=35375"},{"taxonomy":"post_tag","embeddable":true,"href":"https:\/\/archive.cafe.crea.ca\/fr\/wp-json\/wp\/v2\/tags?post=35375"},{"taxonomy":"author","embeddable":true,"href":"https:\/\/archive.cafe.crea.ca\/fr\/wp-json\/wp\/v2\/coauthors?post=35375"}],"curies":[{"name":"wp","href":"https:\/\/api.w.org\/{rel}","templated":true}]}}