{"id":35313,"date":"2020-08-04T13:18:37","date_gmt":"2020-08-04T17:18:37","guid":{"rendered":"https:\/\/archive.cafe.crea.ca\/?p=35313"},"modified":"2020-08-06T08:02:59","modified_gmt":"2020-08-06T12:02:59","slug":"record-de-visites-sur-realtor-ca-en-juin","status":"publish","type":"post","link":"https:\/\/archive.cafe.crea.ca\/fr\/record-de-visites-sur-realtor-ca-en-juin\/","title":{"rendered":"Record de visites sur REALTOR.ca en juin"},"content":{"rendered":"\n<p><\/p>\n\n\n\n<p>La plupart des Canadiens se souviennent d\u2019o\u00f9 ils \u00e9taient le vendredi 13&nbsp;mars. Pour beaucoup d\u2019entre eux, c\u2019\u00e9tait la derni\u00e8re journ\u00e9e \u00ab&nbsp;normale&nbsp;\u00bb avant que le monde entier soit confin\u00e9 pour freiner la propagation rapide du coronavirus.<\/p>\n\n\n\n<p>Que ce soit\npour l\u2019achat de papier de toilette ou la perception d\u2019un revenu, les Canadiens\nont vu tous les aspects de leur vie boulevers\u00e9s.<\/p>\n\n\n\n<p>L\u2019avenir s\u2019annon\u00e7ait\nsombre aussi pour les courtiers et agents immobiliers, qui se demandaient en\nquoi les directives de sant\u00e9 publique influenceraient leurs activit\u00e9s et la\ncapacit\u00e9 des Canadiens \u00e0 acheter et \u00e0 vendre des propri\u00e9t\u00e9s.<\/p>\n\n\n\n<p>L\u2019ACI a\nm\u00eame suspendu ses pr\u00e9visions trimestrielles; il nous \u00e9tait presque impossible\nde pr\u00e9voir la r\u00e9action des march\u00e9s \u00e0 ce qu\u2019on qualifiait g\u00e9n\u00e9ralement de\ncirconstances jamais vues dans l\u2019histoire de l\u2019humanit\u00e9.<\/p>\n\n\n\n<p>Nous voici\n\u00e0 la fin juillet, et nos derniers chiffres sont sup\u00e9rieurs \u00e0 la normale&nbsp;: <strong>les\nvisites sur REALTOR.ca ont atteint un record.<\/strong><\/p>\n\n\n\n<p>La COVID-19 ayant retard\u00e9 la hausse habituelle des activit\u00e9s au printemps, l\u2019achalandage sur <a href=\"https:\/\/www.realtor.ca\/fr\">REALTOR.ca<\/a> a connu des sommets cet \u00e9t\u00e9, enregistrant sa croissance cumulative annuelle la plus solide en juin gr\u00e2ce \u00e0 une <strong>augmentation de 42&nbsp;% des visiteurs uniques<\/strong>.<\/p>\n\n\n\n<figure class=\"wp-block-image\"><img loading=\"lazy\" decoding=\"async\" width=\"1336\" height=\"688\" src=\"https:\/\/archive.cafe.crea.ca\/wp-content\/uploads\/2020\/08\/Immobilier-visiteurs-uniques.jpg\" alt=\"\" class=\"wp-image-35330\" srcset=\"https:\/\/archive.cafe.crea.ca\/wp-content\/uploads\/2020\/08\/Immobilier-visiteurs-uniques.jpg 1336w, https:\/\/archive.cafe.crea.ca\/wp-content\/uploads\/2020\/08\/Immobilier-visiteurs-uniques-768x395.jpg 768w, https:\/\/archive.cafe.crea.ca\/wp-content\/uploads\/2020\/08\/Immobilier-visiteurs-uniques-1109x571.jpg 1109w\" sizes=\"(max-width: 1336px) 100vw, 1336px\" \/><\/figure>\n\n\n\n<p>Bien s\u00fbr,\nces donn\u00e9es refl\u00e8tent l\u2019assouplissement des directives de distanciation\nphysique \u00e0 l\u2019\u00e9chelle du pays ces derniers mois.<\/p>\n\n\n\n<p>\u00ab&nbsp;Par\nrapport \u00e0 avril&nbsp;2020, les ventes ont augment\u00e9 de 150&nbsp;%, et de 15&nbsp;%\ncomparativement \u00e0 juin&nbsp;2019. Bien que les r\u00e9sultats de juin soient revenus\n\u00e0 des niveaux normaux, le march\u00e9 de l\u2019habitation, tout comme notre mode de vie\nd\u2019ailleurs, demeure incertain&nbsp;\u00bb, explique Shaun&nbsp;Cathcart, \u00e9conomiste\nprincipal, dans l\u2019\u00e9tat mensuel des march\u00e9s de l\u2019ACI. \u00ab&nbsp;Une grande\nincertitude plane sur le reste de l\u2019ann\u00e9e, mais les analyses quotidiennes\nr\u00e9v\u00e8lent que les r\u00e9sultats de juillet seront, pour le moindre, meilleurs que\nceux de juin.&nbsp;\u00bb<\/p>\n\n\n\n<p>Si cette\nhausse peut en partie \u00eatre caus\u00e9e par les nombreux Canadiens qui ont \u00e9t\u00e9 forc\u00e9s\nde reporter l\u2019achat d\u2019une propri\u00e9t\u00e9, elle est aussi attribuable \u00e0 la vitesse\navec laquelle l\u2019ACI s\u2019est s\u2019adapt\u00e9e, promouvant un processus virtuel et sans\ncontact et donnant aux courtiers et aux agents les moyens de poursuivre leurs\nactivit\u00e9s, quoique de fa\u00e7on modifi\u00e9e. <\/p>\n\n\n\n<p>Quelques\nsemaines apr\u00e8s le d\u00e9but du confinement, <a href=\"https:\/\/www.crea.ca\/fr\/what-realtors-should-know-about-covid-19\/\">l\u2019ACI avait \u00e9labor\u00e9 un plan de match\npour la COVID-19<\/a> et ajout\u00e9 aux inscriptions sur REALTOR.ca une section tr\u00e8s visible\npromouvant les visites virtuelles et les diffusions en direct.<\/p>\n\n\n\n<p>Depuis le lancement de cette fonctionnalit\u00e9<strong>, <\/strong>plus de 2 500 courtiers et agents ont r\u00e9alis\u00e9 au-del\u00e0 de 18 000 visites libres diffus\u00e9es en direct. Les courtiers et agents ajoutent \u00e9galement plus de vid\u00e9os, de visites virtuelles en 3D et de plans d\u2019\u00e9tage, donnant ainsi aux clients un acc\u00e8s aux propri\u00e9t\u00e9s dans ce contexte hors norme.<\/p>\n\n\n\n<p>Pour l\u2019avenir\npr\u00e9visible, cette approche misant sur les solutions virtuelles promet de\ncro\u00eetre tandis que les Canadiens s\u2019adaptent \u00e0 leur nouvelle r\u00e9alit\u00e9. REALTOR.ca\ndemeure la plateforme immobili\u00e8re la plus populaire au Canada*, et continue de\nse distinguer de ses concurrents. <strong>Le site a vu sa part de march\u00e9 en ligne passer\nde 30,64&nbsp;% en janvier \u00e0 41,32&nbsp;% en juin<\/strong>.<\/p>\n\n\n\n<p>S\u2019il est\nencore difficile de pr\u00e9voir l\u2019avenir, celui-ci semble n\u00e9anmoins plus prometteur\nqu\u2019en mars dernier. Bien entendu, la priorit\u00e9 absolue de l\u2019ACI demeure de s\u2019assurer\nque ses courtiers et agents peuvent poursuivre leurs activit\u00e9s en toute\ns\u00e9curit\u00e9. Peu importe les obstacles qui se posent, l\u2019ACI s\u2019emploie toujours en\ncoulisse \u00e0 les aplanir pour vous.<\/p>\n\n\n\n<p>Consultez\nr\u00e9guli\u00e8rement le Caf\u00e9 ACI et vos courriels pour ne manquer aucune nouvelle de l\u2019ACI.<\/p>\n\n\n\n<p>*Comscore,\n2020<\/p>\n","protected":false},"excerpt":{"rendered":"<p>La plupart des Canadiens se souviennent d\u2019o\u00f9 ils \u00e9taient le vendredi 13&nbsp;mars. Pour beaucoup d\u2019entre eux, c\u2019\u00e9tait la derni\u00e8re journ\u00e9e \u00ab&nbsp;normale&nbsp;\u00bb avant que le monde entier soit confin\u00e9 pour freiner la propagation rapide du coronavirus. Que ce soit pour l\u2019achat de papier de toilette ou la perception d\u2019un revenu, les Canadiens ont vu tous les &hellip; <a href=\"https:\/\/archive.cafe.crea.ca\/fr\/record-de-visites-sur-realtor-ca-en-juin\/\" class=\"more-link\">Continue reading <span class=\"screen-reader-text\">Record de visites sur REALTOR.ca en juin<\/span><\/a><\/p>\n","protected":false},"author":11,"featured_media":35322,"comment_status":"open","ping_status":"open","sticky":false,"template":"","format":"standard","meta":{"footnotes":""},"categories":[2366],"tags":[2378],"coauthors":[2178],"class_list":["post-35313","post","type-post","status-publish","format-standard","has-post-thumbnail","hentry","category-nouvelles-de-laci","tag-featured"],"aioseo_notices":[],"_links":{"self":[{"href":"https:\/\/archive.cafe.crea.ca\/fr\/wp-json\/wp\/v2\/posts\/35313"}],"collection":[{"href":"https:\/\/archive.cafe.crea.ca\/fr\/wp-json\/wp\/v2\/posts"}],"about":[{"href":"https:\/\/archive.cafe.crea.ca\/fr\/wp-json\/wp\/v2\/types\/post"}],"author":[{"embeddable":true,"href":"https:\/\/archive.cafe.crea.ca\/fr\/wp-json\/wp\/v2\/users\/11"}],"replies":[{"embeddable":true,"href":"https:\/\/archive.cafe.crea.ca\/fr\/wp-json\/wp\/v2\/comments?post=35313"}],"version-history":[{"count":4,"href":"https:\/\/archive.cafe.crea.ca\/fr\/wp-json\/wp\/v2\/posts\/35313\/revisions"}],"predecessor-version":[{"id":35332,"href":"https:\/\/archive.cafe.crea.ca\/fr\/wp-json\/wp\/v2\/posts\/35313\/revisions\/35332"}],"wp:featuredmedia":[{"embeddable":true,"href":"https:\/\/archive.cafe.crea.ca\/fr\/wp-json\/wp\/v2\/media\/35322"}],"wp:attachment":[{"href":"https:\/\/archive.cafe.crea.ca\/fr\/wp-json\/wp\/v2\/media?parent=35313"}],"wp:term":[{"taxonomy":"category","embeddable":true,"href":"https:\/\/archive.cafe.crea.ca\/fr\/wp-json\/wp\/v2\/categories?post=35313"},{"taxonomy":"post_tag","embeddable":true,"href":"https:\/\/archive.cafe.crea.ca\/fr\/wp-json\/wp\/v2\/tags?post=35313"},{"taxonomy":"author","embeddable":true,"href":"https:\/\/archive.cafe.crea.ca\/fr\/wp-json\/wp\/v2\/coauthors?post=35313"}],"curies":[{"name":"wp","href":"https:\/\/api.w.org\/{rel}","templated":true}]}}