{"id":35051,"date":"2020-07-09T10:06:03","date_gmt":"2020-07-09T14:06:03","guid":{"rendered":"https:\/\/archive.cafe.crea.ca\/?p=35051"},"modified":"2020-07-10T12:05:10","modified_gmt":"2020-07-10T16:05:10","slug":"cinq-projets-que-vous-pouvez-realiser-chez-vous-cet-ete","status":"publish","type":"post","link":"https:\/\/archive.cafe.crea.ca\/fr\/cinq-projets-que-vous-pouvez-realiser-chez-vous-cet-ete\/","title":{"rendered":"Cinq projets que vous pouvez r\u00e9aliser chez vous cet \u00e9t\u00e9"},"content":{"rendered":"\n<p>Le soleil\nbrille, les oiseaux chantent et vous\u2026 cherchez des activit\u00e9s int\u00e9ressantes.<\/p>\n\n\n\n<p>Alors que\nla pand\u00e9mie de la COVID-19 continue de changer la fa\u00e7on dont les gens\ninteragissent, nous savons que vous passez probablement plus de temps \u00e0 la\nmaison.<\/p>\n\n\n\n<p>Pourquoi ne\npas profiter de cette occasion pour r\u00e9aliser un projet de r\u00e9novation chez vous?<\/p>\n\n\n\n<p>Si vous \u00eates en panne d\u2019inspiration, nous vous sugg\u00e9rons cinq&nbsp;projets que vous pourrez r\u00e9aliser durant vos temps libres cet \u00e9t\u00e9. Ils se trouvent au <em><a rel=\"noreferrer noopener\" aria-label=\" (opens in a new tab)\" href=\"https:\/\/www.realtor.ca\/blogue\" target=\"_blank\">Salon<\/a><\/em><a rel=\"noreferrer noopener\" aria-label=\" (opens in a new tab)\" href=\"https:\/\/www.realtor.ca\/blogue\" target=\"_blank\"> de REALTOR.ca<\/a>, votre r\u00e9f\u00e9rence pour tout ce qui touche au foyer. De plus, le contenu du site est id\u00e9al \u00e0 partager avec vos clients.<\/p>\n\n\n\n<figure class=\"wp-block-image\"><a href=\"https:\/\/twitter.com\/REALTORpointca\" target=\"_blank\" rel=\"noreferrer noopener\"><img loading=\"lazy\" decoding=\"async\" width=\"30\" height=\"30\" src=\"https:\/\/archive.cafe.crea.ca\/wp-content\/uploads\/2020\/06\/d8cf45ad-806c-4e20-832e-7f697f339eaa.png\" alt=\"\" class=\"wp-image-34884\"\/><\/a><\/figure>\n\n\n\n<figure class=\"wp-block-image\"><a href=\"https:\/\/www.instagram.com\/realtorpointca\/\" target=\"_blank\" rel=\"noreferrer noopener\"><img loading=\"lazy\" decoding=\"async\" width=\"30\" height=\"30\" src=\"https:\/\/archive.cafe.crea.ca\/wp-content\/uploads\/2020\/06\/56f53b46-506f-4287-a626-41bd011c6081.jpg\" alt=\"\" class=\"wp-image-34880\"\/><\/a><\/figure>\n\n\n\n<figure class=\"wp-block-image\"><a href=\"https:\/\/www.facebook.com\/realtordotca\/\" target=\"_blank\" rel=\"noreferrer noopener\"><img loading=\"lazy\" decoding=\"async\" width=\"30\" height=\"30\" src=\"https:\/\/archive.cafe.crea.ca\/wp-content\/uploads\/2020\/06\/7ed6ce96-9dc1-49c8-aac5-ef9424ca0740.png\" alt=\"\" class=\"wp-image-34878\"\/><\/a><\/figure>\n\n\n\n<figure class=\"wp-block-image\"><img loading=\"lazy\" decoding=\"async\" width=\"3733\" height=\"2158\" src=\"https:\/\/archive.cafe.crea.ca\/wp-content\/uploads\/2020\/07\/CREA-Cafe-blog_896x518_1.jpg\" alt=\"\" class=\"wp-image-35095\" srcset=\"https:\/\/archive.cafe.crea.ca\/wp-content\/uploads\/2020\/07\/CREA-Cafe-blog_896x518_1.jpg 3733w, https:\/\/archive.cafe.crea.ca\/wp-content\/uploads\/2020\/07\/CREA-Cafe-blog_896x518_1-768x444.jpg 768w, https:\/\/archive.cafe.crea.ca\/wp-content\/uploads\/2020\/07\/CREA-Cafe-blog_896x518_1-988x571.jpg 988w\" sizes=\"(max-width: 3733px) 100vw, 3733px\" \/><\/figure>\n\n\n\n<h2 class=\"wp-block-heading\"><strong>La d\u00e9coration des\nsportifs<\/strong><\/h2>\n\n\n\n<p>\u00cates-vous du type sportif et vivez-vous dans un condo, un appartement ou un loft? Si oui, nous savons qu\u2019il n\u2019est pas toujours \u00e9vident de trouver l\u2019espace de rangement pour tout votre \u00e9quipement de sport. La solution? L\u2019int\u00e9grer \u00e0 votre d\u00e9cor. Qu\u2019il s\u2019agisse d\u2019un v\u00e9lo, de skis, d\u2019une planche de surf ou d\u2019une planche \u00e0 roulettes, <a href=\"https:\/\/www.realtor.ca\/blogue\/pagedelarticle\/10721\/1374\/la-d%C3%A9coration-des-sportifs\" target=\"_blank\" rel=\"noreferrer noopener\" aria-label=\" (opens in a new tab)\">nous avons des suggestions pour vous<\/a>.<\/p>\n\n\n\n<figure class=\"wp-block-image\"><img loading=\"lazy\" decoding=\"async\" width=\"3733\" height=\"2158\" src=\"https:\/\/archive.cafe.crea.ca\/wp-content\/uploads\/2020\/07\/CREA-Cafe-blog_896x5184_4.jpg\" alt=\"\" class=\"wp-image-35097\" srcset=\"https:\/\/archive.cafe.crea.ca\/wp-content\/uploads\/2020\/07\/CREA-Cafe-blog_896x5184_4.jpg 3733w, https:\/\/archive.cafe.crea.ca\/wp-content\/uploads\/2020\/07\/CREA-Cafe-blog_896x5184_4-768x444.jpg 768w, https:\/\/archive.cafe.crea.ca\/wp-content\/uploads\/2020\/07\/CREA-Cafe-blog_896x5184_4-988x571.jpg 988w\" sizes=\"(max-width: 3733px) 100vw, 3733px\" \/><\/figure>\n\n\n\n<h2 class=\"wp-block-heading\">Tissu cir\u00e9 \u00e9colo pour emballer les\naliments<\/h2>\n\n\n\n<p>Les pellicules de plastique traditionnelles ne sont pas recyclables. Alors, si vous avez adopt\u00e9 un mode de vie z\u00e9ro d\u00e9chet ou aspirez \u00e0 le faire, vous devez trouver des solutions de rechange \u00e9cologiques. <a href=\"https:\/\/www.realtor.ca\/blogue\/pagedelarticle\/8484\/1374\/tissu-cir%C3%A9-%C3%A9colo-pour-emballer-les-aliments\" target=\"_blank\" rel=\"noreferrer noopener\" aria-label=\" (opens in a new tab)\">Voici deux&nbsp;m\u00e9thodes pour fabriquer du tissu cir\u00e9 \u00e9colo pour emballer les aliments<\/a>.<\/p>\n\n\n\n<figure class=\"wp-block-image\"><img loading=\"lazy\" decoding=\"async\" width=\"3733\" height=\"2158\" src=\"https:\/\/archive.cafe.crea.ca\/wp-content\/uploads\/2020\/07\/CREA-Cafe-blog_896x5188_8.jpg\" alt=\"\" class=\"wp-image-35099\" srcset=\"https:\/\/archive.cafe.crea.ca\/wp-content\/uploads\/2020\/07\/CREA-Cafe-blog_896x5188_8.jpg 3733w, https:\/\/archive.cafe.crea.ca\/wp-content\/uploads\/2020\/07\/CREA-Cafe-blog_896x5188_8-768x444.jpg 768w, https:\/\/archive.cafe.crea.ca\/wp-content\/uploads\/2020\/07\/CREA-Cafe-blog_896x5188_8-988x571.jpg 988w\" sizes=\"(max-width: 3733px) 100vw, 3733px\" \/><\/figure>\n\n\n\n<h2 class=\"wp-block-heading\">Fabriquer un terrarium \u00e0 la maison<\/h2>\n\n\n\n<p>Si vous souhaitez faire pousser des plantes \u00e0 l\u2019int\u00e9rieur mais que votre pouce n\u2019est pas assez vert, fabriquez un terrarium. <a href=\"https:\/\/www.realtor.ca\/blogue\/pagedelarticle\/2177\/1374\/projet-bricolage-fabriquer-un-terrarium-%C3%A0-la-maison-avec-%C3%A9lisa-fournier\" target=\"_blank\" rel=\"noreferrer noopener\" aria-label=\" (opens in a new tab)\">Voici un tutoriel qui vous montre<\/a>, \u00e9tape par \u00e9tape, comment le r\u00e9aliser \u00e0 la maison.<\/p>\n\n\n\n<figure class=\"wp-block-image\"><img loading=\"lazy\" decoding=\"async\" width=\"3733\" height=\"2158\" src=\"https:\/\/archive.cafe.crea.ca\/wp-content\/uploads\/2020\/07\/CREA-Cafe-blog_896x5183_3.jpg\" alt=\"\" class=\"wp-image-35090\" srcset=\"https:\/\/archive.cafe.crea.ca\/wp-content\/uploads\/2020\/07\/CREA-Cafe-blog_896x5183_3.jpg 3733w, https:\/\/archive.cafe.crea.ca\/wp-content\/uploads\/2020\/07\/CREA-Cafe-blog_896x5183_3-768x444.jpg 768w, https:\/\/archive.cafe.crea.ca\/wp-content\/uploads\/2020\/07\/CREA-Cafe-blog_896x5183_3-988x571.jpg 988w\" sizes=\"(max-width: 3733px) 100vw, 3733px\" \/><\/figure>\n\n\n\n<h2 class=\"wp-block-heading\"><strong>Am\u00e9nager\nun espace d\u2019exercice<\/strong><\/h2>\n\n\n\n<p>Vous avez peut-\u00eatre commenc\u00e9 \u00e0 vous entra\u00eener dans le salon lorsque les salles de sport ont ferm\u00e9 en raison de la pand\u00e9mie de la COVID-19. Ne serait-il pas agr\u00e9able d\u2019avoir un espace d\u00e9di\u00e9 pour vos s\u00e9ances d\u2019exercice? Si vous avez de la place, amenez votre r\u00e9gime de remise en forme au niveau sup\u00e9rieur et concevez le coin d\u2019entra\u00eenement id\u00e9al. <a href=\"https:\/\/www.realtor.ca\/blogue\/pagedelarticle\/7293\/1370\/un-gym-%C3%A0-la-maison-une-r%C3%A9solution-sant%C3%A9-\" target=\"_blank\" rel=\"noreferrer noopener\" aria-label=\" (opens in a new tab)\">Voici quelques points \u00e0 retenir avant de commencer \u00e0 soulever des charges lourdes.<\/a><\/p>\n\n\n\n<h2 class=\"wp-block-heading\">Mettre de l\u2019ordre dans le garage<\/h2>\n\n\n\n<p>Votre garage n\u2019est pas qu\u2019un abri o\u00f9 garer votre voiture. C\u2019est aussi un espace de rangement. Et il est possible que le d\u00e9sordre y r\u00e8gne. <a href=\"https:\/\/www.realtor.ca\/blogue\/pagedelarticle\/3499\/1370\/comment-mettre-de-l%E2%80%99ordre-dans-le-garage\" target=\"_blank\" rel=\"noreferrer noopener\" aria-label=\" (opens in a new tab)\">Nous vous proposons donc des solutions pour rendre<\/a> ce lieu efficace, des outils indispensables et des conseils pour transformer votre garage en l\u2019espace de vos r\u00eaves.<\/p>\n\n\n\n<p>Quel projet\nentamerez-vous en premier? Inscrivez vos r\u00e9ponses dans la section des commentaires.<\/p>\n","protected":false},"excerpt":{"rendered":"<p>Le soleil brille, les oiseaux chantent et vous\u2026 cherchez des activit\u00e9s int\u00e9ressantes. Alors que la pand\u00e9mie de la COVID-19 continue de changer la fa\u00e7on dont les gens interagissent, nous savons que vous passez probablement plus de temps \u00e0 la maison. Pourquoi ne pas profiter de cette occasion pour r\u00e9aliser un projet de r\u00e9novation chez vous? &hellip; <a href=\"https:\/\/archive.cafe.crea.ca\/fr\/cinq-projets-que-vous-pouvez-realiser-chez-vous-cet-ete\/\" class=\"more-link\">Continue reading <span class=\"screen-reader-text\">Cinq projets que vous pouvez r\u00e9aliser chez vous cet \u00e9t\u00e9<\/span><\/a><\/p>\n","protected":false},"author":123,"featured_media":35047,"comment_status":"open","ping_status":"open","sticky":false,"template":"","format":"standard","meta":{"footnotes":""},"categories":[2372],"tags":[2378],"coauthors":[2383],"class_list":["post-35051","post","type-post","status-publish","format-standard","has-post-thumbnail","hentry","category-divers","tag-featured"],"aioseo_notices":[],"_links":{"self":[{"href":"https:\/\/archive.cafe.crea.ca\/fr\/wp-json\/wp\/v2\/posts\/35051"}],"collection":[{"href":"https:\/\/archive.cafe.crea.ca\/fr\/wp-json\/wp\/v2\/posts"}],"about":[{"href":"https:\/\/archive.cafe.crea.ca\/fr\/wp-json\/wp\/v2\/types\/post"}],"author":[{"embeddable":true,"href":"https:\/\/archive.cafe.crea.ca\/fr\/wp-json\/wp\/v2\/users\/123"}],"replies":[{"embeddable":true,"href":"https:\/\/archive.cafe.crea.ca\/fr\/wp-json\/wp\/v2\/comments?post=35051"}],"version-history":[{"count":5,"href":"https:\/\/archive.cafe.crea.ca\/fr\/wp-json\/wp\/v2\/posts\/35051\/revisions"}],"predecessor-version":[{"id":35101,"href":"https:\/\/archive.cafe.crea.ca\/fr\/wp-json\/wp\/v2\/posts\/35051\/revisions\/35101"}],"wp:featuredmedia":[{"embeddable":true,"href":"https:\/\/archive.cafe.crea.ca\/fr\/wp-json\/wp\/v2\/media\/35047"}],"wp:attachment":[{"href":"https:\/\/archive.cafe.crea.ca\/fr\/wp-json\/wp\/v2\/media?parent=35051"}],"wp:term":[{"taxonomy":"category","embeddable":true,"href":"https:\/\/archive.cafe.crea.ca\/fr\/wp-json\/wp\/v2\/categories?post=35051"},{"taxonomy":"post_tag","embeddable":true,"href":"https:\/\/archive.cafe.crea.ca\/fr\/wp-json\/wp\/v2\/tags?post=35051"},{"taxonomy":"author","embeddable":true,"href":"https:\/\/archive.cafe.crea.ca\/fr\/wp-json\/wp\/v2\/coauthors?post=35051"}],"curies":[{"name":"wp","href":"https:\/\/api.w.org\/{rel}","templated":true}]}}