{"id":34900,"date":"2020-07-02T10:00:13","date_gmt":"2020-07-02T14:00:13","guid":{"rendered":"https:\/\/archive.cafe.crea.ca\/?p=34900"},"modified":"2020-07-06T16:31:46","modified_gmt":"2020-07-06T20:31:46","slug":"avez-vous-entendu-la-nouvelle-le-magazine-en-direct-est-en-ligne","status":"publish","type":"post","link":"https:\/\/archive.cafe.crea.ca\/fr\/avez-vous-entendu-la-nouvelle-le-magazine-en-direct-est-en-ligne\/","title":{"rendered":"Avez-vous entendu la nouvelle? Le magazine EN DIRECT est en ligne"},"content":{"rendered":"\n<p>Le\nquotidien d\u2019un courtier ou agent peut devenir charg\u00e9 et, parfois, de\nl\u2019information qui est importante pour vous et pour votre entreprise se perd\ndans ce tourbillon d\u2019activit\u00e9s. Pour cette raison, nous avons entrepris la\nmission de vous aider \u00e0 demeurer inform\u00e9s des tendances du secteur.<\/p>\n\n\n\n<p>En\nmars&nbsp;2020, nous avons officiellement lanc\u00e9 notre magazine, <em>EN DIRECT<\/em>,\ncon\u00e7u pour vous aider \u00e0 d\u00e9velopper votre entreprise et vous offrir des\ninformations utiles sur le march\u00e9 immobilier.<\/p>\n\n\n\n<p>\u00ab&nbsp;Notre vision pour notre\nnouveau magazine, <em>EN DIRECT<\/em>, est simple&nbsp;: favoriser la croissance\nde votre entreprise&nbsp;\u00bb, dit Michael&nbsp;Bourque, chef de la direction de\nl\u2019ACI. \u00ab&nbsp;Notre magazine trimestriel, qui abordera trois th\u00e8mes principaux\n\u2013&nbsp;les affaires, le secteur de l\u2019immobilier et le foyer&nbsp;\u2013, se veut une\nressource informative et \u00e9ducative facile \u00e0 lire. Qu\u2019il s\u2019agisse de conseils ou\nde renseignements sur l\u2019utilisation de REALTOR.ca ou des raisons pour\nlesquelles les partenariats du SDD<sup>MC<\/sup> augmentent la visibilit\u00e9 de vos\ninscriptions aupr\u00e8s des Canadiens, nous examinerons de plus pr\u00e8s les tendances\ndu march\u00e9 immobilier et creuserons les questions d\u2019orientation politique\ntouchant notre secteur.&nbsp;\u00bb<\/p>\n\n\n\n<p>La version imprim\u00e9e de notre magazine est envoy\u00e9e aux agences immobili\u00e8res partout au pays. Si vous n\u2019avez pas eu l\u2019occasion de le lire, aucun souci. <a rel=\"noreferrer noopener\" aria-label=\" (opens in a new tab)\" href=\"https:\/\/www.crea.ca\/fr\/realtime-magazine\/spring-edition-2020\/\" target=\"_blank\">Notre plateforme, enti\u00e8rement interactive<\/a>, est optimis\u00e9e pour la lecture sur les appareils mobiles. Vous pouvez y acc\u00e9der facilement, que vous soyez \u00e0 votre bureau ou en d\u00e9placement.<\/p>\n\n\n\n<p>Ce num\u00e9ro\naborde une foule de sujets int\u00e9ressants, dont les diff\u00e9rences entre les\nacheteurs de la g\u00e9n\u00e9ration Y et les propri\u00e9taires qui veulent acheter un\nlogement plus grand, les meilleures strat\u00e9gies d\u2019\u00e9pargne pour vos clients, et\nune pr\u00e9sentation du nouveau Centre de statistiques de l\u2019ACI. <\/p>\n\n\n\n<p>Nous avons aussi lanc\u00e9 <a href=\"https:\/\/www.crea.ca\/fr\/podcast\/\" target=\"_blank\" rel=\"noreferrer noopener\" aria-label=\" (opens in a new tab)\">un balado<\/a> du m\u00eame nom, durant lequel nous tiendrons des conversations avec des invit\u00e9s sp\u00e9ciaux dans le but de communiquer avec les courtiers et agents, les inspirer et leur donner tous les moyens de r\u00e9ussir. Ce balado est consacr\u00e9 \u00e0 tout ce qui touche l\u2019immobilier au Canada et qui influe sur notre secteur, notre profession et nos collectivit\u00e9s.<\/p>\n\n\n\n<p>Nous avons\nretenu les services de deux&nbsp;animatrices incroyables qui donneront vie \u00e0 <em>EN\nDIRECT<\/em>, tant en fran\u00e7ais qu\u2019en anglais&nbsp;: Mitsou&nbsp;G\u00e9linas,\npersonnalit\u00e9 bien connue et animatrice, et Erin&nbsp;Davis, conf\u00e9renci\u00e8re\nmotivatrice et auteure \u00e0 succ\u00e8s.<\/p>\n\n\n\n<p>\u00c9coutez les plus r\u00e9cents \u00e9pisodes d\u2019<em>EN\nDIRECT <\/em>(et de la version anglaise, <em>REAL TIME<\/em>)&nbsp;<a href=\"https:\/\/www.crea.ca\/fr\/podcast\/\" target=\"_blank\" rel=\"noreferrer noopener\">sur notre site\nWeb<\/a>&nbsp;et abonnez-vous sur la plateforme d\u2019\u00e9coute de votre choix.<\/p>\n\n\n\n<figure class=\"wp-block-embed\"><div class=\"wp-block-embed__wrapper\">\n<div style=\"width: 640px;\" class=\"wp-video\"><!--[if lt IE 9]><script>document.createElement('video');<\/script><![endif]-->\n<video class=\"wp-video-shortcode\" id=\"video-34900-1\" width=\"640\" height=\"360\" preload=\"metadata\" controls=\"controls\"><source type=\"video\/mp4\" src=\"https:\/\/archive.cafe.crea.ca\/wp-content\/uploads\/2020\/06\/CREA_Real_Time_PromoVids_Ep1_FR.mp4?_=1\" \/><a href=\"https:\/\/archive.cafe.crea.ca\/wp-content\/uploads\/2020\/06\/CREA_Real_Time_PromoVids_Ep1_FR.mp4\">https:\/\/archive.cafe.crea.ca\/wp-content\/uploads\/2020\/06\/CREA_Real_Time_PromoVids_Ep1_FR.mp4<\/a><\/video><\/div>\n<\/div><\/figure>\n\n\n\n<p>Il est plus\nimportant que jamais de maintenir nos liens. Quels sujets aimeriez-vous que\nnous abordions dans notre magazine ou notre balado? Inscrivez vos r\u00e9ponses dans\nla section des commentaires.<\/p>\n\n\n\n<p>Si vous souhaitez <a rel=\"noreferrer noopener\" aria-label=\" (opens in a new tab)\" href=\"https:\/\/www.officialmediaguide.com\/crea\/\" target=\"_blank\">publier une annonce dans le magazine <\/a><em><a rel=\"noreferrer noopener\" aria-label=\" (opens in a new tab)\" href=\"https:\/\/www.officialmediaguide.com\/crea\/\" target=\"_blank\">EN DIRECT<\/a><\/em>, veuillez communiquer avec <a href=\"mailto:amcdougall@naylor.com\" target=\"_blank\" rel=\"noreferrer noopener\" aria-label=\" (opens in a new tab)\">Angela&nbsp;McDougal<\/a> ou avec Naylor Association Solutions, au 204-975-3625, afin de cr\u00e9er une campagne publicitaire qui respectera votre budget.<\/p>\n","protected":false},"excerpt":{"rendered":"<p>Le quotidien d\u2019un courtier ou agent peut devenir charg\u00e9 et, parfois, de l\u2019information qui est importante pour vous et pour votre entreprise se perd dans ce tourbillon d\u2019activit\u00e9s. Pour cette raison, nous avons entrepris la mission de vous aider \u00e0 demeurer inform\u00e9s des tendances du secteur. En mars&nbsp;2020, nous avons officiellement lanc\u00e9 notre magazine, EN &hellip; <a href=\"https:\/\/archive.cafe.crea.ca\/fr\/avez-vous-entendu-la-nouvelle-le-magazine-en-direct-est-en-ligne\/\" class=\"more-link\">Continue reading <span class=\"screen-reader-text\">Avez-vous entendu la nouvelle? Le magazine EN DIRECT est en ligne<\/span><\/a><\/p>\n","protected":false},"author":88,"featured_media":34896,"comment_status":"open","ping_status":"open","sticky":false,"template":"","format":"standard","meta":{"footnotes":""},"categories":[2366],"tags":[2379],"coauthors":[2218],"class_list":["post-34900","post","type-post","status-publish","format-standard","has-post-thumbnail","hentry","category-nouvelles-de-laci","tag-featured-fr"],"aioseo_notices":[],"_links":{"self":[{"href":"https:\/\/archive.cafe.crea.ca\/fr\/wp-json\/wp\/v2\/posts\/34900"}],"collection":[{"href":"https:\/\/archive.cafe.crea.ca\/fr\/wp-json\/wp\/v2\/posts"}],"about":[{"href":"https:\/\/archive.cafe.crea.ca\/fr\/wp-json\/wp\/v2\/types\/post"}],"author":[{"embeddable":true,"href":"https:\/\/archive.cafe.crea.ca\/fr\/wp-json\/wp\/v2\/users\/88"}],"replies":[{"embeddable":true,"href":"https:\/\/archive.cafe.crea.ca\/fr\/wp-json\/wp\/v2\/comments?post=34900"}],"version-history":[{"count":3,"href":"https:\/\/archive.cafe.crea.ca\/fr\/wp-json\/wp\/v2\/posts\/34900\/revisions"}],"predecessor-version":[{"id":34906,"href":"https:\/\/archive.cafe.crea.ca\/fr\/wp-json\/wp\/v2\/posts\/34900\/revisions\/34906"}],"wp:featuredmedia":[{"embeddable":true,"href":"https:\/\/archive.cafe.crea.ca\/fr\/wp-json\/wp\/v2\/media\/34896"}],"wp:attachment":[{"href":"https:\/\/archive.cafe.crea.ca\/fr\/wp-json\/wp\/v2\/media?parent=34900"}],"wp:term":[{"taxonomy":"category","embeddable":true,"href":"https:\/\/archive.cafe.crea.ca\/fr\/wp-json\/wp\/v2\/categories?post=34900"},{"taxonomy":"post_tag","embeddable":true,"href":"https:\/\/archive.cafe.crea.ca\/fr\/wp-json\/wp\/v2\/tags?post=34900"},{"taxonomy":"author","embeddable":true,"href":"https:\/\/archive.cafe.crea.ca\/fr\/wp-json\/wp\/v2\/coauthors?post=34900"}],"curies":[{"name":"wp","href":"https:\/\/api.w.org\/{rel}","templated":true}]}}