{"id":34890,"date":"2020-06-30T10:00:07","date_gmt":"2020-06-30T14:00:07","guid":{"rendered":"https:\/\/archive.cafe.crea.ca\/?p=34890"},"modified":"2020-07-06T16:11:32","modified_gmt":"2020-07-06T20:11:32","slug":"aider-les-consommateurs-a-comprendre-le-marche-de-lhabitation-pendant-la-pandemie-de-la-covid-19","status":"publish","type":"post","link":"https:\/\/archive.cafe.crea.ca\/fr\/aider-les-consommateurs-a-comprendre-le-marche-de-lhabitation-pendant-la-pandemie-de-la-covid-19\/","title":{"rendered":"Aider les consommateurs \u00e0 comprendre le march\u00e9 de l\u2019habitation pendant la pand\u00e9mie de la COVID-19"},"content":{"rendered":"\n<p>En cette p\u00e9riode sans pr\u00e9c\u00e9dent, les acheteurs et les propri\u00e9taires-vendeurs de partout au pays demeurent pr\u00e9occup\u00e9s des r\u00e9percussions \u00e0 long terme de la COVID-19 sur le march\u00e9 de l\u2019habitation. L\u2019id\u00e9e de prendre la plus importante d\u00e9cision financi\u00e8re de leur vie, alors que de nombreuses incertitudes subsistent sur le march\u00e9 actuel, met plusieurs Canadiens dans une position difficile \u2013 ils ne savent pas s\u2019ils doivent attendre ou faire un achat rapidement.<\/p>\n\n\n\n<p>Pour que vos clients et vous puissiez demeurer inform\u00e9s, nous avons analys\u00e9 les march\u00e9s de l\u2019habitation \u00e0 l\u2019\u00e9chelle du Canada; vous pourrez ainsi mieux comprendre les perspectives actuelles et planifier en cons\u00e9quence. Jetez un coup d\u2019\u0153il au Portrait du march\u00e9 de l\u2019habitation pour mai&nbsp;2020 ci-dessous&nbsp;:<\/p>\n\n\n\n<figure class=\"wp-block-image\"><img loading=\"lazy\" decoding=\"async\" width=\"1200\" height=\"1369\" src=\"https:\/\/archive.cafe.crea.ca\/wp-content\/uploads\/2020\/06\/Realtor.ca-infographic-Map-FR-1.jpg\" alt=\"\" class=\"wp-image-34891\" srcset=\"https:\/\/archive.cafe.crea.ca\/wp-content\/uploads\/2020\/06\/Realtor.ca-infographic-Map-FR-1.jpg 1200w, https:\/\/archive.cafe.crea.ca\/wp-content\/uploads\/2020\/06\/Realtor.ca-infographic-Map-FR-1-768x876.jpg 768w, https:\/\/archive.cafe.crea.ca\/wp-content\/uploads\/2020\/06\/Realtor.ca-infographic-Map-FR-1-501x571.jpg 501w\" sizes=\"(max-width: 1200px) 100vw, 1200px\" \/><\/figure>\n\n\n\n<p>Bien que certaines activit\u00e9s aient ralenti, il est difficile de d\u00e9terminer si ces changements sont temporaires ou s\u2019ils sont irr\u00e9versibles. Pour l\u2019instant, alors que les provinces et les territoires continuent de relancer leur \u00e9conomie et que la vie reprend lentement son cours, nous pouvons dire qu\u2019il s\u2019agit d\u2019un pas dans la bonne direction.<\/p>\n\n\n\n<p>Si vos clients envisagent de <a rel=\"noreferrer noopener\" aria-label=\"d\u00e9m\u00e9nager, de vendre ou d\u2019acheter (opens in a new tab)\" href=\"https:\/\/archive.cafe.crea.ca\/fr\/aider-vos-clients-a-demenager-de-facon-securitaire-durant-une-pandemie\/\" target=\"_blank\">d\u00e9m\u00e9nager, de vendre ou d\u2019acheter<\/a>, le Caf\u00e9 ACI et <a rel=\"noreferrer noopener\" aria-label=\" (opens in a new tab)\" href=\"https:\/\/www.realtor.ca\/blogue\/cat%C3%A9gorie\/3197\/covid-19\/page\/1\" target=\"_blank\">REALTOR.ca<\/a> renferment beaucoup de renseignements que vous pouvez leur transmettre. <a>Le <\/a><a href=\"https:\/\/www.crea.ca\/fr\/what-realtors-should-know-about-covid-19\/frequently-asked-questions-about-government-programs\/\" target=\"_blank\" rel=\"noreferrer noopener\" aria-label=\" (opens in a new tab)\">centre d\u2019informations sur la COVID-19<\/a> pr\u00e9sente toutes les ressources dont les courtiers et agents ont besoin au cours de la pand\u00e9mie, selon trois&nbsp;stades&nbsp;: \u00c0 vos marques, Pr\u00eats, Partez.<\/p>\n\n\n\n<p>Pour une analyse plus d\u00e9taill\u00e9e des statistiques sur le march\u00e9 de l\u2019habitation au Canada, visitez <a rel=\"noreferrer noopener\" aria-label=\" (opens in a new tab)\" href=\"https:\/\/creastats.crea.ca\/fr-CA\/\" target=\"_blank\">creastats.ca.<\/a> Consultez de plus les communiqu\u00e9s de presse dans la <a href=\"https:\/\/www.crea.ca\/newsroom\/\" target=\"_blank\" rel=\"noreferrer noopener\" aria-label=\"Salle des nouvelles de l\u2019ACI (opens in a new tab)\">Salle des nouvelles de l\u2019ACI<\/a>.<\/p>\n\n\n\n<p>Suivez-nous sur les m\u00e9dias sociaux pour plus d\u2019informations \u00e9conomiques.<\/p>\n\n\n\n<figure class=\"wp-block-image\"><a href=\"https:\/\/www.facebook.com\/CREA.ACI\/\" target=\"_blank\" rel=\"noreferrer noopener\"><img loading=\"lazy\" decoding=\"async\" width=\"30\" height=\"30\" src=\"https:\/\/archive.cafe.crea.ca\/wp-content\/uploads\/2020\/06\/7ed6ce96-9dc1-49c8-aac5-ef9424ca0740.png\" alt=\"\" class=\"wp-image-34878\"\/><\/a><\/figure>\n\n\n\n<figure class=\"wp-block-image\"><a href=\"https:\/\/www.instagram.com\/crea_aci\/\" target=\"_blank\" rel=\"noreferrer noopener\"><img loading=\"lazy\" decoding=\"async\" width=\"30\" height=\"30\" src=\"https:\/\/archive.cafe.crea.ca\/wp-content\/uploads\/2020\/06\/56f53b46-506f-4287-a626-41bd011c6081.jpg\" alt=\"\" class=\"wp-image-34880\"\/><\/a><\/figure>\n\n\n\n<figure class=\"wp-block-image\"><a href=\"https:\/\/twitter.com\/CREA_ACI\" target=\"_blank\" rel=\"noreferrer noopener\"><img loading=\"lazy\" decoding=\"async\" width=\"30\" height=\"30\" src=\"https:\/\/archive.cafe.crea.ca\/wp-content\/uploads\/2020\/06\/d8cf45ad-806c-4e20-832e-7f697f339eaa.png\" alt=\"\" class=\"wp-image-34884\"\/><\/a><\/figure>\n\n\n\n<figure class=\"wp-block-image\"><a href=\"https:\/\/www.linkedin.com\/company\/creaaci\" target=\"_blank\" rel=\"noreferrer noopener\"><img loading=\"lazy\" decoding=\"async\" width=\"30\" height=\"30\" src=\"https:\/\/archive.cafe.crea.ca\/wp-content\/uploads\/2020\/06\/aa5175c2-7ee5-4f38-899f-d4e55322c1dd.png\" alt=\"\" class=\"wp-image-34882\"\/><\/a><\/figure>\n","protected":false},"excerpt":{"rendered":"<p>En cette p\u00e9riode sans pr\u00e9c\u00e9dent, les acheteurs et les propri\u00e9taires-vendeurs de partout au pays demeurent pr\u00e9occup\u00e9s des r\u00e9percussions \u00e0 long terme de la COVID-19 sur le march\u00e9 de l\u2019habitation. L\u2019id\u00e9e de prendre la plus importante d\u00e9cision financi\u00e8re de leur vie, alors que de nombreuses incertitudes subsistent sur le march\u00e9 actuel, met plusieurs Canadiens dans une &hellip; <a href=\"https:\/\/archive.cafe.crea.ca\/fr\/aider-les-consommateurs-a-comprendre-le-marche-de-lhabitation-pendant-la-pandemie-de-la-covid-19\/\" class=\"more-link\">Continue reading <span class=\"screen-reader-text\">Aider les consommateurs \u00e0 comprendre le march\u00e9 de l\u2019habitation pendant la pand\u00e9mie de la COVID-19<\/span><\/a><\/p>\n","protected":false},"author":152,"featured_media":34887,"comment_status":"open","ping_status":"open","sticky":false,"template":"","format":"standard","meta":{"footnotes":""},"categories":[2367],"tags":[],"coauthors":[2416],"class_list":["post-34890","post","type-post","status-publish","format-standard","has-post-thumbnail","hentry","category-statistiques"],"aioseo_notices":[],"_links":{"self":[{"href":"https:\/\/archive.cafe.crea.ca\/fr\/wp-json\/wp\/v2\/posts\/34890"}],"collection":[{"href":"https:\/\/archive.cafe.crea.ca\/fr\/wp-json\/wp\/v2\/posts"}],"about":[{"href":"https:\/\/archive.cafe.crea.ca\/fr\/wp-json\/wp\/v2\/types\/post"}],"author":[{"embeddable":true,"href":"https:\/\/archive.cafe.crea.ca\/fr\/wp-json\/wp\/v2\/users\/152"}],"replies":[{"embeddable":true,"href":"https:\/\/archive.cafe.crea.ca\/fr\/wp-json\/wp\/v2\/comments?post=34890"}],"version-history":[{"count":2,"href":"https:\/\/archive.cafe.crea.ca\/fr\/wp-json\/wp\/v2\/posts\/34890\/revisions"}],"predecessor-version":[{"id":34903,"href":"https:\/\/archive.cafe.crea.ca\/fr\/wp-json\/wp\/v2\/posts\/34890\/revisions\/34903"}],"wp:featuredmedia":[{"embeddable":true,"href":"https:\/\/archive.cafe.crea.ca\/fr\/wp-json\/wp\/v2\/media\/34887"}],"wp:attachment":[{"href":"https:\/\/archive.cafe.crea.ca\/fr\/wp-json\/wp\/v2\/media?parent=34890"}],"wp:term":[{"taxonomy":"category","embeddable":true,"href":"https:\/\/archive.cafe.crea.ca\/fr\/wp-json\/wp\/v2\/categories?post=34890"},{"taxonomy":"post_tag","embeddable":true,"href":"https:\/\/archive.cafe.crea.ca\/fr\/wp-json\/wp\/v2\/tags?post=34890"},{"taxonomy":"author","embeddable":true,"href":"https:\/\/archive.cafe.crea.ca\/fr\/wp-json\/wp\/v2\/coauthors?post=34890"}],"curies":[{"name":"wp","href":"https:\/\/api.w.org\/{rel}","templated":true}]}}