{"id":34696,"date":"2020-06-02T09:51:58","date_gmt":"2020-06-02T13:51:58","guid":{"rendered":"https:\/\/archive.cafe.crea.ca\/?p=34696"},"modified":"2020-07-08T09:36:44","modified_gmt":"2020-07-08T13:36:44","slug":"ben-goheen-agent-immobilier-reprend-son-travail-de-therapeute-respiratoire-pour-lutter-contre-la-covid-19","status":"publish","type":"post","link":"https:\/\/archive.cafe.crea.ca\/fr\/ben-goheen-agent-immobilier-reprend-son-travail-de-therapeute-respiratoire-pour-lutter-contre-la-covid-19\/","title":{"rendered":"Ben Goheen, agent immobilier, reprend son travail de th\u00e9rapeute respiratoire pour lutter contre la COVID-19"},"content":{"rendered":"\n<p>Alors que le coronavirus (COVID-19) se propage rapidement \u00e0 l\u2019\u00e9chelle mondiale, infectant des millions et tuant des milliers de personnes, <a rel=\"noreferrer noopener\" aria-label=\" (opens in a new tab)\" href=\"https:\/\/www.realtor.ca\/agent\/2075186\/ben-goheen-264-front-street-belleville-ontario-k8n2z2#lastname=goheen&amp;page=1&amp;sort=3-A\" target=\"_blank\">Ben\u00a0Goheen<\/a>, agent immobilier membre de L\u2019Association canadienne de l\u2019immeuble (ACI) n\u2019a pas h\u00e9sit\u00e9 \u00e0 se joindre aux services de sant\u00e9 de premi\u00e8re ligne.<\/p>\n\n\n\n<p>M.&nbsp;Goheen, un agent de Belleville, en Ontario,\nsavait que reprendre sa carri\u00e8re de th\u00e9rapeute respiratoire \u00e9tait la bonne\nchose \u00e0 faire.<\/p>\n\n\n\n<p>\u00ab&nbsp;Je crois que les gens sont fondamentalement\nbons et qu\u2019ils ont une volont\u00e9 inn\u00e9e d\u2019aider leurs prochains. Nous ne sommes\npas tous physiquement, mentalement ou financi\u00e8rement capables d\u2019aider les\nautres, mais quand l\u2019occasion s\u2019est pr\u00e9sent\u00e9e, je savais que je pouvais aider\nles personnes qui avaient besoin de soins&nbsp;\u00bb, indique M.&nbsp;Goheen.<\/p>\n\n\n\n<p>Le th\u00e9rapeute respiratoire suit, \u00e9value et soigne les\npersonnes qui souffrent de difficult\u00e9s respiratoires \u2013 comme celles atteintes\nde la maladie respiratoire COVID-19. Il est form\u00e9 en gestion de la ventilation\net des voies respiratoires\net en oxyg\u00e9noth\u00e9rapie. Il intervient\nentre autres lors d\u2019un \u00e9lectrocardiogramme d\u2019effort, de\nl\u2019exploration fonctionnelle respiratoire, de la pr\u00e9vention des maladies\ncardiorespiratoires, de naissances \u00e0 risque \u00e9lev\u00e9 et de chirurgies.<\/p>\n\n\n\n<p>Dans la lutte contre la COVID-19, le th\u00e9rapeute respiratoire est connu comme le <a href=\"https:\/\/globalnews.ca\/news\/6857158\/coronavirus-respiratory-therapist\/\" target=\"_blank\" rel=\"noreferrer noopener\" aria-label=\" (opens in a new tab)\">secret le mieux gard\u00e9<\/a>. De fait, il y a quelques semaines, M.\u00a0Goheen avait d\u00e9cid\u00e9 de se retirer du m\u00e9tier de th\u00e9rapeute respiratoire, \u00e9changeant son uniforme m\u00e9dical contre un complet afin de se diriger vers l\u2019immobilier.<\/p>\n\n\n\n<p>M.&nbsp;Goheen explique que son cheminement pour devenir\nun professionnel de l\u2019immobilier a \u00e9t\u00e9 \u00ab&nbsp;long&nbsp;\u00bb. Il a d\u2019abord \u00e9tudi\u00e9\nquatre ans en kin\u00e9siologie avant de poursuivre le programme de\nth\u00e9rapeute respiratoire de trois ans.<\/p>\n\n\n\n<p>Il a travaill\u00e9 comme th\u00e9rapeute respiratoire pendant\nquatre ans avant de changer d\u2019orientation.<\/p>\n\n\n\n<p>\u00ab&nbsp;J\u2019aime beaucoup prendre soin des autres et je\ntire une grande fiert\u00e9 du fait que mes patients sont bien soign\u00e9s. J\u2019aimais\naider les autres et, pour moi, l\u2019immobilier \u00e9tait une merveilleuse fa\u00e7on\nd\u2019aider des clients dans un contexte que je pouvais mieux ma\u00eetriser&nbsp;\u00bb,\npr\u00e9cise-t-il.<\/p>\n\n\n\n<p>Il s\u2019est joint \u00e0 The Royle Group avec Century 21 \u00e0\nBelleville il y a plus d\u2019un an. <\/p>\n\n\n\n<p>\u00ab&nbsp;Je savais, en raison de mon exp\u00e9rience m\u00e9dicale\net mon travail au sein d\u2019une \u00e9quipe bien soud\u00e9e, que je souhaitais avoir le\nm\u00eame soutien dans le domaine de l\u2019immobilier, et c\u2019est pourquoi je me suis\nimm\u00e9diatement associ\u00e9 \u00e0 The Royle Group&nbsp;\u00bb, pr\u00e9cise M.&nbsp;Goheen.<\/p>\n\n\n\n<p>Heureux en immobilier, M.&nbsp;Goheen a c\u00e9d\u00e9 son\npermis d\u2019exercice en tant que th\u00e9rapeute respiratoire en f\u00e9vrier&nbsp;2020.<\/p>\n\n\n\n<p>Deux semaines plus tard, la pand\u00e9mie de la COVID-19 a\nbalay\u00e9 le Canada et, peu apr\u00e8s, l\u2019Ordre des th\u00e9rapeutes respiratoires de\nl\u2019Ontario a lanc\u00e9 un appel \u00e0 ses anciens membres afin de les inciter \u00e0 revenir\nau travail et de participer \u00e0 la lutte contre cette maladie respiratoire.<\/p>\n\n\n\n<p>\u00ab&nbsp;Je n\u2019ai pas h\u00e9sit\u00e9 \u00e0 r\u00e9pondre \u00e0 l\u2019appel. J\u2019ai\nentam\u00e9 imm\u00e9diatement le processus pour reprendre mon permis et pour trouver un\nh\u00f4pital ayant besoin de mes services&nbsp;\u00bb, explique M.&nbsp;Goheen. Il\ntravaille maintenant au QHC Belleville General Hospital. <\/p>\n\n\n\n<p>\u00ab&nbsp;C\u2019est un merveilleux \u00e9tablissement et je ne\npourrai jamais assez remercier les membres du personnel de leur accueil au sein\nde l\u2019\u00e9quipe!&nbsp;\u00bb, dit-il.<\/p>\n\n\n\n<p>Dans les comt\u00e9s de Hastings et Prince Edward, o\u00f9 se situe l\u2019h\u00f4pital, on compte 42\u00a0cas confirm\u00e9s, ce qui est relativement bas, et 182\u00a0cas probables (<a href=\"https:\/\/hpepublichealth.ca\/covid-19-cases\/\" target=\"_blank\" rel=\"noreferrer noopener\" aria-label=\" (opens in a new tab)\">au 13\u00a0mai\u00a02020<\/a>).<\/p>\n\n\n\n<p>\u00ab&nbsp;Offrir des soins de premi\u00e8re ligne \u00e0 Belleville\nest int\u00e9ressant, pr\u00e9cise M.&nbsp;Goheen. Nous traitons les patients comme s\u2019ils\navaient le virus jusqu\u2019\u00e0 ce que l\u2019on puisse prouver le contraire. Nous faisons\ndonc preuve d\u2019une grande vigilance, et j\u2019en suis heureux. Toutes ces mesures\nnous donnent l\u2019impression d\u2019\u00eatre au c\u0153ur de la pand\u00e9mie, alors qu\u2019en r\u00e9alit\u00e9,\nnous n\u2019avons pas \u00e9t\u00e9 gravement touch\u00e9s.&nbsp;\u00bb<\/p>\n\n\n\n<p>\u00ab&nbsp;Je ne changerais rien. Je suis tr\u00e8s fier du\npersonnel. Je me sens \u00e0 l\u2019aise de me rendre au travail et de pr\u00eater main\u2011forte\ndans un environnement s\u00e9curitaire.&nbsp;\u00bb<\/p>\n\n\n\n<p>Connaissez-vous\nun courtier ou un agent qui contribue \u00e0 sa fa\u00e7on pour lutter contre la pand\u00e9mie?\nFaites-nous en part dans les commentaires ci-dessous.<\/p>\n","protected":false},"excerpt":{"rendered":"<p>Alors que le coronavirus (COVID-19) se propage rapidement \u00e0 l\u2019\u00e9chelle mondiale, infectant des millions et tuant des milliers de personnes, Ben\u00a0Goheen, agent immobilier membre de L\u2019Association canadienne de l\u2019immeuble (ACI) n\u2019a pas h\u00e9sit\u00e9 \u00e0 se joindre aux services de sant\u00e9 de premi\u00e8re ligne. M.&nbsp;Goheen, un agent de Belleville, en Ontario, savait que reprendre sa carri\u00e8re &hellip; <a href=\"https:\/\/archive.cafe.crea.ca\/fr\/ben-goheen-agent-immobilier-reprend-son-travail-de-therapeute-respiratoire-pour-lutter-contre-la-covid-19\/\" class=\"more-link\">Continue reading <span class=\"screen-reader-text\">Ben Goheen, agent immobilier, reprend son travail de th\u00e9rapeute respiratoire pour lutter contre la COVID-19<\/span><\/a><\/p>\n","protected":false},"author":123,"featured_media":34694,"comment_status":"open","ping_status":"open","sticky":false,"template":"","format":"standard","meta":{"footnotes":""},"categories":[2372],"tags":[2377],"coauthors":[2383],"class_list":["post-34696","post","type-post","status-publish","format-standard","has-post-thumbnail","hentry","category-divers","tag-sidebar-fr"],"aioseo_notices":[],"_links":{"self":[{"href":"https:\/\/archive.cafe.crea.ca\/fr\/wp-json\/wp\/v2\/posts\/34696"}],"collection":[{"href":"https:\/\/archive.cafe.crea.ca\/fr\/wp-json\/wp\/v2\/posts"}],"about":[{"href":"https:\/\/archive.cafe.crea.ca\/fr\/wp-json\/wp\/v2\/types\/post"}],"author":[{"embeddable":true,"href":"https:\/\/archive.cafe.crea.ca\/fr\/wp-json\/wp\/v2\/users\/123"}],"replies":[{"embeddable":true,"href":"https:\/\/archive.cafe.crea.ca\/fr\/wp-json\/wp\/v2\/comments?post=34696"}],"version-history":[{"count":1,"href":"https:\/\/archive.cafe.crea.ca\/fr\/wp-json\/wp\/v2\/posts\/34696\/revisions"}],"predecessor-version":[{"id":34697,"href":"https:\/\/archive.cafe.crea.ca\/fr\/wp-json\/wp\/v2\/posts\/34696\/revisions\/34697"}],"wp:featuredmedia":[{"embeddable":true,"href":"https:\/\/archive.cafe.crea.ca\/fr\/wp-json\/wp\/v2\/media\/34694"}],"wp:attachment":[{"href":"https:\/\/archive.cafe.crea.ca\/fr\/wp-json\/wp\/v2\/media?parent=34696"}],"wp:term":[{"taxonomy":"category","embeddable":true,"href":"https:\/\/archive.cafe.crea.ca\/fr\/wp-json\/wp\/v2\/categories?post=34696"},{"taxonomy":"post_tag","embeddable":true,"href":"https:\/\/archive.cafe.crea.ca\/fr\/wp-json\/wp\/v2\/tags?post=34696"},{"taxonomy":"author","embeddable":true,"href":"https:\/\/archive.cafe.crea.ca\/fr\/wp-json\/wp\/v2\/coauthors?post=34696"}],"curies":[{"name":"wp","href":"https:\/\/api.w.org\/{rel}","templated":true}]}}