{"id":34642,"date":"2020-05-22T13:28:06","date_gmt":"2020-05-22T17:28:06","guid":{"rendered":"https:\/\/archive.cafe.crea.ca\/?p=34642"},"modified":"2020-05-22T13:28:08","modified_gmt":"2020-05-22T17:28:08","slug":"decouvrez-a-quoi-ressemblera-limmobilier-post-covid-19","status":"publish","type":"post","link":"https:\/\/archive.cafe.crea.ca\/fr\/decouvrez-a-quoi-ressemblera-limmobilier-post-covid-19\/","title":{"rendered":"D\u00e9couvrez \u00e0 quoi ressemblera l\u2019immobilier post-COVID-19"},"content":{"rendered":"\n<p><em>Nous traversons une p\u00e9riode sans pr\u00e9c\u00e9dent. La propagation de la COVID-19 touche maintenant le monde entier et produira des effets \u00e0 long terme que nous ne pouvons pas encore pr\u00e9voir.<\/em><\/p>\n\n\n\n<p><em>Bien que cette r\u00e9alit\u00e9 p\u00e8se sur l\u2019esprit de millions de personnes, il est important de d\u00e9tourner de temps en temps notre attention des nouvelles du monde, m\u00eame si ce n\u2019est que pour quelques minutes.<\/em><\/p>\n\n\n\n<p><em>Nous avons r\u00e9dig\u00e9 cette \u00e9dition des Saveurs de la semaine dans l\u2019espoir de vous aider \u00e0 retrouver le sourire et de vous rappeler qu\u2019il existe toujours un c\u00f4t\u00e9 amusant \u00e0 l\u2019immobilier.<\/em><\/p>\n\n\n\n<p><em>Bonne lecture!<\/em><\/p>\n\n\n\n<p>Les conseils de la semaine\u00a0: <a rel=\"noreferrer noopener\" aria-label=\" (opens in a new tab)\" href=\"https:\/\/www.lesoleil.com\/maison\/six-bonnes-habitudes-a-garder-apres-le-confinement-4186958722246e9726d0e24eba1c8862\" target=\"_blank\">six bonnes habitudes \u00e0 garder apr\u00e8s le confinement<\/a>; les <a rel=\"noreferrer noopener\" aria-label=\" (opens in a new tab)\" href=\"https:\/\/www.lesoleil.com\/maison\/les-secrets-de-culture-de-trois-legumes-populaires-63ec6dd48e3414b8a27e61ad513ba443\" target=\"_blank\">secrets de culture de trois l\u00e9gumes populaires<\/a>; de <a rel=\"noreferrer noopener\" aria-label=\" (opens in a new tab)\" href=\"https:\/\/www.lesoleil.com\/maison\/construction-de-plus-en-plus-de-produits-bien-faits-ici-05a9d2dd346873db964e732749a8a3c4\" target=\"_blank\">plus en plus de produits\u00a0 \u00ab\u00a0bien faits ici\u00a0\u00bb<\/a>; <a href=\"https:\/\/www.lapresse.ca\/maison\/cour-et-jardin\/202005\/06\/01-5272444-mutualisme-au-potager.php\">mutualisme au potager<\/a>; <a rel=\"noreferrer noopener\" aria-label=\" (opens in a new tab)\" href=\"https:\/\/www.lapresse.ca\/maison\/cour-et-jardin\/202005\/12\/01-5273278-jardinage-cultiver-linusite.php\" target=\"_blank\">jardinage\u00a0: cultiver l\u2019inusit\u00e9<\/a>; la <a rel=\"noreferrer noopener\" aria-label=\" (opens in a new tab)\" href=\"https:\/\/www.lapresse.ca\/maison\/cour-et-jardin\/202005\/15\/01-5273728-la-saison-du-jardinage-est-lancee.php\" target=\"_blank\">saison du jardinage est lanc\u00e9e<\/a>; les <a rel=\"noreferrer noopener\" aria-label=\" (opens in a new tab)\" href=\"https:\/\/www.lapresse.ca\/maison\/immobilier\/202005\/15\/01-5273726-les-week-ends-visites-libres-reportes-a-lautomne.php\" target=\"_blank\">Week-ends visite libres report\u00e9s \u00e0 l\u2019automne<\/a>; une <a rel=\"noreferrer noopener\" aria-label=\" (opens in a new tab)\" href=\"https:\/\/www.journaldemontreal.com\/2020\/05\/21\/une-nouvelle-collection-de-papier-peint-signee-mc-marquis\" target=\"_blank\">nouvelle collection de papiers peints sign\u00e9e MC Marquis, 100% fabriqu\u00e9s ici<\/a>; et <a href=\"https:\/\/www.journaldemontreal.com\/2020\/05\/20\/six-mois-pour-renover-une-cuisine\" target=\"_blank\" rel=\"noreferrer noopener\" aria-label=\" (opens in a new tab)\">six mois pour r\u00e9nover une cuisine<\/a><\/p>\n\n\n\n<p><em>Le Journal de Montr\u00e9al<\/em> offre un <a href=\"https:\/\/www.journaldemontreal.com\/2020\/05\/21\/permis-ou-interdit-ouvert-ou-ferme-un-guide-pratique-pour-sy-retrouver-1\" target=\"_blank\" rel=\"noreferrer noopener\" aria-label=\" (opens in a new tab)\">petit guide pratique pour trouver ce qui est permis ou interdit, ou encore ouvert ou ferm\u00e9<\/a>.<\/p>\n\n\n\n<p>St\u00e9phanie Grammond de <em>La Presse<\/em> d\u00e9crit <a rel=\"noreferrer noopener\" aria-label=\" (opens in a new tab)\" href=\"https:\/\/www.lapresse.ca\/affaires\/economie\/202005\/16\/01-5273890-a-quoi-ressemblera-limmobilier-post-covid-19.php\" target=\"_blank\">\u00e0 quoi ressemblera l\u2019immobilier post-COVID-19<\/a> tandis que Marie-Claude Lortie demande si <a href=\"https:\/\/www.lapresse.ca\/affaires\/202005\/19\/01-5274231-le-virus-permettra-t-il-de-magasiner-en-paix.php\" target=\"_blank\" rel=\"noreferrer noopener\" aria-label=\" (opens in a new tab)\">le virus nous permettra de magasiner en paix<\/a>.<\/p>\n\n\n\n<p><em>Le Parisien<\/em> souligne que <a href=\"http:\/\/www.leparisien.fr\/societe\/limite-de-100-km-demenagement-achat-et-location-d-un-bien-immobilier-ajoutes-a-la-liste-des-exceptions-21-05-2020-8320992.php\" target=\"_blank\" rel=\"noreferrer noopener\" aria-label=\" (opens in a new tab)\">les Fran\u00e7ais sont maintenant limit\u00e9s \u00e0 100\u00a0km\u00a0: d\u00e9m\u00e9nagement, achat ou location d\u2019un bien immobilier<\/a>.<\/p>\n\n\n\n<p>En Belgique, la RTBF note que <a rel=\"noreferrer noopener\" aria-label=\" (opens in a new tab)\" href=\"https:\/\/www.rtbf.be\/info\/belgique\/detail_le-marche-immobilier-belge-s-envole-apres-2-mois-de-confinement?id=10506204\" target=\"_blank\">le march\u00e9 immobilier belge s&rsquo;envole apr\u00e8s deux mois de confinement<\/a> et que le <a href=\"https:\/\/www.lalibre.be\/economie\/immo\/desormais-les-acheteurs-privilegient-la-nature-a-l-accessibilite-routiere-5ec50b07d8ad581c5408007d\" target=\"_blank\" rel=\"noreferrer noopener\" aria-label=\" (opens in a new tab)\">confinement laisse des traces sur l&rsquo;immobilier<\/a>.<\/p>\n\n\n\n<p><em>MySweet\u2019Immo<\/em> discute <a rel=\"noreferrer noopener\" aria-label=\" (opens in a new tab)\" href=\"https:\/\/www.mysweetimmo.com\/2020\/05\/21\/covid-19-et-immobilier-deconfine-le-jour-dapres-et-les-methodes-de-vente-daujourdhui\/\" target=\"_blank\">du jour apr\u00e8s le d\u00e9confinement et des m\u00e9thodes de vente d\u2019aujourd\u2019hui<\/a> et annonce que <a href=\"https:\/\/www.mysweetimmo.com\/2020\/05\/17\/demenagement-64-des-professionnels-du-secteur-sattendent-a-une-haute-saison-plus-intense\/\" target=\"_blank\" rel=\"noreferrer noopener\" aria-label=\" (opens in a new tab)\">64\u00a0% des professionnels du secteur du d\u00e9m\u00e9nagement en France s\u2019attendent \u00e0 une haute saison plus intense<\/a>.<\/p>\n\n\n\n<p><em>La Vie Immo<\/em> raconte que <a rel=\"noreferrer noopener\" aria-label=\" (opens in a new tab)\" href=\"https:\/\/www.lavieimmo.com\/divers-immobilier\/les-francais-revent-devant-les-annonces-airbnb-pour-les-vacances-d-ete-mais-ne-reservent-pas-encore-48634.html\" target=\"_blank\">les Fran\u00e7ais r\u00eavent devant les annonces Airbnb pour les vacances<\/a> et que <a href=\"https:\/\/www.lavieimmo.com\/immobilier-international\/la-colere-des-allemands-prives-de-leur-residence-secondaire-a-majorque-48636.html\" target=\"_blank\" rel=\"noreferrer noopener\" aria-label=\" (opens in a new tab)\">les Allemands sont en col\u00e8re d\u2019\u00eatre priv\u00e9s de leurs r\u00e9sidences secondaires \u00e0 Majorque<\/a>.<\/p>\n\n\n\n<p>\u00c0 la\nsemaine prochaine!<\/p>\n","protected":false},"excerpt":{"rendered":"<p>Nous traversons une p\u00e9riode sans pr\u00e9c\u00e9dent. La propagation de la COVID-19 touche maintenant le monde entier et produira des effets \u00e0 long terme que nous ne pouvons pas encore pr\u00e9voir. Bien que cette r\u00e9alit\u00e9 p\u00e8se sur l\u2019esprit de millions de personnes, il est important de d\u00e9tourner de temps en temps notre attention des nouvelles du &hellip; <a href=\"https:\/\/archive.cafe.crea.ca\/fr\/decouvrez-a-quoi-ressemblera-limmobilier-post-covid-19\/\" class=\"more-link\">Continue reading <span class=\"screen-reader-text\">D\u00e9couvrez \u00e0 quoi ressemblera l\u2019immobilier post-COVID-19<\/span><\/a><\/p>\n","protected":false},"author":24,"featured_media":34643,"comment_status":"open","ping_status":"open","sticky":false,"template":"","format":"standard","meta":{"footnotes":""},"categories":[2372],"tags":[],"coauthors":[2157],"class_list":["post-34642","post","type-post","status-publish","format-standard","has-post-thumbnail","hentry","category-divers"],"aioseo_notices":[],"_links":{"self":[{"href":"https:\/\/archive.cafe.crea.ca\/fr\/wp-json\/wp\/v2\/posts\/34642"}],"collection":[{"href":"https:\/\/archive.cafe.crea.ca\/fr\/wp-json\/wp\/v2\/posts"}],"about":[{"href":"https:\/\/archive.cafe.crea.ca\/fr\/wp-json\/wp\/v2\/types\/post"}],"author":[{"embeddable":true,"href":"https:\/\/archive.cafe.crea.ca\/fr\/wp-json\/wp\/v2\/users\/24"}],"replies":[{"embeddable":true,"href":"https:\/\/archive.cafe.crea.ca\/fr\/wp-json\/wp\/v2\/comments?post=34642"}],"version-history":[{"count":1,"href":"https:\/\/archive.cafe.crea.ca\/fr\/wp-json\/wp\/v2\/posts\/34642\/revisions"}],"predecessor-version":[{"id":34647,"href":"https:\/\/archive.cafe.crea.ca\/fr\/wp-json\/wp\/v2\/posts\/34642\/revisions\/34647"}],"wp:featuredmedia":[{"embeddable":true,"href":"https:\/\/archive.cafe.crea.ca\/fr\/wp-json\/wp\/v2\/media\/34643"}],"wp:attachment":[{"href":"https:\/\/archive.cafe.crea.ca\/fr\/wp-json\/wp\/v2\/media?parent=34642"}],"wp:term":[{"taxonomy":"category","embeddable":true,"href":"https:\/\/archive.cafe.crea.ca\/fr\/wp-json\/wp\/v2\/categories?post=34642"},{"taxonomy":"post_tag","embeddable":true,"href":"https:\/\/archive.cafe.crea.ca\/fr\/wp-json\/wp\/v2\/tags?post=34642"},{"taxonomy":"author","embeddable":true,"href":"https:\/\/archive.cafe.crea.ca\/fr\/wp-json\/wp\/v2\/coauthors?post=34642"}],"curies":[{"name":"wp","href":"https:\/\/api.w.org\/{rel}","templated":true}]}}